{"id":23357,"date":"2025-06-17T10:40:16","date_gmt":"2025-06-17T10:40:16","guid":{"rendered":"https:\/\/www.focus.cat\/?p=23357"},"modified":"2025-06-17T10:40:16","modified_gmt":"2025-06-17T10:40:16","slug":"germans-de-sang-desvela-su-reparto","status":"publish","type":"post","link":"https:\/\/www.focus.cat\/es\/germans-de-sang-desvela-su-reparto\/","title":{"rendered":"Germans de sang desvela su reparto"},"content":{"rendered":"<p>En un acto celebrado en la Casa SEAT se ha presentado el reparto del gran musical de la pr\u00f3xima temporada, Germans de sang, que podr\u00e1 verse a partir de diciembre en el Teatre Condal.<\/p>\n<p>Germans de sang es una producci\u00f3n de Focus escrita por Willy Russell y con direcci\u00f3n de Daniel Angl\u00e8s, direcci\u00f3n coreogr\u00e1fica de Ariadna Peya y direcci\u00f3n musical de Andreu Gall\u00e9n.<\/p>\n<p>Germans de sang es, sin duda, el gran musical de la temporada teatral 2025-26, y un musical tan m\u00edtico merec\u00eda un reparto a la altura.<\/p>\n<p>Y elegirlo no ha sido nada f\u00e1cil.<\/p>\n<p>El anuncio del casting provoc\u00f3 una respuesta clamorosa. Se recibieron m\u00e1s de 1.000 solicitudes, de las cuales se audicionaron 130 personas en pruebas que implicaban un alt\u00edsimo nivel de danza, canto e interpretaci\u00f3n&#8230; Todo ello hasta conformar los 19 int\u00e9rpretes que constituyen este magn\u00edfico elenco.<\/p>\n<p>El reparto que se ha presentado est\u00e1 compuesto tanto por figuras de amplia y reconocida trayectoria como por j\u00f3venes promesas que destacan con fuerza sobre nuestros escenarios, con el objetivo de ofrecer al p\u00fablico una versi\u00f3n moderna y actual de este cl\u00e1sico contempor\u00e1neo.<\/p>\n<p>El reparto est\u00e1 encabezado por Mariona Castillo, que interpretar\u00e1 el papel de la Sra. Johnstone, Triquell en el papel de Narrador, Albert Salazar ser\u00e1 Mickey, Roc Bernad\u00ed ser\u00e1 Eddie y Tai Fati interpretar\u00e1 el papel de Linda.<\/p>\n<p>Otros personajes principales del espect\u00e1culo estar\u00e1n interpretados por Luc\u00eda Torres, que dar\u00e1 vida a la Sra. Lyons, Toni Vinyals quien ser\u00e1 el Sr. Lyons y Cisco Cruz, quien interpretar\u00e1 el papel de Sammy. Xavi Navarro ser\u00e1 el encargado de ser el Narrador alternante.<\/p>\n<p>El elenco del espect\u00e1culo estar\u00e1 formado por un joven y talentoso grupo de int\u00e9rpretes: Aleix Colomer, Elena Escorcia, Joan Mas, Carla Piz\u00e1n, Guillem Ripoll, Pol Rosell\u00f3, J\u00falia Sanz, Ferran Soler, Meritxell Val\u00e8ncia y Aran V\u00e1zquez.<\/p>\n<p>Germans de sang podr\u00e1 verse en el Teatre Condal a partir del 13 de diciembre de 2025.<\/p>\n<p><img decoding=\"async\" class=\"wp-image-23259 aligncenter\" src=\"https:\/\/www.focus.cat\/wp-content\/uploads\/2025\/06\/061_Presentacio-Germans-de-Sang_250611-10176w-1124x748.jpg\" alt=\"\" width=\"608\" height=\"405\" srcset=\"https:\/\/www.focus.cat\/wp-content\/uploads\/2025\/06\/061_Presentacio-Germans-de-Sang_250611-10176w-1124x748.jpg 1124w, https:\/\/www.focus.cat\/wp-content\/uploads\/2025\/06\/061_Presentacio-Germans-de-Sang_250611-10176w-300x200.jpg 300w, https:\/\/www.focus.cat\/wp-content\/uploads\/2025\/06\/061_Presentacio-Germans-de-Sang_250611-10176w-150x100.jpg 150w, https:\/\/www.focus.cat\/wp-content\/uploads\/2025\/06\/061_Presentacio-Germans-de-Sang_250611-10176w-800x532.jpg 800w, https:\/\/www.focus.cat\/wp-content\/uploads\/2025\/06\/061_Presentacio-Germans-de-Sang_250611-10176w-1536x1022.jpg 1536w, https:\/\/www.focus.cat\/wp-content\/uploads\/2025\/06\/061_Presentacio-Germans-de-Sang_250611-10176w-1500x998.jpg 1500w, https:\/\/www.focus.cat\/wp-content\/uploads\/2025\/06\/061_Presentacio-Germans-de-Sang_250611-10176w.jpg 2048w\" sizes=\"(max-width: 608px) 100vw, 608px\" \/><\/p>\n","protected":false},"excerpt":{"rendered":"<p>En un acto celebrado en la Casa SEAT se ha presentado el reparto del gran musical de la pr\u00f3xima temporada, Germans de sang, que podr\u00e1 verse a partir de diciembre en el Teatre Condal. Germans de sang es una producci\u00f3n de Focus escrita por Willy Russell y con direcci\u00f3n de Daniel Angl\u00e8s, direcci\u00f3n coreogr\u00e1fica de<a class=\"excerpt-read-more\" href=\"https:\/\/www.focus.cat\/es\/germans-de-sang-desvela-su-reparto\/\" title=\"LlegeixGermans de sang desvela su reparto\"> &#8230; Llegeix m\u00e9s<\/a><\/p>\n","protected":false},"author":15,"featured_media":23355,"comment_status":"closed","ping_status":"closed","sticky":false,"template":"","format":"standard","meta":{"_acf_changed":false,"inline_featured_image":false,"footnotes":""},"categories":[4],"class_list":["post-23357","post","type-post","status-publish","format-standard","has-post-thumbnail","hentry","category-noticias"],"acf":[],"yoast_head":"<!-- This site is optimized with the Yoast SEO plugin v27.4 - https:\/\/yoast.com\/product\/yoast-seo-wordpress\/ -->\n<title>Germans de sang desvela su reparto - Focus<\/title>\n<meta name=\"robots\" content=\"index, follow, max-snippet:-1, max-image-preview:large, max-video-preview:-1\" \/>\n<link rel=\"canonical\" href=\"https:\/\/www.focus.cat\/germans-de-sang-desvela-su-reparto\/\" \/>\n<meta property=\"og:locale\" content=\"ca_ES\" \/>\n<meta property=\"og:type\" content=\"article\" \/>\n<meta property=\"og:title\" content=\"Germans de sang desvela su reparto - Focus\" \/>\n<meta property=\"og:description\" content=\"En un acto celebrado en la Casa SEAT se ha presentado el reparto del gran musical de la pr\u00f3xima temporada, Germans de sang, que podr\u00e1 verse a partir de diciembre en el Teatre Condal. Germans de sang es una producci\u00f3n de Focus escrita por Willy Russell y con direcci\u00f3n de Daniel Angl\u00e8s, direcci\u00f3n coreogr\u00e1fica de ... Llegeix m\u00e9s\" \/>\n<meta property=\"og:url\" content=\"https:\/\/www.focus.cat\/es\/germans-de-sang-desvela-su-reparto\/\" \/>\n<meta property=\"og:site_name\" content=\"Focus\" \/>\n<meta property=\"article:published_time\" content=\"2025-06-17T10:40:16+00:00\" \/>\n<meta property=\"og:image\" content=\"https:\/\/www.focus.cat\/wp-content\/uploads\/2025\/06\/QUADRAT-WEB-FOCUS-1.png\" \/>\n\t<meta property=\"og:image:width\" content=\"1080\" \/>\n\t<meta property=\"og:image:height\" content=\"1080\" \/>\n\t<meta property=\"og:image:type\" content=\"image\/png\" \/>\n<meta name=\"author\" content=\"Suport Digital\" \/>\n<meta name=\"twitter:card\" content=\"summary_large_image\" \/>\n<script type=\"application\/ld+json\" class=\"yoast-schema-graph\">{\"@context\":\"https:\\\/\\\/schema.org\",\"@graph\":[{\"@type\":\"Article\",\"@id\":\"https:\\\/\\\/www.focus.cat\\\/es\\\/germans-de-sang-desvela-su-reparto\\\/#article\",\"isPartOf\":{\"@id\":\"https:\\\/\\\/www.focus.cat\\\/es\\\/germans-de-sang-desvela-su-reparto\\\/\"},\"author\":{\"name\":\"Suport Digital\",\"@id\":\"https:\\\/\\\/www.focus.cat\\\/#\\\/schema\\\/person\\\/caae89e91020f6f4091f528af5ee5e71\"},\"headline\":\"Germans de sang desvela su reparto\",\"datePublished\":\"2025-06-17T10:40:16+00:00\",\"mainEntityOfPage\":{\"@id\":\"https:\\\/\\\/www.focus.cat\\\/es\\\/germans-de-sang-desvela-su-reparto\\\/\"},\"wordCount\":346,\"publisher\":{\"@id\":\"https:\\\/\\\/www.focus.cat\\\/#organization\"},\"image\":{\"@id\":\"https:\\\/\\\/www.focus.cat\\\/es\\\/germans-de-sang-desvela-su-reparto\\\/#primaryimage\"},\"thumbnailUrl\":\"https:\\\/\\\/www.focus.cat\\\/wp-content\\\/uploads\\\/2025\\\/06\\\/QUADRAT-WEB-FOCUS-1.png\",\"articleSection\":[\"Noticias\"],\"inLanguage\":\"ca\"},{\"@type\":\"WebPage\",\"@id\":\"https:\\\/\\\/www.focus.cat\\\/es\\\/germans-de-sang-desvela-su-reparto\\\/\",\"url\":\"https:\\\/\\\/www.focus.cat\\\/es\\\/germans-de-sang-desvela-su-reparto\\\/\",\"name\":\"Germans de sang desvela su reparto - Focus\",\"isPartOf\":{\"@id\":\"https:\\\/\\\/www.focus.cat\\\/#website\"},\"primaryImageOfPage\":{\"@id\":\"https:\\\/\\\/www.focus.cat\\\/es\\\/germans-de-sang-desvela-su-reparto\\\/#primaryimage\"},\"image\":{\"@id\":\"https:\\\/\\\/www.focus.cat\\\/es\\\/germans-de-sang-desvela-su-reparto\\\/#primaryimage\"},\"thumbnailUrl\":\"https:\\\/\\\/www.focus.cat\\\/wp-content\\\/uploads\\\/2025\\\/06\\\/QUADRAT-WEB-FOCUS-1.png\",\"datePublished\":\"2025-06-17T10:40:16+00:00\",\"inLanguage\":\"ca\",\"potentialAction\":[{\"@type\":\"ReadAction\",\"target\":[\"https:\\\/\\\/www.focus.cat\\\/es\\\/germans-de-sang-desvela-su-reparto\\\/\"]}]},{\"@type\":\"ImageObject\",\"inLanguage\":\"ca\",\"@id\":\"https:\\\/\\\/www.focus.cat\\\/es\\\/germans-de-sang-desvela-su-reparto\\\/#primaryimage\",\"url\":\"https:\\\/\\\/www.focus.cat\\\/wp-content\\\/uploads\\\/2025\\\/06\\\/QUADRAT-WEB-FOCUS-1.png\",\"contentUrl\":\"https:\\\/\\\/www.focus.cat\\\/wp-content\\\/uploads\\\/2025\\\/06\\\/QUADRAT-WEB-FOCUS-1.png\",\"width\":1080,\"height\":1080},{\"@type\":\"WebSite\",\"@id\":\"https:\\\/\\\/www.focus.cat\\\/#website\",\"url\":\"https:\\\/\\\/www.focus.cat\\\/\",\"name\":\"Focus\",\"description\":\"\",\"publisher\":{\"@id\":\"https:\\\/\\\/www.focus.cat\\\/#organization\"},\"potentialAction\":[{\"@type\":\"SearchAction\",\"target\":{\"@type\":\"EntryPoint\",\"urlTemplate\":\"https:\\\/\\\/www.focus.cat\\\/?s={search_term_string}\"},\"query-input\":{\"@type\":\"PropertyValueSpecification\",\"valueRequired\":true,\"valueName\":\"search_term_string\"}}],\"inLanguage\":\"ca\"},{\"@type\":\"Organization\",\"@id\":\"https:\\\/\\\/www.focus.cat\\\/#organization\",\"name\":\"Focus\",\"url\":\"https:\\\/\\\/www.focus.cat\\\/\",\"logo\":{\"@type\":\"ImageObject\",\"inLanguage\":\"ca\",\"@id\":\"https:\\\/\\\/www.focus.cat\\\/#\\\/schema\\\/logo\\\/image\\\/\",\"url\":\"https:\\\/\\\/www.focus.cat\\\/wp-content\\\/uploads\\\/2022\\\/01\\\/logo-focus-any-35.svg\",\"contentUrl\":\"https:\\\/\\\/www.focus.cat\\\/wp-content\\\/uploads\\\/2022\\\/01\\\/logo-focus-any-35.svg\",\"width\":1,\"height\":1,\"caption\":\"Focus\"},\"image\":{\"@id\":\"https:\\\/\\\/www.focus.cat\\\/#\\\/schema\\\/logo\\\/image\\\/\"}},{\"@type\":\"Person\",\"@id\":\"https:\\\/\\\/www.focus.cat\\\/#\\\/schema\\\/person\\\/caae89e91020f6f4091f528af5ee5e71\",\"name\":\"Suport Digital\",\"image\":{\"@type\":\"ImageObject\",\"inLanguage\":\"ca\",\"@id\":\"https:\\\/\\\/secure.gravatar.com\\\/avatar\\\/dd41dbc903aea1c8ca8c21ad68c0e0693be9f8c724f44cf11598395a9d1a039e?s=96&d=mm&r=g\",\"url\":\"https:\\\/\\\/secure.gravatar.com\\\/avatar\\\/dd41dbc903aea1c8ca8c21ad68c0e0693be9f8c724f44cf11598395a9d1a039e?s=96&d=mm&r=g\",\"contentUrl\":\"https:\\\/\\\/secure.gravatar.com\\\/avatar\\\/dd41dbc903aea1c8ca8c21ad68c0e0693be9f8c724f44cf11598395a9d1a039e?s=96&d=mm&r=g\",\"caption\":\"Suport Digital\"},\"url\":\"https:\\\/\\\/www.focus.cat\\\/author\\\/suport-digital\\\/\"}]}<\/script>\n<!-- \/ Yoast SEO plugin. -->","yoast_head_json":{"title":"Germans de sang desvela su reparto - Focus","robots":{"index":"index","follow":"follow","max-snippet":"max-snippet:-1","max-image-preview":"max-image-preview:large","max-video-preview":"max-video-preview:-1"},"canonical":"https:\/\/www.focus.cat\/germans-de-sang-desvela-su-reparto\/","og_locale":"ca_ES","og_type":"article","og_title":"Germans de sang desvela su reparto - Focus","og_description":"En un acto celebrado en la Casa SEAT se ha presentado el reparto del gran musical de la pr\u00f3xima temporada, Germans de sang, que podr\u00e1 verse a partir de diciembre en el Teatre Condal. Germans de sang es una producci\u00f3n de Focus escrita por Willy Russell y con direcci\u00f3n de Daniel Angl\u00e8s, direcci\u00f3n coreogr\u00e1fica de ... Llegeix m\u00e9s","og_url":"https:\/\/www.focus.cat\/es\/germans-de-sang-desvela-su-reparto\/","og_site_name":"Focus","article_published_time":"2025-06-17T10:40:16+00:00","og_image":[{"width":1080,"height":1080,"url":"https:\/\/www.focus.cat\/wp-content\/uploads\/2025\/06\/QUADRAT-WEB-FOCUS-1.png","type":"image\/png"}],"author":"Suport Digital","twitter_card":"summary_large_image","schema":{"@context":"https:\/\/schema.org","@graph":[{"@type":"Article","@id":"https:\/\/www.focus.cat\/es\/germans-de-sang-desvela-su-reparto\/#article","isPartOf":{"@id":"https:\/\/www.focus.cat\/es\/germans-de-sang-desvela-su-reparto\/"},"author":{"name":"Suport Digital","@id":"https:\/\/www.focus.cat\/#\/schema\/person\/caae89e91020f6f4091f528af5ee5e71"},"headline":"Germans de sang desvela su reparto","datePublished":"2025-06-17T10:40:16+00:00","mainEntityOfPage":{"@id":"https:\/\/www.focus.cat\/es\/germans-de-sang-desvela-su-reparto\/"},"wordCount":346,"publisher":{"@id":"https:\/\/www.focus.cat\/#organization"},"image":{"@id":"https:\/\/www.focus.cat\/es\/germans-de-sang-desvela-su-reparto\/#primaryimage"},"thumbnailUrl":"https:\/\/www.focus.cat\/wp-content\/uploads\/2025\/06\/QUADRAT-WEB-FOCUS-1.png","articleSection":["Noticias"],"inLanguage":"ca"},{"@type":"WebPage","@id":"https:\/\/www.focus.cat\/es\/germans-de-sang-desvela-su-reparto\/","url":"https:\/\/www.focus.cat\/es\/germans-de-sang-desvela-su-reparto\/","name":"Germans de sang desvela su reparto - Focus","isPartOf":{"@id":"https:\/\/www.focus.cat\/#website"},"primaryImageOfPage":{"@id":"https:\/\/www.focus.cat\/es\/germans-de-sang-desvela-su-reparto\/#primaryimage"},"image":{"@id":"https:\/\/www.focus.cat\/es\/germans-de-sang-desvela-su-reparto\/#primaryimage"},"thumbnailUrl":"https:\/\/www.focus.cat\/wp-content\/uploads\/2025\/06\/QUADRAT-WEB-FOCUS-1.png","datePublished":"2025-06-17T10:40:16+00:00","inLanguage":"ca","potentialAction":[{"@type":"ReadAction","target":["https:\/\/www.focus.cat\/es\/germans-de-sang-desvela-su-reparto\/"]}]},{"@type":"ImageObject","inLanguage":"ca","@id":"https:\/\/www.focus.cat\/es\/germans-de-sang-desvela-su-reparto\/#primaryimage","url":"https:\/\/www.focus.cat\/wp-content\/uploads\/2025\/06\/QUADRAT-WEB-FOCUS-1.png","contentUrl":"https:\/\/www.focus.cat\/wp-content\/uploads\/2025\/06\/QUADRAT-WEB-FOCUS-1.png","width":1080,"height":1080},{"@type":"WebSite","@id":"https:\/\/www.focus.cat\/#website","url":"https:\/\/www.focus.cat\/","name":"Focus","description":"","publisher":{"@id":"https:\/\/www.focus.cat\/#organization"},"potentialAction":[{"@type":"SearchAction","target":{"@type":"EntryPoint","urlTemplate":"https:\/\/www.focus.cat\/?s={search_term_string}"},"query-input":{"@type":"PropertyValueSpecification","valueRequired":true,"valueName":"search_term_string"}}],"inLanguage":"ca"},{"@type":"Organization","@id":"https:\/\/www.focus.cat\/#organization","name":"Focus","url":"https:\/\/www.focus.cat\/","logo":{"@type":"ImageObject","inLanguage":"ca","@id":"https:\/\/www.focus.cat\/#\/schema\/logo\/image\/","url":"https:\/\/www.focus.cat\/wp-content\/uploads\/2022\/01\/logo-focus-any-35.svg","contentUrl":"https:\/\/www.focus.cat\/wp-content\/uploads\/2022\/01\/logo-focus-any-35.svg","width":1,"height":1,"caption":"Focus"},"image":{"@id":"https:\/\/www.focus.cat\/#\/schema\/logo\/image\/"}},{"@type":"Person","@id":"https:\/\/www.focus.cat\/#\/schema\/person\/caae89e91020f6f4091f528af5ee5e71","name":"Suport Digital","image":{"@type":"ImageObject","inLanguage":"ca","@id":"https:\/\/secure.gravatar.com\/avatar\/dd41dbc903aea1c8ca8c21ad68c0e0693be9f8c724f44cf11598395a9d1a039e?s=96&d=mm&r=g","url":"https:\/\/secure.gravatar.com\/avatar\/dd41dbc903aea1c8ca8c21ad68c0e0693be9f8c724f44cf11598395a9d1a039e?s=96&d=mm&r=g","contentUrl":"https:\/\/secure.gravatar.com\/avatar\/dd41dbc903aea1c8ca8c21ad68c0e0693be9f8c724f44cf11598395a9d1a039e?s=96&d=mm&r=g","caption":"Suport Digital"},"url":"https:\/\/www.focus.cat\/author\/suport-digital\/"}]}},"_links":{"self":[{"href":"https:\/\/www.focus.cat\/wp-json\/wp\/v2\/posts\/23357","targetHints":{"allow":["GET"]}}],"collection":[{"href":"https:\/\/www.focus.cat\/wp-json\/wp\/v2\/posts"}],"about":[{"href":"https:\/\/www.focus.cat\/wp-json\/wp\/v2\/types\/post"}],"author":[{"embeddable":true,"href":"https:\/\/www.focus.cat\/wp-json\/wp\/v2\/users\/15"}],"replies":[{"embeddable":true,"href":"https:\/\/www.focus.cat\/wp-json\/wp\/v2\/comments?post=23357"}],"version-history":[{"count":0,"href":"https:\/\/www.focus.cat\/wp-json\/wp\/v2\/posts\/23357\/revisions"}],"wp:featuredmedia":[{"embeddable":true,"href":"https:\/\/www.focus.cat\/wp-json\/wp\/v2\/media\/23355"}],"wp:attachment":[{"href":"https:\/\/www.focus.cat\/wp-json\/wp\/v2\/media?parent=23357"}],"wp:term":[{"taxonomy":"category","embeddable":true,"href":"https:\/\/www.focus.cat\/wp-json\/wp\/v2\/categories?post=23357"}],"curies":[{"name":"wp","href":"https:\/\/api.w.org\/{rel}","templated":true}]}}