{"id":23408,"date":"2025-06-17T11:41:56","date_gmt":"2025-06-17T11:41:56","guid":{"rendered":"https:\/\/www.focus.cat\/?p=23408"},"modified":"2025-06-17T13:29:09","modified_gmt":"2025-06-17T13:29:09","slug":"flaix-de-tardor-bcn-el-mejor-teatro-internacional-llega-al-teatre-goya-y-a-la-villarroel","status":"publish","type":"post","link":"https:\/\/www.focus.cat\/es\/flaix-de-tardor-bcn-el-mejor-teatro-internacional-llega-al-teatre-goya-y-a-la-villarroel\/","title":{"rendered":"Flaix de tardor \u2013 BCN: el mejor teatro internacional llega al Teatre Goya y a La Villarroel"},"content":{"rendered":"<p>Este octubre, el festival Temporada Alta impulsa una nueva iniciativa en Barcelona: Flaix de tardor \u2013 BCN, una programaci\u00f3n esc\u00e9nica internacional que, del 21 de octubre al 15 de noviembre, llevar\u00e1 siete espect\u00e1culos de primer nivel a seis teatros de la ciudad, con dos citas destacadas en el <a href=\"https:\/\/www.teatregoya.cat\/es\/\"><strong>Teatre Goya<\/strong><\/a> y en <a href=\"https:\/\/www.lavillarroel.cat\/es\/\"><strong>La Villarroel<\/strong><\/a>.<\/p>\n<p><a href=\"https:\/\/www.teatregoya.cat\/es\/ex\/le-voci-di-dante\/\"><strong><em>Le voci di Dante<\/em> \u2013 Teatre Goya \u2013 21 de octubre<\/strong><\/a><\/p>\n<p><img decoding=\"async\" class=\"wp-image-23397 aligncenter\" src=\"https:\/\/www.focus.cat\/wp-content\/uploads\/2025\/06\/CARTELL-WEB-FOCUS_levocididan.jpg\" alt=\"\" width=\"350\" height=\"499\" srcset=\"https:\/\/www.focus.cat\/wp-content\/uploads\/2025\/06\/CARTELL-WEB-FOCUS_levocididan.jpg 722w, https:\/\/www.focus.cat\/wp-content\/uploads\/2025\/06\/CARTELL-WEB-FOCUS_levocididan-210x300.jpg 210w, https:\/\/www.focus.cat\/wp-content\/uploads\/2025\/06\/CARTELL-WEB-FOCUS_levocididan-150x214.jpg 150w\" sizes=\"(max-width: 350px) 100vw, 350px\" \/><\/p>\n<p>El ic\u00f3nico actor italiano <strong>Toni Servillo<\/strong>, reconocido por su intensidad interpretativa, sube al escenario del Teatre Goya con Le voci di Dante. Esta propuesta esc\u00e9nica, con dramaturgia de <strong>Giuseppe Montesano<\/strong> y producida por el <strong>Piccolo Teatro di Milano<\/strong>, ofrece una experiencia poderosa y contempor\u00e1nea basada en la <em>Divina Comedia<\/em>. Un viaje po\u00e9tico y visualmente cautivador que acerca la obra de Dante al p\u00fablico actual.<\/p>\n<p><a href=\"https:\/\/www.lavillarroel.cat\/es\/ex\/medida-por-medida\/\"><strong><em>Medida por medida (la culpa es tuya)<\/em> \u2013 La Villarroel \u2013 del 25 al 28 de octubre<\/strong><\/a><\/p>\n<p><img decoding=\"async\" class=\" wp-image-23400 aligncenter\" src=\"https:\/\/www.focus.cat\/wp-content\/uploads\/2025\/06\/CARTELL-WEB-FOCUS_medidapormedida.jpg\" alt=\"\" width=\"318\" height=\"453\" srcset=\"https:\/\/www.focus.cat\/wp-content\/uploads\/2025\/06\/CARTELL-WEB-FOCUS_medidapormedida.jpg 722w, https:\/\/www.focus.cat\/wp-content\/uploads\/2025\/06\/CARTELL-WEB-FOCUS_medidapormedida-210x300.jpg 210w, https:\/\/www.focus.cat\/wp-content\/uploads\/2025\/06\/CARTELL-WEB-FOCUS_medidapormedida-150x214.jpg 150w\" sizes=\"(max-width: 318px) 100vw, 318px\" \/><\/p>\n<p>El humor inteligente y el esp\u00edritu irreverente llegan a La Villarroel de la mano de <strong>Gabriel Cham\u00e9 Buendia<\/strong>, referente internacional del teatro f\u00edsico y el clown. Con Medida por medida (la culpa es tuya), Cham\u00e9 ofrece una revisi\u00f3n c\u00f3mica y cr\u00edtica del cl\u00e1sico de Shakespeare, desplegando una puesta en escena ingeniosa que juega con la parodia y la actualidad.<\/p>\n<p>Flaix de tardor \u2013 BCN quiere consolidarse como una nueva plataforma para acercar propuestas esc\u00e9nicas de prestigio internacional a la capital catalana. Con el apoyo institucional de la <strong>Generalitat de Catalunya<\/strong> y el <strong>Ajuntament de Barcelona<\/strong>, esta iniciativa refuerza la vocaci\u00f3n cosmopolita del panorama teatral de la ciudad, tendiendo puentes con otros grandes festivales como el Grec y ofreciendo al p\u00fablico la oportunidad de descubrir voces y miradas creativas de todo el mundo.<\/p>\n","protected":false},"excerpt":{"rendered":"<p>Este octubre, el festival Temporada Alta impulsa una nueva iniciativa en Barcelona: Flaix de tardor \u2013 BCN, una programaci\u00f3n esc\u00e9nica internacional que, del 21 de octubre al 15 de noviembre, llevar\u00e1 siete espect\u00e1culos de primer nivel a seis teatros de la ciudad, con dos citas destacadas en el Teatre Goya y en La Villarroel. Le<a class=\"excerpt-read-more\" href=\"https:\/\/www.focus.cat\/es\/flaix-de-tardor-bcn-el-mejor-teatro-internacional-llega-al-teatre-goya-y-a-la-villarroel\/\" title=\"LlegeixFlaix de tardor \u2013 BCN: el mejor teatro internacional llega al Teatre Goya y a La Villarroel\"> &#8230; Llegeix m\u00e9s<\/a><\/p>\n","protected":false},"author":15,"featured_media":23450,"comment_status":"closed","ping_status":"closed","sticky":false,"template":"","format":"standard","meta":{"_acf_changed":false,"inline_featured_image":false,"footnotes":""},"categories":[4],"class_list":["post-23408","post","type-post","status-publish","format-standard","has-post-thumbnail","hentry","category-noticias"],"acf":[],"yoast_head":"<!-- This site is optimized with the Yoast SEO plugin v27.4 - https:\/\/yoast.com\/product\/yoast-seo-wordpress\/ -->\n<title>Flaix de tardor \u2013 BCN: el mejor teatro internacional llega al Teatre Goya y a La Villarroel - Focus<\/title>\n<meta name=\"robots\" content=\"index, follow, max-snippet:-1, max-image-preview:large, max-video-preview:-1\" \/>\n<link rel=\"canonical\" href=\"https:\/\/www.focus.cat\/flaix-de-tardor-bcn-el-mejor-teatro-internacional-llega-al-teatre-goya-y-a-la-villarroel\/\" \/>\n<meta property=\"og:locale\" content=\"ca_ES\" \/>\n<meta property=\"og:type\" content=\"article\" \/>\n<meta property=\"og:title\" content=\"Flaix de tardor \u2013 BCN: el mejor teatro internacional llega al Teatre Goya y a La Villarroel - Focus\" \/>\n<meta property=\"og:description\" content=\"Este octubre, el festival Temporada Alta impulsa una nueva iniciativa en Barcelona: Flaix de tardor \u2013 BCN, una programaci\u00f3n esc\u00e9nica internacional que, del 21 de octubre al 15 de noviembre, llevar\u00e1 siete espect\u00e1culos de primer nivel a seis teatros de la ciudad, con dos citas destacadas en el Teatre Goya y en La Villarroel. Le ... Llegeix m\u00e9s\" \/>\n<meta property=\"og:url\" content=\"https:\/\/www.focus.cat\/es\/flaix-de-tardor-bcn-el-mejor-teatro-internacional-llega-al-teatre-goya-y-a-la-villarroel\/\" \/>\n<meta property=\"og:site_name\" content=\"Focus\" \/>\n<meta property=\"article:published_time\" content=\"2025-06-17T11:41:56+00:00\" \/>\n<meta property=\"article:modified_time\" content=\"2025-06-17T13:29:09+00:00\" \/>\n<meta property=\"og:image\" content=\"https:\/\/www.focus.cat\/wp-content\/uploads\/2025\/06\/QUADRAT-WEB-FOCUS-4-1.png\" \/>\n\t<meta property=\"og:image:width\" content=\"1080\" \/>\n\t<meta property=\"og:image:height\" content=\"1080\" \/>\n\t<meta property=\"og:image:type\" content=\"image\/png\" \/>\n<meta name=\"author\" content=\"Suport Digital\" \/>\n<meta name=\"twitter:card\" content=\"summary_large_image\" \/>\n<script type=\"application\/ld+json\" class=\"yoast-schema-graph\">{\"@context\":\"https:\\\/\\\/schema.org\",\"@graph\":[{\"@type\":\"Article\",\"@id\":\"https:\\\/\\\/www.focus.cat\\\/es\\\/flaix-de-tardor-bcn-el-mejor-teatro-internacional-llega-al-teatre-goya-y-a-la-villarroel\\\/#article\",\"isPartOf\":{\"@id\":\"https:\\\/\\\/www.focus.cat\\\/es\\\/flaix-de-tardor-bcn-el-mejor-teatro-internacional-llega-al-teatre-goya-y-a-la-villarroel\\\/\"},\"author\":{\"name\":\"Suport Digital\",\"@id\":\"https:\\\/\\\/www.focus.cat\\\/#\\\/schema\\\/person\\\/caae89e91020f6f4091f528af5ee5e71\"},\"headline\":\"Flaix de tardor \u2013 BCN: el mejor teatro internacional llega al Teatre Goya y a La Villarroel\",\"datePublished\":\"2025-06-17T11:41:56+00:00\",\"dateModified\":\"2025-06-17T13:29:09+00:00\",\"mainEntityOfPage\":{\"@id\":\"https:\\\/\\\/www.focus.cat\\\/es\\\/flaix-de-tardor-bcn-el-mejor-teatro-internacional-llega-al-teatre-goya-y-a-la-villarroel\\\/\"},\"wordCount\":300,\"publisher\":{\"@id\":\"https:\\\/\\\/www.focus.cat\\\/#organization\"},\"image\":{\"@id\":\"https:\\\/\\\/www.focus.cat\\\/es\\\/flaix-de-tardor-bcn-el-mejor-teatro-internacional-llega-al-teatre-goya-y-a-la-villarroel\\\/#primaryimage\"},\"thumbnailUrl\":\"https:\\\/\\\/www.focus.cat\\\/wp-content\\\/uploads\\\/2025\\\/06\\\/QUADRAT-WEB-FOCUS-4-1.png\",\"articleSection\":[\"Noticias\"],\"inLanguage\":\"ca\"},{\"@type\":\"WebPage\",\"@id\":\"https:\\\/\\\/www.focus.cat\\\/es\\\/flaix-de-tardor-bcn-el-mejor-teatro-internacional-llega-al-teatre-goya-y-a-la-villarroel\\\/\",\"url\":\"https:\\\/\\\/www.focus.cat\\\/es\\\/flaix-de-tardor-bcn-el-mejor-teatro-internacional-llega-al-teatre-goya-y-a-la-villarroel\\\/\",\"name\":\"Flaix de tardor \u2013 BCN: el mejor teatro internacional llega al Teatre Goya y a La Villarroel - Focus\",\"isPartOf\":{\"@id\":\"https:\\\/\\\/www.focus.cat\\\/#website\"},\"primaryImageOfPage\":{\"@id\":\"https:\\\/\\\/www.focus.cat\\\/es\\\/flaix-de-tardor-bcn-el-mejor-teatro-internacional-llega-al-teatre-goya-y-a-la-villarroel\\\/#primaryimage\"},\"image\":{\"@id\":\"https:\\\/\\\/www.focus.cat\\\/es\\\/flaix-de-tardor-bcn-el-mejor-teatro-internacional-llega-al-teatre-goya-y-a-la-villarroel\\\/#primaryimage\"},\"thumbnailUrl\":\"https:\\\/\\\/www.focus.cat\\\/wp-content\\\/uploads\\\/2025\\\/06\\\/QUADRAT-WEB-FOCUS-4-1.png\",\"datePublished\":\"2025-06-17T11:41:56+00:00\",\"dateModified\":\"2025-06-17T13:29:09+00:00\",\"inLanguage\":\"ca\",\"potentialAction\":[{\"@type\":\"ReadAction\",\"target\":[\"https:\\\/\\\/www.focus.cat\\\/es\\\/flaix-de-tardor-bcn-el-mejor-teatro-internacional-llega-al-teatre-goya-y-a-la-villarroel\\\/\"]}]},{\"@type\":\"ImageObject\",\"inLanguage\":\"ca\",\"@id\":\"https:\\\/\\\/www.focus.cat\\\/es\\\/flaix-de-tardor-bcn-el-mejor-teatro-internacional-llega-al-teatre-goya-y-a-la-villarroel\\\/#primaryimage\",\"url\":\"https:\\\/\\\/www.focus.cat\\\/wp-content\\\/uploads\\\/2025\\\/06\\\/QUADRAT-WEB-FOCUS-4-1.png\",\"contentUrl\":\"https:\\\/\\\/www.focus.cat\\\/wp-content\\\/uploads\\\/2025\\\/06\\\/QUADRAT-WEB-FOCUS-4-1.png\",\"width\":1080,\"height\":1080},{\"@type\":\"WebSite\",\"@id\":\"https:\\\/\\\/www.focus.cat\\\/#website\",\"url\":\"https:\\\/\\\/www.focus.cat\\\/\",\"name\":\"Focus\",\"description\":\"\",\"publisher\":{\"@id\":\"https:\\\/\\\/www.focus.cat\\\/#organization\"},\"potentialAction\":[{\"@type\":\"SearchAction\",\"target\":{\"@type\":\"EntryPoint\",\"urlTemplate\":\"https:\\\/\\\/www.focus.cat\\\/?s={search_term_string}\"},\"query-input\":{\"@type\":\"PropertyValueSpecification\",\"valueRequired\":true,\"valueName\":\"search_term_string\"}}],\"inLanguage\":\"ca\"},{\"@type\":\"Organization\",\"@id\":\"https:\\\/\\\/www.focus.cat\\\/#organization\",\"name\":\"Focus\",\"url\":\"https:\\\/\\\/www.focus.cat\\\/\",\"logo\":{\"@type\":\"ImageObject\",\"inLanguage\":\"ca\",\"@id\":\"https:\\\/\\\/www.focus.cat\\\/#\\\/schema\\\/logo\\\/image\\\/\",\"url\":\"https:\\\/\\\/www.focus.cat\\\/wp-content\\\/uploads\\\/2022\\\/01\\\/logo-focus-any-35.svg\",\"contentUrl\":\"https:\\\/\\\/www.focus.cat\\\/wp-content\\\/uploads\\\/2022\\\/01\\\/logo-focus-any-35.svg\",\"width\":1,\"height\":1,\"caption\":\"Focus\"},\"image\":{\"@id\":\"https:\\\/\\\/www.focus.cat\\\/#\\\/schema\\\/logo\\\/image\\\/\"}},{\"@type\":\"Person\",\"@id\":\"https:\\\/\\\/www.focus.cat\\\/#\\\/schema\\\/person\\\/caae89e91020f6f4091f528af5ee5e71\",\"name\":\"Suport Digital\",\"image\":{\"@type\":\"ImageObject\",\"inLanguage\":\"ca\",\"@id\":\"https:\\\/\\\/secure.gravatar.com\\\/avatar\\\/dd41dbc903aea1c8ca8c21ad68c0e0693be9f8c724f44cf11598395a9d1a039e?s=96&d=mm&r=g\",\"url\":\"https:\\\/\\\/secure.gravatar.com\\\/avatar\\\/dd41dbc903aea1c8ca8c21ad68c0e0693be9f8c724f44cf11598395a9d1a039e?s=96&d=mm&r=g\",\"contentUrl\":\"https:\\\/\\\/secure.gravatar.com\\\/avatar\\\/dd41dbc903aea1c8ca8c21ad68c0e0693be9f8c724f44cf11598395a9d1a039e?s=96&d=mm&r=g\",\"caption\":\"Suport Digital\"},\"url\":\"https:\\\/\\\/www.focus.cat\\\/author\\\/suport-digital\\\/\"}]}<\/script>\n<!-- \/ Yoast SEO plugin. -->","yoast_head_json":{"title":"Flaix de tardor \u2013 BCN: el mejor teatro internacional llega al Teatre Goya y a La Villarroel - Focus","robots":{"index":"index","follow":"follow","max-snippet":"max-snippet:-1","max-image-preview":"max-image-preview:large","max-video-preview":"max-video-preview:-1"},"canonical":"https:\/\/www.focus.cat\/flaix-de-tardor-bcn-el-mejor-teatro-internacional-llega-al-teatre-goya-y-a-la-villarroel\/","og_locale":"ca_ES","og_type":"article","og_title":"Flaix de tardor \u2013 BCN: el mejor teatro internacional llega al Teatre Goya y a La Villarroel - Focus","og_description":"Este octubre, el festival Temporada Alta impulsa una nueva iniciativa en Barcelona: Flaix de tardor \u2013 BCN, una programaci\u00f3n esc\u00e9nica internacional que, del 21 de octubre al 15 de noviembre, llevar\u00e1 siete espect\u00e1culos de primer nivel a seis teatros de la ciudad, con dos citas destacadas en el Teatre Goya y en La Villarroel. Le ... Llegeix m\u00e9s","og_url":"https:\/\/www.focus.cat\/es\/flaix-de-tardor-bcn-el-mejor-teatro-internacional-llega-al-teatre-goya-y-a-la-villarroel\/","og_site_name":"Focus","article_published_time":"2025-06-17T11:41:56+00:00","article_modified_time":"2025-06-17T13:29:09+00:00","og_image":[{"width":1080,"height":1080,"url":"https:\/\/www.focus.cat\/wp-content\/uploads\/2025\/06\/QUADRAT-WEB-FOCUS-4-1.png","type":"image\/png"}],"author":"Suport Digital","twitter_card":"summary_large_image","schema":{"@context":"https:\/\/schema.org","@graph":[{"@type":"Article","@id":"https:\/\/www.focus.cat\/es\/flaix-de-tardor-bcn-el-mejor-teatro-internacional-llega-al-teatre-goya-y-a-la-villarroel\/#article","isPartOf":{"@id":"https:\/\/www.focus.cat\/es\/flaix-de-tardor-bcn-el-mejor-teatro-internacional-llega-al-teatre-goya-y-a-la-villarroel\/"},"author":{"name":"Suport Digital","@id":"https:\/\/www.focus.cat\/#\/schema\/person\/caae89e91020f6f4091f528af5ee5e71"},"headline":"Flaix de tardor \u2013 BCN: el mejor teatro internacional llega al Teatre Goya y a La Villarroel","datePublished":"2025-06-17T11:41:56+00:00","dateModified":"2025-06-17T13:29:09+00:00","mainEntityOfPage":{"@id":"https:\/\/www.focus.cat\/es\/flaix-de-tardor-bcn-el-mejor-teatro-internacional-llega-al-teatre-goya-y-a-la-villarroel\/"},"wordCount":300,"publisher":{"@id":"https:\/\/www.focus.cat\/#organization"},"image":{"@id":"https:\/\/www.focus.cat\/es\/flaix-de-tardor-bcn-el-mejor-teatro-internacional-llega-al-teatre-goya-y-a-la-villarroel\/#primaryimage"},"thumbnailUrl":"https:\/\/www.focus.cat\/wp-content\/uploads\/2025\/06\/QUADRAT-WEB-FOCUS-4-1.png","articleSection":["Noticias"],"inLanguage":"ca"},{"@type":"WebPage","@id":"https:\/\/www.focus.cat\/es\/flaix-de-tardor-bcn-el-mejor-teatro-internacional-llega-al-teatre-goya-y-a-la-villarroel\/","url":"https:\/\/www.focus.cat\/es\/flaix-de-tardor-bcn-el-mejor-teatro-internacional-llega-al-teatre-goya-y-a-la-villarroel\/","name":"Flaix de tardor \u2013 BCN: el mejor teatro internacional llega al Teatre Goya y a La Villarroel - Focus","isPartOf":{"@id":"https:\/\/www.focus.cat\/#website"},"primaryImageOfPage":{"@id":"https:\/\/www.focus.cat\/es\/flaix-de-tardor-bcn-el-mejor-teatro-internacional-llega-al-teatre-goya-y-a-la-villarroel\/#primaryimage"},"image":{"@id":"https:\/\/www.focus.cat\/es\/flaix-de-tardor-bcn-el-mejor-teatro-internacional-llega-al-teatre-goya-y-a-la-villarroel\/#primaryimage"},"thumbnailUrl":"https:\/\/www.focus.cat\/wp-content\/uploads\/2025\/06\/QUADRAT-WEB-FOCUS-4-1.png","datePublished":"2025-06-17T11:41:56+00:00","dateModified":"2025-06-17T13:29:09+00:00","inLanguage":"ca","potentialAction":[{"@type":"ReadAction","target":["https:\/\/www.focus.cat\/es\/flaix-de-tardor-bcn-el-mejor-teatro-internacional-llega-al-teatre-goya-y-a-la-villarroel\/"]}]},{"@type":"ImageObject","inLanguage":"ca","@id":"https:\/\/www.focus.cat\/es\/flaix-de-tardor-bcn-el-mejor-teatro-internacional-llega-al-teatre-goya-y-a-la-villarroel\/#primaryimage","url":"https:\/\/www.focus.cat\/wp-content\/uploads\/2025\/06\/QUADRAT-WEB-FOCUS-4-1.png","contentUrl":"https:\/\/www.focus.cat\/wp-content\/uploads\/2025\/06\/QUADRAT-WEB-FOCUS-4-1.png","width":1080,"height":1080},{"@type":"WebSite","@id":"https:\/\/www.focus.cat\/#website","url":"https:\/\/www.focus.cat\/","name":"Focus","description":"","publisher":{"@id":"https:\/\/www.focus.cat\/#organization"},"potentialAction":[{"@type":"SearchAction","target":{"@type":"EntryPoint","urlTemplate":"https:\/\/www.focus.cat\/?s={search_term_string}"},"query-input":{"@type":"PropertyValueSpecification","valueRequired":true,"valueName":"search_term_string"}}],"inLanguage":"ca"},{"@type":"Organization","@id":"https:\/\/www.focus.cat\/#organization","name":"Focus","url":"https:\/\/www.focus.cat\/","logo":{"@type":"ImageObject","inLanguage":"ca","@id":"https:\/\/www.focus.cat\/#\/schema\/logo\/image\/","url":"https:\/\/www.focus.cat\/wp-content\/uploads\/2022\/01\/logo-focus-any-35.svg","contentUrl":"https:\/\/www.focus.cat\/wp-content\/uploads\/2022\/01\/logo-focus-any-35.svg","width":1,"height":1,"caption":"Focus"},"image":{"@id":"https:\/\/www.focus.cat\/#\/schema\/logo\/image\/"}},{"@type":"Person","@id":"https:\/\/www.focus.cat\/#\/schema\/person\/caae89e91020f6f4091f528af5ee5e71","name":"Suport Digital","image":{"@type":"ImageObject","inLanguage":"ca","@id":"https:\/\/secure.gravatar.com\/avatar\/dd41dbc903aea1c8ca8c21ad68c0e0693be9f8c724f44cf11598395a9d1a039e?s=96&d=mm&r=g","url":"https:\/\/secure.gravatar.com\/avatar\/dd41dbc903aea1c8ca8c21ad68c0e0693be9f8c724f44cf11598395a9d1a039e?s=96&d=mm&r=g","contentUrl":"https:\/\/secure.gravatar.com\/avatar\/dd41dbc903aea1c8ca8c21ad68c0e0693be9f8c724f44cf11598395a9d1a039e?s=96&d=mm&r=g","caption":"Suport Digital"},"url":"https:\/\/www.focus.cat\/author\/suport-digital\/"}]}},"_links":{"self":[{"href":"https:\/\/www.focus.cat\/wp-json\/wp\/v2\/posts\/23408","targetHints":{"allow":["GET"]}}],"collection":[{"href":"https:\/\/www.focus.cat\/wp-json\/wp\/v2\/posts"}],"about":[{"href":"https:\/\/www.focus.cat\/wp-json\/wp\/v2\/types\/post"}],"author":[{"embeddable":true,"href":"https:\/\/www.focus.cat\/wp-json\/wp\/v2\/users\/15"}],"replies":[{"embeddable":true,"href":"https:\/\/www.focus.cat\/wp-json\/wp\/v2\/comments?post=23408"}],"version-history":[{"count":0,"href":"https:\/\/www.focus.cat\/wp-json\/wp\/v2\/posts\/23408\/revisions"}],"wp:featuredmedia":[{"embeddable":true,"href":"https:\/\/www.focus.cat\/wp-json\/wp\/v2\/media\/23450"}],"wp:attachment":[{"href":"https:\/\/www.focus.cat\/wp-json\/wp\/v2\/media?parent=23408"}],"wp:term":[{"taxonomy":"category","embeddable":true,"href":"https:\/\/www.focus.cat\/wp-json\/wp\/v2\/categories?post=23408"}],"curies":[{"name":"wp","href":"https:\/\/api.w.org\/{rel}","templated":true}]}}