{"id":23413,"date":"2025-06-17T13:22:52","date_gmt":"2025-06-17T13:22:52","guid":{"rendered":"https:\/\/www.focus.cat\/?p=23413"},"modified":"2025-06-17T13:22:52","modified_gmt":"2025-06-17T13:22:52","slug":"focus-lidera-la-produccion-tecnica-del-prestigioso-festival-internacional-de-teatro-clasico-de-merida","status":"publish","type":"post","link":"https:\/\/www.focus.cat\/es\/focus-lidera-la-produccion-tecnica-del-prestigioso-festival-internacional-de-teatro-clasico-de-merida\/","title":{"rendered":"Focus lidera la producci\u00f3n t\u00e9cnica del prestigioso Festival Internacional de Teatro Cl\u00e1sico de M\u00e9rida"},"content":{"rendered":"<p>Este 2025, la divisi\u00f3n de servicios t\u00e9cnicos de Focus asume de nuevo la producci\u00f3n t\u00e9cnica integral del Festival Internacional de Teatro Cl\u00e1sico de M\u00e9rida, una de las citas esc\u00e9nicas m\u00e1s relevantes del panorama estatal y europeo.<\/p>\n<p>Con una trayectoria de m\u00e1s de 70 ediciones, el festival se celebra en el incomparable marco del Teatro Romano de M\u00e9rida, declarado Patrimonio de la Humanidad, y re\u00fane cada verano a miles de espectadores en torno a las grandes tragedias y comedias de la dramaturgia grecolatina. En este contexto \u00fanico, la divisi\u00f3n de servicios t\u00e9cnicos de Focus aporta su experiencia, rigor y capacidad t\u00e9cnica, consolidada a lo largo de d\u00e9cadas de trabajo en producciones de alto nivel y festivales de gran envergadura tanto a nivel nacional como internacional.<\/p>\n<p>El encargo incluye la coordinaci\u00f3n de infraestructuras t\u00e9cnicas, la operativa esc\u00e9nica, la gesti\u00f3n de los equipos humanos y la adaptaci\u00f3n de los espect\u00e1culos al espacio arqueol\u00f3gico con el m\u00e1ximo cuidado y respeto patrimonial. Un desaf\u00edo log\u00edstico y art\u00edstico de gran complejidad que Focus afronta con solvencia y pasi\u00f3n.<\/p>\n<p>La asunci\u00f3n de la producci\u00f3n t\u00e9cnica del Festival de M\u00e9rida refuerza la presencia de Focus a nivel estatal y consolida su vocaci\u00f3n de servicio al sector teatral, tanto desde la creaci\u00f3n como desde la producci\u00f3n, la promoci\u00f3n y el acompa\u00f1amiento t\u00e9cnico y log\u00edstico.<\/p>\n","protected":false},"excerpt":{"rendered":"<p>Este 2025, la divisi\u00f3n de servicios t\u00e9cnicos de Focus asume de nuevo la producci\u00f3n t\u00e9cnica integral del Festival Internacional de Teatro Cl\u00e1sico de M\u00e9rida, una de las citas esc\u00e9nicas m\u00e1s relevantes del panorama estatal y europeo. Con una trayectoria de m\u00e1s de 70 ediciones, el festival se celebra en el incomparable marco del Teatro Romano<a class=\"excerpt-read-more\" href=\"https:\/\/www.focus.cat\/es\/focus-lidera-la-produccion-tecnica-del-prestigioso-festival-internacional-de-teatro-clasico-de-merida\/\" title=\"LlegeixFocus lidera la producci\u00f3n t\u00e9cnica del prestigioso Festival Internacional de Teatro Cl\u00e1sico de M\u00e9rida\"> &#8230; Llegeix m\u00e9s<\/a><\/p>\n","protected":false},"author":15,"featured_media":23414,"comment_status":"closed","ping_status":"closed","sticky":false,"template":"","format":"standard","meta":{"_acf_changed":false,"inline_featured_image":false,"footnotes":""},"categories":[4],"class_list":["post-23413","post","type-post","status-publish","format-standard","has-post-thumbnail","hentry","category-noticias"],"acf":[],"yoast_head":"<!-- This site is optimized with the Yoast SEO plugin v27.5 - https:\/\/yoast.com\/product\/yoast-seo-wordpress\/ -->\n<title>Focus lidera la producci\u00f3n t\u00e9cnica del prestigioso Festival Internacional de Teatro Cl\u00e1sico de M\u00e9rida - Focus<\/title>\n<meta name=\"robots\" content=\"index, follow, max-snippet:-1, max-image-preview:large, max-video-preview:-1\" \/>\n<link rel=\"canonical\" href=\"https:\/\/www.focus.cat\/focus-lidera-la-produccion-tecnica-del-prestigioso-festival-internacional-de-teatro-clasico-de-merida\/\" \/>\n<meta property=\"og:locale\" content=\"ca_ES\" \/>\n<meta property=\"og:type\" content=\"article\" \/>\n<meta property=\"og:title\" content=\"Focus lidera la producci\u00f3n t\u00e9cnica del prestigioso Festival Internacional de Teatro Cl\u00e1sico de M\u00e9rida - Focus\" \/>\n<meta property=\"og:description\" content=\"Este 2025, la divisi\u00f3n de servicios t\u00e9cnicos de Focus asume de nuevo la producci\u00f3n t\u00e9cnica integral del Festival Internacional de Teatro Cl\u00e1sico de M\u00e9rida, una de las citas esc\u00e9nicas m\u00e1s relevantes del panorama estatal y europeo. Con una trayectoria de m\u00e1s de 70 ediciones, el festival se celebra en el incomparable marco del Teatro Romano ... Llegeix m\u00e9s\" \/>\n<meta property=\"og:url\" content=\"https:\/\/www.focus.cat\/es\/focus-lidera-la-produccion-tecnica-del-prestigioso-festival-internacional-de-teatro-clasico-de-merida\/\" \/>\n<meta property=\"og:site_name\" content=\"Focus\" \/>\n<meta property=\"article:published_time\" content=\"2025-06-17T13:22:52+00:00\" \/>\n<meta property=\"og:image\" content=\"https:\/\/www.focus.cat\/wp-content\/uploads\/2025\/06\/QUADRAT-WEB-FOCUS-5.png\" \/>\n\t<meta property=\"og:image:width\" content=\"1080\" \/>\n\t<meta property=\"og:image:height\" content=\"1080\" \/>\n\t<meta property=\"og:image:type\" content=\"image\/png\" \/>\n<meta name=\"author\" content=\"Suport Digital\" \/>\n<meta name=\"twitter:card\" content=\"summary_large_image\" \/>\n<script type=\"application\/ld+json\" class=\"yoast-schema-graph\">{\"@context\":\"https:\\\/\\\/schema.org\",\"@graph\":[{\"@type\":\"Article\",\"@id\":\"https:\\\/\\\/www.focus.cat\\\/es\\\/focus-lidera-la-produccion-tecnica-del-prestigioso-festival-internacional-de-teatro-clasico-de-merida\\\/#article\",\"isPartOf\":{\"@id\":\"https:\\\/\\\/www.focus.cat\\\/es\\\/focus-lidera-la-produccion-tecnica-del-prestigioso-festival-internacional-de-teatro-clasico-de-merida\\\/\"},\"author\":{\"name\":\"Suport Digital\",\"@id\":\"https:\\\/\\\/www.focus.cat\\\/#\\\/schema\\\/person\\\/caae89e91020f6f4091f528af5ee5e71\"},\"headline\":\"Focus lidera la producci\u00f3n t\u00e9cnica del prestigioso Festival Internacional de Teatro Cl\u00e1sico de M\u00e9rida\",\"datePublished\":\"2025-06-17T13:22:52+00:00\",\"mainEntityOfPage\":{\"@id\":\"https:\\\/\\\/www.focus.cat\\\/es\\\/focus-lidera-la-produccion-tecnica-del-prestigioso-festival-internacional-de-teatro-clasico-de-merida\\\/\"},\"wordCount\":269,\"publisher\":{\"@id\":\"https:\\\/\\\/www.focus.cat\\\/#organization\"},\"image\":{\"@id\":\"https:\\\/\\\/www.focus.cat\\\/es\\\/focus-lidera-la-produccion-tecnica-del-prestigioso-festival-internacional-de-teatro-clasico-de-merida\\\/#primaryimage\"},\"thumbnailUrl\":\"https:\\\/\\\/www.focus.cat\\\/wp-content\\\/uploads\\\/2025\\\/06\\\/QUADRAT-WEB-FOCUS-5.png\",\"articleSection\":[\"Noticias\"],\"inLanguage\":\"ca\"},{\"@type\":\"WebPage\",\"@id\":\"https:\\\/\\\/www.focus.cat\\\/es\\\/focus-lidera-la-produccion-tecnica-del-prestigioso-festival-internacional-de-teatro-clasico-de-merida\\\/\",\"url\":\"https:\\\/\\\/www.focus.cat\\\/es\\\/focus-lidera-la-produccion-tecnica-del-prestigioso-festival-internacional-de-teatro-clasico-de-merida\\\/\",\"name\":\"Focus lidera la producci\u00f3n t\u00e9cnica del prestigioso Festival Internacional de Teatro Cl\u00e1sico de M\u00e9rida - Focus\",\"isPartOf\":{\"@id\":\"https:\\\/\\\/www.focus.cat\\\/#website\"},\"primaryImageOfPage\":{\"@id\":\"https:\\\/\\\/www.focus.cat\\\/es\\\/focus-lidera-la-produccion-tecnica-del-prestigioso-festival-internacional-de-teatro-clasico-de-merida\\\/#primaryimage\"},\"image\":{\"@id\":\"https:\\\/\\\/www.focus.cat\\\/es\\\/focus-lidera-la-produccion-tecnica-del-prestigioso-festival-internacional-de-teatro-clasico-de-merida\\\/#primaryimage\"},\"thumbnailUrl\":\"https:\\\/\\\/www.focus.cat\\\/wp-content\\\/uploads\\\/2025\\\/06\\\/QUADRAT-WEB-FOCUS-5.png\",\"datePublished\":\"2025-06-17T13:22:52+00:00\",\"inLanguage\":\"ca\",\"potentialAction\":[{\"@type\":\"ReadAction\",\"target\":[\"https:\\\/\\\/www.focus.cat\\\/es\\\/focus-lidera-la-produccion-tecnica-del-prestigioso-festival-internacional-de-teatro-clasico-de-merida\\\/\"]}]},{\"@type\":\"ImageObject\",\"inLanguage\":\"ca\",\"@id\":\"https:\\\/\\\/www.focus.cat\\\/es\\\/focus-lidera-la-produccion-tecnica-del-prestigioso-festival-internacional-de-teatro-clasico-de-merida\\\/#primaryimage\",\"url\":\"https:\\\/\\\/www.focus.cat\\\/wp-content\\\/uploads\\\/2025\\\/06\\\/QUADRAT-WEB-FOCUS-5.png\",\"contentUrl\":\"https:\\\/\\\/www.focus.cat\\\/wp-content\\\/uploads\\\/2025\\\/06\\\/QUADRAT-WEB-FOCUS-5.png\",\"width\":1080,\"height\":1080},{\"@type\":\"WebSite\",\"@id\":\"https:\\\/\\\/www.focus.cat\\\/#website\",\"url\":\"https:\\\/\\\/www.focus.cat\\\/\",\"name\":\"Focus\",\"description\":\"\",\"publisher\":{\"@id\":\"https:\\\/\\\/www.focus.cat\\\/#organization\"},\"potentialAction\":[{\"@type\":\"SearchAction\",\"target\":{\"@type\":\"EntryPoint\",\"urlTemplate\":\"https:\\\/\\\/www.focus.cat\\\/?s={search_term_string}\"},\"query-input\":{\"@type\":\"PropertyValueSpecification\",\"valueRequired\":true,\"valueName\":\"search_term_string\"}}],\"inLanguage\":\"ca\"},{\"@type\":\"Organization\",\"@id\":\"https:\\\/\\\/www.focus.cat\\\/#organization\",\"name\":\"Focus\",\"url\":\"https:\\\/\\\/www.focus.cat\\\/\",\"logo\":{\"@type\":\"ImageObject\",\"inLanguage\":\"ca\",\"@id\":\"https:\\\/\\\/www.focus.cat\\\/#\\\/schema\\\/logo\\\/image\\\/\",\"url\":\"https:\\\/\\\/www.focus.cat\\\/wp-content\\\/uploads\\\/2022\\\/01\\\/logo-focus-any-35.svg\",\"contentUrl\":\"https:\\\/\\\/www.focus.cat\\\/wp-content\\\/uploads\\\/2022\\\/01\\\/logo-focus-any-35.svg\",\"width\":1,\"height\":1,\"caption\":\"Focus\"},\"image\":{\"@id\":\"https:\\\/\\\/www.focus.cat\\\/#\\\/schema\\\/logo\\\/image\\\/\"}},{\"@type\":\"Person\",\"@id\":\"https:\\\/\\\/www.focus.cat\\\/#\\\/schema\\\/person\\\/caae89e91020f6f4091f528af5ee5e71\",\"name\":\"Suport Digital\",\"image\":{\"@type\":\"ImageObject\",\"inLanguage\":\"ca\",\"@id\":\"https:\\\/\\\/secure.gravatar.com\\\/avatar\\\/dd41dbc903aea1c8ca8c21ad68c0e0693be9f8c724f44cf11598395a9d1a039e?s=96&d=mm&r=g\",\"url\":\"https:\\\/\\\/secure.gravatar.com\\\/avatar\\\/dd41dbc903aea1c8ca8c21ad68c0e0693be9f8c724f44cf11598395a9d1a039e?s=96&d=mm&r=g\",\"contentUrl\":\"https:\\\/\\\/secure.gravatar.com\\\/avatar\\\/dd41dbc903aea1c8ca8c21ad68c0e0693be9f8c724f44cf11598395a9d1a039e?s=96&d=mm&r=g\",\"caption\":\"Suport Digital\"},\"url\":\"https:\\\/\\\/www.focus.cat\\\/author\\\/suport-digital\\\/\"}]}<\/script>\n<!-- \/ Yoast SEO plugin. -->","yoast_head_json":{"title":"Focus lidera la producci\u00f3n t\u00e9cnica del prestigioso Festival Internacional de Teatro Cl\u00e1sico de M\u00e9rida - Focus","robots":{"index":"index","follow":"follow","max-snippet":"max-snippet:-1","max-image-preview":"max-image-preview:large","max-video-preview":"max-video-preview:-1"},"canonical":"https:\/\/www.focus.cat\/focus-lidera-la-produccion-tecnica-del-prestigioso-festival-internacional-de-teatro-clasico-de-merida\/","og_locale":"ca_ES","og_type":"article","og_title":"Focus lidera la producci\u00f3n t\u00e9cnica del prestigioso Festival Internacional de Teatro Cl\u00e1sico de M\u00e9rida - Focus","og_description":"Este 2025, la divisi\u00f3n de servicios t\u00e9cnicos de Focus asume de nuevo la producci\u00f3n t\u00e9cnica integral del Festival Internacional de Teatro Cl\u00e1sico de M\u00e9rida, una de las citas esc\u00e9nicas m\u00e1s relevantes del panorama estatal y europeo. Con una trayectoria de m\u00e1s de 70 ediciones, el festival se celebra en el incomparable marco del Teatro Romano ... Llegeix m\u00e9s","og_url":"https:\/\/www.focus.cat\/es\/focus-lidera-la-produccion-tecnica-del-prestigioso-festival-internacional-de-teatro-clasico-de-merida\/","og_site_name":"Focus","article_published_time":"2025-06-17T13:22:52+00:00","og_image":[{"width":1080,"height":1080,"url":"https:\/\/www.focus.cat\/wp-content\/uploads\/2025\/06\/QUADRAT-WEB-FOCUS-5.png","type":"image\/png"}],"author":"Suport Digital","twitter_card":"summary_large_image","schema":{"@context":"https:\/\/schema.org","@graph":[{"@type":"Article","@id":"https:\/\/www.focus.cat\/es\/focus-lidera-la-produccion-tecnica-del-prestigioso-festival-internacional-de-teatro-clasico-de-merida\/#article","isPartOf":{"@id":"https:\/\/www.focus.cat\/es\/focus-lidera-la-produccion-tecnica-del-prestigioso-festival-internacional-de-teatro-clasico-de-merida\/"},"author":{"name":"Suport Digital","@id":"https:\/\/www.focus.cat\/#\/schema\/person\/caae89e91020f6f4091f528af5ee5e71"},"headline":"Focus lidera la producci\u00f3n t\u00e9cnica del prestigioso Festival Internacional de Teatro Cl\u00e1sico de M\u00e9rida","datePublished":"2025-06-17T13:22:52+00:00","mainEntityOfPage":{"@id":"https:\/\/www.focus.cat\/es\/focus-lidera-la-produccion-tecnica-del-prestigioso-festival-internacional-de-teatro-clasico-de-merida\/"},"wordCount":269,"publisher":{"@id":"https:\/\/www.focus.cat\/#organization"},"image":{"@id":"https:\/\/www.focus.cat\/es\/focus-lidera-la-produccion-tecnica-del-prestigioso-festival-internacional-de-teatro-clasico-de-merida\/#primaryimage"},"thumbnailUrl":"https:\/\/www.focus.cat\/wp-content\/uploads\/2025\/06\/QUADRAT-WEB-FOCUS-5.png","articleSection":["Noticias"],"inLanguage":"ca"},{"@type":"WebPage","@id":"https:\/\/www.focus.cat\/es\/focus-lidera-la-produccion-tecnica-del-prestigioso-festival-internacional-de-teatro-clasico-de-merida\/","url":"https:\/\/www.focus.cat\/es\/focus-lidera-la-produccion-tecnica-del-prestigioso-festival-internacional-de-teatro-clasico-de-merida\/","name":"Focus lidera la producci\u00f3n t\u00e9cnica del prestigioso Festival Internacional de Teatro Cl\u00e1sico de M\u00e9rida - Focus","isPartOf":{"@id":"https:\/\/www.focus.cat\/#website"},"primaryImageOfPage":{"@id":"https:\/\/www.focus.cat\/es\/focus-lidera-la-produccion-tecnica-del-prestigioso-festival-internacional-de-teatro-clasico-de-merida\/#primaryimage"},"image":{"@id":"https:\/\/www.focus.cat\/es\/focus-lidera-la-produccion-tecnica-del-prestigioso-festival-internacional-de-teatro-clasico-de-merida\/#primaryimage"},"thumbnailUrl":"https:\/\/www.focus.cat\/wp-content\/uploads\/2025\/06\/QUADRAT-WEB-FOCUS-5.png","datePublished":"2025-06-17T13:22:52+00:00","inLanguage":"ca","potentialAction":[{"@type":"ReadAction","target":["https:\/\/www.focus.cat\/es\/focus-lidera-la-produccion-tecnica-del-prestigioso-festival-internacional-de-teatro-clasico-de-merida\/"]}]},{"@type":"ImageObject","inLanguage":"ca","@id":"https:\/\/www.focus.cat\/es\/focus-lidera-la-produccion-tecnica-del-prestigioso-festival-internacional-de-teatro-clasico-de-merida\/#primaryimage","url":"https:\/\/www.focus.cat\/wp-content\/uploads\/2025\/06\/QUADRAT-WEB-FOCUS-5.png","contentUrl":"https:\/\/www.focus.cat\/wp-content\/uploads\/2025\/06\/QUADRAT-WEB-FOCUS-5.png","width":1080,"height":1080},{"@type":"WebSite","@id":"https:\/\/www.focus.cat\/#website","url":"https:\/\/www.focus.cat\/","name":"Focus","description":"","publisher":{"@id":"https:\/\/www.focus.cat\/#organization"},"potentialAction":[{"@type":"SearchAction","target":{"@type":"EntryPoint","urlTemplate":"https:\/\/www.focus.cat\/?s={search_term_string}"},"query-input":{"@type":"PropertyValueSpecification","valueRequired":true,"valueName":"search_term_string"}}],"inLanguage":"ca"},{"@type":"Organization","@id":"https:\/\/www.focus.cat\/#organization","name":"Focus","url":"https:\/\/www.focus.cat\/","logo":{"@type":"ImageObject","inLanguage":"ca","@id":"https:\/\/www.focus.cat\/#\/schema\/logo\/image\/","url":"https:\/\/www.focus.cat\/wp-content\/uploads\/2022\/01\/logo-focus-any-35.svg","contentUrl":"https:\/\/www.focus.cat\/wp-content\/uploads\/2022\/01\/logo-focus-any-35.svg","width":1,"height":1,"caption":"Focus"},"image":{"@id":"https:\/\/www.focus.cat\/#\/schema\/logo\/image\/"}},{"@type":"Person","@id":"https:\/\/www.focus.cat\/#\/schema\/person\/caae89e91020f6f4091f528af5ee5e71","name":"Suport Digital","image":{"@type":"ImageObject","inLanguage":"ca","@id":"https:\/\/secure.gravatar.com\/avatar\/dd41dbc903aea1c8ca8c21ad68c0e0693be9f8c724f44cf11598395a9d1a039e?s=96&d=mm&r=g","url":"https:\/\/secure.gravatar.com\/avatar\/dd41dbc903aea1c8ca8c21ad68c0e0693be9f8c724f44cf11598395a9d1a039e?s=96&d=mm&r=g","contentUrl":"https:\/\/secure.gravatar.com\/avatar\/dd41dbc903aea1c8ca8c21ad68c0e0693be9f8c724f44cf11598395a9d1a039e?s=96&d=mm&r=g","caption":"Suport Digital"},"url":"https:\/\/www.focus.cat\/author\/suport-digital\/"}]}},"_links":{"self":[{"href":"https:\/\/www.focus.cat\/wp-json\/wp\/v2\/posts\/23413","targetHints":{"allow":["GET"]}}],"collection":[{"href":"https:\/\/www.focus.cat\/wp-json\/wp\/v2\/posts"}],"about":[{"href":"https:\/\/www.focus.cat\/wp-json\/wp\/v2\/types\/post"}],"author":[{"embeddable":true,"href":"https:\/\/www.focus.cat\/wp-json\/wp\/v2\/users\/15"}],"replies":[{"embeddable":true,"href":"https:\/\/www.focus.cat\/wp-json\/wp\/v2\/comments?post=23413"}],"version-history":[{"count":0,"href":"https:\/\/www.focus.cat\/wp-json\/wp\/v2\/posts\/23413\/revisions"}],"wp:featuredmedia":[{"embeddable":true,"href":"https:\/\/www.focus.cat\/wp-json\/wp\/v2\/media\/23414"}],"wp:attachment":[{"href":"https:\/\/www.focus.cat\/wp-json\/wp\/v2\/media?parent=23413"}],"wp:term":[{"taxonomy":"category","embeddable":true,"href":"https:\/\/www.focus.cat\/wp-json\/wp\/v2\/categories?post=23413"}],"curies":[{"name":"wp","href":"https:\/\/api.w.org\/{rel}","templated":true}]}}