{"id":23425,"date":"2025-06-17T13:18:27","date_gmt":"2025-06-17T13:18:27","guid":{"rendered":"https:\/\/www.focus.cat\/?p=23425"},"modified":"2025-06-17T15:26:03","modified_gmt":"2025-06-17T15:26:03","slug":"gransteatrerus-inicia-su-tercera-temporada","status":"publish","type":"post","link":"https:\/\/www.focus.cat\/es\/gransteatrerus-inicia-su-tercera-temporada\/","title":{"rendered":"#GransTeatrerus inicia su tercera temporada"},"content":{"rendered":"<p>El proyecto intergeneracional #GransTeatrerus, impulsado por el Grup Focus, abre la convocatoria para formar nuevas parejas de espectadores de cara a la temporada 2025-2026. Esta iniciativa social tiene como objetivo combatir la soledad no deseada entre las personas mayores y fomentar un envejecimiento activo a trav\u00e9s del teatro y la cultura.<\/p>\n<p>#GransTeatrerus crea v\u00ednculos entre personas mayores (mayores de 75 a\u00f1os) y j\u00f3venes (entre 18 y 30 a\u00f1os) para que compartan la experiencia de ir juntos al teatro. Desde que salen de casa hasta que regresan, viven juntos la funci\u00f3n y conversan sobre ella despu\u00e9s. Los espect\u00e1culos tienen lugar en los teatros del Grupo Focus \u2014Teatre Romea, Teatre Goya, Teatre Condal y La Villarroel\u2014 y el proyecto incluye tambi\u00e9n actividades complementarias, como encuentros con grandes int\u00e9rpretes de la escena catalana.<\/p>\n<p>En esta nueva edici\u00f3n, se incorporar\u00e1n 25 nuevas parejas, que se sumar\u00e1n a las 65 ya existentes, formadas durante las dos primeras temporadas. Adem\u00e1s, el barrio G\u00f3tico se suma como zona de referencia para las personas mayores participantes, junto con el Raval, Sant Antoni, Poble-sec y la Esquerra de l\u2019Eixample.<\/p>\n<p>El proceso de preselecci\u00f3n de las personas mayores se realiza en coordinaci\u00f3n con los referentes comunitarios de cada barrio, e incluir\u00e1 dos sesiones informativas obligatorias. Una vez pasado el verano, el 30 de septiembre tendr\u00e1 lugar una c\u00e1psula formativa para los j\u00f3venes en la Escola Massana, y el 2 de octubre se celebrar\u00e1 la sesi\u00f3n de emparejamiento en el mismo espacio.<\/p>\n<p><a href=\"https:\/\/www.focus.cat\/es\/grans-teatrerus\/\"><strong>S\u00famate a #GransTeatrerus<\/strong><\/a> y vive el teatro como nunca antes: compartiendo emociones, reflexiones y experiencias entre generaciones.<\/p>\n<p><img decoding=\"async\" class=\"wp-image-23420 aligncenter\" src=\"https:\/\/www.focus.cat\/wp-content\/uploads\/2025\/06\/HORITZONTAL-WEB-FOCUS-5-1124x632.png\" alt=\"\" width=\"605\" height=\"340\" srcset=\"https:\/\/www.focus.cat\/wp-content\/uploads\/2025\/06\/HORITZONTAL-WEB-FOCUS-5-1124x632.png 1124w, https:\/\/www.focus.cat\/wp-content\/uploads\/2025\/06\/HORITZONTAL-WEB-FOCUS-5-300x169.png 300w, https:\/\/www.focus.cat\/wp-content\/uploads\/2025\/06\/HORITZONTAL-WEB-FOCUS-5-150x84.png 150w, https:\/\/www.focus.cat\/wp-content\/uploads\/2025\/06\/HORITZONTAL-WEB-FOCUS-5-800x450.png 800w, https:\/\/www.focus.cat\/wp-content\/uploads\/2025\/06\/HORITZONTAL-WEB-FOCUS-5-1536x864.png 1536w, https:\/\/www.focus.cat\/wp-content\/uploads\/2025\/06\/HORITZONTAL-WEB-FOCUS-5-1500x844.png 1500w, https:\/\/www.focus.cat\/wp-content\/uploads\/2025\/06\/HORITZONTAL-WEB-FOCUS-5.png 1600w\" sizes=\"(max-width: 605px) 100vw, 605px\" \/><\/p>\n","protected":false},"excerpt":{"rendered":"<p>El proyecto intergeneracional #GransTeatrerus, impulsado por el Grup Focus, abre la convocatoria para formar nuevas parejas de espectadores de cara a la temporada 2025-2026. Esta iniciativa social tiene como objetivo combatir la soledad no deseada entre las personas mayores y fomentar un envejecimiento activo a trav\u00e9s del teatro y la cultura. #GransTeatrerus crea v\u00ednculos entre<a class=\"excerpt-read-more\" href=\"https:\/\/www.focus.cat\/es\/gransteatrerus-inicia-su-tercera-temporada\/\" title=\"Llegeix#GransTeatrerus inicia su tercera temporada\"> &#8230; Llegeix m\u00e9s<\/a><\/p>\n","protected":false},"author":15,"featured_media":23420,"comment_status":"closed","ping_status":"closed","sticky":false,"template":"","format":"standard","meta":{"_acf_changed":false,"inline_featured_image":false,"footnotes":""},"categories":[4],"class_list":["post-23425","post","type-post","status-publish","format-standard","has-post-thumbnail","hentry","category-noticias"],"acf":[],"yoast_head":"<!-- This site is optimized with the Yoast SEO plugin v27.5 - https:\/\/yoast.com\/product\/yoast-seo-wordpress\/ -->\n<title>#GransTeatrerus inicia su tercera temporada - Focus<\/title>\n<meta name=\"robots\" content=\"index, follow, max-snippet:-1, max-image-preview:large, max-video-preview:-1\" \/>\n<link rel=\"canonical\" href=\"https:\/\/www.focus.cat\/gransteatrerus-inicia-su-tercera-temporada\/\" \/>\n<meta property=\"og:locale\" content=\"ca_ES\" \/>\n<meta property=\"og:type\" content=\"article\" \/>\n<meta property=\"og:title\" content=\"#GransTeatrerus inicia su tercera temporada - Focus\" \/>\n<meta property=\"og:description\" content=\"El proyecto intergeneracional #GransTeatrerus, impulsado por el Grup Focus, abre la convocatoria para formar nuevas parejas de espectadores de cara a la temporada 2025-2026. Esta iniciativa social tiene como objetivo combatir la soledad no deseada entre las personas mayores y fomentar un envejecimiento activo a trav\u00e9s del teatro y la cultura. #GransTeatrerus crea v\u00ednculos entre ... Llegeix m\u00e9s\" \/>\n<meta property=\"og:url\" content=\"https:\/\/www.focus.cat\/es\/gransteatrerus-inicia-su-tercera-temporada\/\" \/>\n<meta property=\"og:site_name\" content=\"Focus\" \/>\n<meta property=\"article:published_time\" content=\"2025-06-17T13:18:27+00:00\" \/>\n<meta property=\"article:modified_time\" content=\"2025-06-17T15:26:03+00:00\" \/>\n<meta property=\"og:image\" content=\"https:\/\/www.focus.cat\/wp-content\/uploads\/2025\/06\/HORITZONTAL-WEB-FOCUS-5.png\" \/>\n\t<meta property=\"og:image:width\" content=\"1600\" \/>\n\t<meta property=\"og:image:height\" content=\"900\" \/>\n\t<meta property=\"og:image:type\" content=\"image\/png\" \/>\n<meta name=\"author\" content=\"Suport Digital\" \/>\n<meta name=\"twitter:card\" content=\"summary_large_image\" \/>\n<script type=\"application\/ld+json\" class=\"yoast-schema-graph\">{\"@context\":\"https:\\\/\\\/schema.org\",\"@graph\":[{\"@type\":\"Article\",\"@id\":\"https:\\\/\\\/www.focus.cat\\\/es\\\/gransteatrerus-inicia-su-tercera-temporada\\\/#article\",\"isPartOf\":{\"@id\":\"https:\\\/\\\/www.focus.cat\\\/es\\\/gransteatrerus-inicia-su-tercera-temporada\\\/\"},\"author\":{\"name\":\"Suport Digital\",\"@id\":\"https:\\\/\\\/www.focus.cat\\\/#\\\/schema\\\/person\\\/caae89e91020f6f4091f528af5ee5e71\"},\"headline\":\"#GransTeatrerus inicia su tercera temporada\",\"datePublished\":\"2025-06-17T13:18:27+00:00\",\"dateModified\":\"2025-06-17T15:26:03+00:00\",\"mainEntityOfPage\":{\"@id\":\"https:\\\/\\\/www.focus.cat\\\/es\\\/gransteatrerus-inicia-su-tercera-temporada\\\/\"},\"wordCount\":278,\"publisher\":{\"@id\":\"https:\\\/\\\/www.focus.cat\\\/#organization\"},\"image\":{\"@id\":\"https:\\\/\\\/www.focus.cat\\\/es\\\/gransteatrerus-inicia-su-tercera-temporada\\\/#primaryimage\"},\"thumbnailUrl\":\"https:\\\/\\\/www.focus.cat\\\/wp-content\\\/uploads\\\/2025\\\/06\\\/HORITZONTAL-WEB-FOCUS-5.png\",\"articleSection\":[\"Noticias\"],\"inLanguage\":\"ca\"},{\"@type\":\"WebPage\",\"@id\":\"https:\\\/\\\/www.focus.cat\\\/es\\\/gransteatrerus-inicia-su-tercera-temporada\\\/\",\"url\":\"https:\\\/\\\/www.focus.cat\\\/es\\\/gransteatrerus-inicia-su-tercera-temporada\\\/\",\"name\":\"#GransTeatrerus inicia su tercera temporada - Focus\",\"isPartOf\":{\"@id\":\"https:\\\/\\\/www.focus.cat\\\/#website\"},\"primaryImageOfPage\":{\"@id\":\"https:\\\/\\\/www.focus.cat\\\/es\\\/gransteatrerus-inicia-su-tercera-temporada\\\/#primaryimage\"},\"image\":{\"@id\":\"https:\\\/\\\/www.focus.cat\\\/es\\\/gransteatrerus-inicia-su-tercera-temporada\\\/#primaryimage\"},\"thumbnailUrl\":\"https:\\\/\\\/www.focus.cat\\\/wp-content\\\/uploads\\\/2025\\\/06\\\/HORITZONTAL-WEB-FOCUS-5.png\",\"datePublished\":\"2025-06-17T13:18:27+00:00\",\"dateModified\":\"2025-06-17T15:26:03+00:00\",\"inLanguage\":\"ca\",\"potentialAction\":[{\"@type\":\"ReadAction\",\"target\":[\"https:\\\/\\\/www.focus.cat\\\/es\\\/gransteatrerus-inicia-su-tercera-temporada\\\/\"]}]},{\"@type\":\"ImageObject\",\"inLanguage\":\"ca\",\"@id\":\"https:\\\/\\\/www.focus.cat\\\/es\\\/gransteatrerus-inicia-su-tercera-temporada\\\/#primaryimage\",\"url\":\"https:\\\/\\\/www.focus.cat\\\/wp-content\\\/uploads\\\/2025\\\/06\\\/HORITZONTAL-WEB-FOCUS-5.png\",\"contentUrl\":\"https:\\\/\\\/www.focus.cat\\\/wp-content\\\/uploads\\\/2025\\\/06\\\/HORITZONTAL-WEB-FOCUS-5.png\",\"width\":1600,\"height\":900},{\"@type\":\"WebSite\",\"@id\":\"https:\\\/\\\/www.focus.cat\\\/#website\",\"url\":\"https:\\\/\\\/www.focus.cat\\\/\",\"name\":\"Focus\",\"description\":\"\",\"publisher\":{\"@id\":\"https:\\\/\\\/www.focus.cat\\\/#organization\"},\"potentialAction\":[{\"@type\":\"SearchAction\",\"target\":{\"@type\":\"EntryPoint\",\"urlTemplate\":\"https:\\\/\\\/www.focus.cat\\\/?s={search_term_string}\"},\"query-input\":{\"@type\":\"PropertyValueSpecification\",\"valueRequired\":true,\"valueName\":\"search_term_string\"}}],\"inLanguage\":\"ca\"},{\"@type\":\"Organization\",\"@id\":\"https:\\\/\\\/www.focus.cat\\\/#organization\",\"name\":\"Focus\",\"url\":\"https:\\\/\\\/www.focus.cat\\\/\",\"logo\":{\"@type\":\"ImageObject\",\"inLanguage\":\"ca\",\"@id\":\"https:\\\/\\\/www.focus.cat\\\/#\\\/schema\\\/logo\\\/image\\\/\",\"url\":\"https:\\\/\\\/www.focus.cat\\\/wp-content\\\/uploads\\\/2022\\\/01\\\/logo-focus-any-35.svg\",\"contentUrl\":\"https:\\\/\\\/www.focus.cat\\\/wp-content\\\/uploads\\\/2022\\\/01\\\/logo-focus-any-35.svg\",\"width\":1,\"height\":1,\"caption\":\"Focus\"},\"image\":{\"@id\":\"https:\\\/\\\/www.focus.cat\\\/#\\\/schema\\\/logo\\\/image\\\/\"}},{\"@type\":\"Person\",\"@id\":\"https:\\\/\\\/www.focus.cat\\\/#\\\/schema\\\/person\\\/caae89e91020f6f4091f528af5ee5e71\",\"name\":\"Suport Digital\",\"image\":{\"@type\":\"ImageObject\",\"inLanguage\":\"ca\",\"@id\":\"https:\\\/\\\/secure.gravatar.com\\\/avatar\\\/dd41dbc903aea1c8ca8c21ad68c0e0693be9f8c724f44cf11598395a9d1a039e?s=96&d=mm&r=g\",\"url\":\"https:\\\/\\\/secure.gravatar.com\\\/avatar\\\/dd41dbc903aea1c8ca8c21ad68c0e0693be9f8c724f44cf11598395a9d1a039e?s=96&d=mm&r=g\",\"contentUrl\":\"https:\\\/\\\/secure.gravatar.com\\\/avatar\\\/dd41dbc903aea1c8ca8c21ad68c0e0693be9f8c724f44cf11598395a9d1a039e?s=96&d=mm&r=g\",\"caption\":\"Suport Digital\"},\"url\":\"https:\\\/\\\/www.focus.cat\\\/author\\\/suport-digital\\\/\"}]}<\/script>\n<!-- \/ Yoast SEO plugin. -->","yoast_head_json":{"title":"#GransTeatrerus inicia su tercera temporada - Focus","robots":{"index":"index","follow":"follow","max-snippet":"max-snippet:-1","max-image-preview":"max-image-preview:large","max-video-preview":"max-video-preview:-1"},"canonical":"https:\/\/www.focus.cat\/gransteatrerus-inicia-su-tercera-temporada\/","og_locale":"ca_ES","og_type":"article","og_title":"#GransTeatrerus inicia su tercera temporada - Focus","og_description":"El proyecto intergeneracional #GransTeatrerus, impulsado por el Grup Focus, abre la convocatoria para formar nuevas parejas de espectadores de cara a la temporada 2025-2026. Esta iniciativa social tiene como objetivo combatir la soledad no deseada entre las personas mayores y fomentar un envejecimiento activo a trav\u00e9s del teatro y la cultura. #GransTeatrerus crea v\u00ednculos entre ... Llegeix m\u00e9s","og_url":"https:\/\/www.focus.cat\/es\/gransteatrerus-inicia-su-tercera-temporada\/","og_site_name":"Focus","article_published_time":"2025-06-17T13:18:27+00:00","article_modified_time":"2025-06-17T15:26:03+00:00","og_image":[{"width":1600,"height":900,"url":"https:\/\/www.focus.cat\/wp-content\/uploads\/2025\/06\/HORITZONTAL-WEB-FOCUS-5.png","type":"image\/png"}],"author":"Suport Digital","twitter_card":"summary_large_image","schema":{"@context":"https:\/\/schema.org","@graph":[{"@type":"Article","@id":"https:\/\/www.focus.cat\/es\/gransteatrerus-inicia-su-tercera-temporada\/#article","isPartOf":{"@id":"https:\/\/www.focus.cat\/es\/gransteatrerus-inicia-su-tercera-temporada\/"},"author":{"name":"Suport Digital","@id":"https:\/\/www.focus.cat\/#\/schema\/person\/caae89e91020f6f4091f528af5ee5e71"},"headline":"#GransTeatrerus inicia su tercera temporada","datePublished":"2025-06-17T13:18:27+00:00","dateModified":"2025-06-17T15:26:03+00:00","mainEntityOfPage":{"@id":"https:\/\/www.focus.cat\/es\/gransteatrerus-inicia-su-tercera-temporada\/"},"wordCount":278,"publisher":{"@id":"https:\/\/www.focus.cat\/#organization"},"image":{"@id":"https:\/\/www.focus.cat\/es\/gransteatrerus-inicia-su-tercera-temporada\/#primaryimage"},"thumbnailUrl":"https:\/\/www.focus.cat\/wp-content\/uploads\/2025\/06\/HORITZONTAL-WEB-FOCUS-5.png","articleSection":["Noticias"],"inLanguage":"ca"},{"@type":"WebPage","@id":"https:\/\/www.focus.cat\/es\/gransteatrerus-inicia-su-tercera-temporada\/","url":"https:\/\/www.focus.cat\/es\/gransteatrerus-inicia-su-tercera-temporada\/","name":"#GransTeatrerus inicia su tercera temporada - Focus","isPartOf":{"@id":"https:\/\/www.focus.cat\/#website"},"primaryImageOfPage":{"@id":"https:\/\/www.focus.cat\/es\/gransteatrerus-inicia-su-tercera-temporada\/#primaryimage"},"image":{"@id":"https:\/\/www.focus.cat\/es\/gransteatrerus-inicia-su-tercera-temporada\/#primaryimage"},"thumbnailUrl":"https:\/\/www.focus.cat\/wp-content\/uploads\/2025\/06\/HORITZONTAL-WEB-FOCUS-5.png","datePublished":"2025-06-17T13:18:27+00:00","dateModified":"2025-06-17T15:26:03+00:00","inLanguage":"ca","potentialAction":[{"@type":"ReadAction","target":["https:\/\/www.focus.cat\/es\/gransteatrerus-inicia-su-tercera-temporada\/"]}]},{"@type":"ImageObject","inLanguage":"ca","@id":"https:\/\/www.focus.cat\/es\/gransteatrerus-inicia-su-tercera-temporada\/#primaryimage","url":"https:\/\/www.focus.cat\/wp-content\/uploads\/2025\/06\/HORITZONTAL-WEB-FOCUS-5.png","contentUrl":"https:\/\/www.focus.cat\/wp-content\/uploads\/2025\/06\/HORITZONTAL-WEB-FOCUS-5.png","width":1600,"height":900},{"@type":"WebSite","@id":"https:\/\/www.focus.cat\/#website","url":"https:\/\/www.focus.cat\/","name":"Focus","description":"","publisher":{"@id":"https:\/\/www.focus.cat\/#organization"},"potentialAction":[{"@type":"SearchAction","target":{"@type":"EntryPoint","urlTemplate":"https:\/\/www.focus.cat\/?s={search_term_string}"},"query-input":{"@type":"PropertyValueSpecification","valueRequired":true,"valueName":"search_term_string"}}],"inLanguage":"ca"},{"@type":"Organization","@id":"https:\/\/www.focus.cat\/#organization","name":"Focus","url":"https:\/\/www.focus.cat\/","logo":{"@type":"ImageObject","inLanguage":"ca","@id":"https:\/\/www.focus.cat\/#\/schema\/logo\/image\/","url":"https:\/\/www.focus.cat\/wp-content\/uploads\/2022\/01\/logo-focus-any-35.svg","contentUrl":"https:\/\/www.focus.cat\/wp-content\/uploads\/2022\/01\/logo-focus-any-35.svg","width":1,"height":1,"caption":"Focus"},"image":{"@id":"https:\/\/www.focus.cat\/#\/schema\/logo\/image\/"}},{"@type":"Person","@id":"https:\/\/www.focus.cat\/#\/schema\/person\/caae89e91020f6f4091f528af5ee5e71","name":"Suport Digital","image":{"@type":"ImageObject","inLanguage":"ca","@id":"https:\/\/secure.gravatar.com\/avatar\/dd41dbc903aea1c8ca8c21ad68c0e0693be9f8c724f44cf11598395a9d1a039e?s=96&d=mm&r=g","url":"https:\/\/secure.gravatar.com\/avatar\/dd41dbc903aea1c8ca8c21ad68c0e0693be9f8c724f44cf11598395a9d1a039e?s=96&d=mm&r=g","contentUrl":"https:\/\/secure.gravatar.com\/avatar\/dd41dbc903aea1c8ca8c21ad68c0e0693be9f8c724f44cf11598395a9d1a039e?s=96&d=mm&r=g","caption":"Suport Digital"},"url":"https:\/\/www.focus.cat\/author\/suport-digital\/"}]}},"_links":{"self":[{"href":"https:\/\/www.focus.cat\/wp-json\/wp\/v2\/posts\/23425","targetHints":{"allow":["GET"]}}],"collection":[{"href":"https:\/\/www.focus.cat\/wp-json\/wp\/v2\/posts"}],"about":[{"href":"https:\/\/www.focus.cat\/wp-json\/wp\/v2\/types\/post"}],"author":[{"embeddable":true,"href":"https:\/\/www.focus.cat\/wp-json\/wp\/v2\/users\/15"}],"replies":[{"embeddable":true,"href":"https:\/\/www.focus.cat\/wp-json\/wp\/v2\/comments?post=23425"}],"version-history":[{"count":0,"href":"https:\/\/www.focus.cat\/wp-json\/wp\/v2\/posts\/23425\/revisions"}],"wp:featuredmedia":[{"embeddable":true,"href":"https:\/\/www.focus.cat\/wp-json\/wp\/v2\/media\/23420"}],"wp:attachment":[{"href":"https:\/\/www.focus.cat\/wp-json\/wp\/v2\/media?parent=23425"}],"wp:term":[{"taxonomy":"category","embeddable":true,"href":"https:\/\/www.focus.cat\/wp-json\/wp\/v2\/categories?post=23425"}],"curies":[{"name":"wp","href":"https:\/\/api.w.org\/{rel}","templated":true}]}}