{"id":23938,"date":"2025-07-16T10:05:42","date_gmt":"2025-07-16T10:05:42","guid":{"rendered":"https:\/\/www.focus.cat\/?p=23938"},"modified":"2025-08-04T11:14:33","modified_gmt":"2025-08-04T11:14:33","slug":"ya-a-la-venta-las-entradas-de-memorias-de-adriano-el-intimo-relato-de-un-hombre-en-dialogo-con-su-historia","status":"publish","type":"post","link":"https:\/\/www.focus.cat\/es\/ya-a-la-venta-las-entradas-de-memorias-de-adriano-el-intimo-relato-de-un-hombre-en-dialogo-con-su-historia\/","title":{"rendered":"Ya a la venta las entradas de Memorias de Adriano, el \u00edntimo relato de un hombre en di\u00e1logo con su historia"},"content":{"rendered":"<p>Esta coproducci\u00f3n del Teatre Romea y del Festival Internacional de Teatro Cl\u00e1sico de M\u00e9rida se estrena este mi\u00e9rcoles 6 de agosto en el marco del <a href=\"https:\/\/www.festivaldemerida.es\/programacion\/memorias-de-adriano\/\">Festival de Teatro Cl\u00e1sico<\/a>, donde se representar\u00e1 hasta el domingo 10 de agosto. Posteriormente, estar\u00e1 en el <a href=\"https:\/\/www.grupomarquina.es\/espectaculos\/memorias-adriano-teatro-madrid\">Teatro Marquina<\/a> del 19 de septiembre al 12 de octubre.<\/p>\n<p>Las entradas para disfrutar de Memorias de Adriano en el Teatro Marquina de Madrid del 19 de septiembre al 12 de octubre de 2025 ya est\u00e1n a la venta. Esta coproducci\u00f3n de Teatre Romea y del Festival Internacional de Teatro Cl\u00e1sico de M\u00e9rida llegar\u00e1 a Madrid tras su estreno del 6 al 10 de agosto dentro del marco de la cita teatral estival.<\/p>\n<p>La obra de Marguerite Yourcenar, uno de los textos hist\u00f3ricos m\u00e1s conocidos y valorados del siglo XX, llega a las tablas protagonizada por Llu\u00eds Homar y dirigida por Beatriz Ja\u00e9n, Memorias de Adriano es un espect\u00e1culo basado en la novela hom\u00f3nima de Marguerite Yourcenar, con dramaturgia de Brenda Escobedo a partir de la traducci\u00f3n de Julio Cort\u00e1zar. Junto a Homar dando voz a la soledad del emperador Adriano, completan el reparto Clara Mingueza, \u00c1lvar Nahuel, Marc Domingo, Xavi Casan y Ricard Boyle.<\/p>\n<p><img decoding=\"async\" class=\" wp-image-23936 aligncenter\" src=\"https:\/\/www.focus.cat\/wp-content\/uploads\/2025\/07\/8-Videos-HD-YT-1124x632.jpg\" alt=\"\" width=\"875\" height=\"492\" srcset=\"https:\/\/www.focus.cat\/wp-content\/uploads\/2025\/07\/8-Videos-HD-YT-1124x632.jpg 1124w, https:\/\/www.focus.cat\/wp-content\/uploads\/2025\/07\/8-Videos-HD-YT-300x169.jpg 300w, https:\/\/www.focus.cat\/wp-content\/uploads\/2025\/07\/8-Videos-HD-YT-150x84.jpg 150w, https:\/\/www.focus.cat\/wp-content\/uploads\/2025\/07\/8-Videos-HD-YT-800x450.jpg 800w, https:\/\/www.focus.cat\/wp-content\/uploads\/2025\/07\/8-Videos-HD-YT-1536x864.jpg 1536w, https:\/\/www.focus.cat\/wp-content\/uploads\/2025\/07\/8-Videos-HD-YT-1500x844.jpg 1500w, https:\/\/www.focus.cat\/wp-content\/uploads\/2025\/07\/8-Videos-HD-YT.jpg 1920w\" sizes=\"(max-width: 875px) 100vw, 875px\" \/><\/p>\n","protected":false},"excerpt":{"rendered":"<p>Esta coproducci\u00f3n del Teatre Romea y del Festival Internacional de Teatro Cl\u00e1sico de M\u00e9rida se estrena este mi\u00e9rcoles 6 de agosto en el marco del Festival de Teatro Cl\u00e1sico, donde se representar\u00e1 hasta el domingo 10 de agosto. Posteriormente, estar\u00e1 en el Teatro Marquina del 19 de septiembre al 12 de octubre. Las entradas para<a class=\"excerpt-read-more\" href=\"https:\/\/www.focus.cat\/es\/ya-a-la-venta-las-entradas-de-memorias-de-adriano-el-intimo-relato-de-un-hombre-en-dialogo-con-su-historia\/\" title=\"LlegeixYa a la venta las entradas de Memorias de Adriano, el \u00edntimo relato de un hombre en di\u00e1logo con su historia\"> &#8230; Llegeix m\u00e9s<\/a><\/p>\n","protected":false},"author":15,"featured_media":23933,"comment_status":"closed","ping_status":"closed","sticky":false,"template":"","format":"standard","meta":{"_acf_changed":false,"inline_featured_image":false,"footnotes":""},"categories":[4],"class_list":["post-23938","post","type-post","status-publish","format-standard","has-post-thumbnail","hentry","category-noticias"],"acf":[],"yoast_head":"<!-- This site is optimized with the Yoast SEO plugin v27.5 - https:\/\/yoast.com\/product\/yoast-seo-wordpress\/ -->\n<title>Ya a la venta las entradas de Memorias de Adriano, el \u00edntimo relato de un hombre en di\u00e1logo con su historia - Focus<\/title>\n<meta name=\"robots\" content=\"index, follow, max-snippet:-1, max-image-preview:large, max-video-preview:-1\" \/>\n<link rel=\"canonical\" href=\"https:\/\/www.focus.cat\/ya-a-la-venta-las-entradas-de-memorias-de-adriano-el-intimo-relato-de-un-hombre-en-dialogo-con-su-historia\/\" \/>\n<meta property=\"og:locale\" content=\"ca_ES\" \/>\n<meta property=\"og:type\" content=\"article\" \/>\n<meta property=\"og:title\" content=\"Ya a la venta las entradas de Memorias de Adriano, el \u00edntimo relato de un hombre en di\u00e1logo con su historia - Focus\" \/>\n<meta property=\"og:description\" content=\"Esta coproducci\u00f3n del Teatre Romea y del Festival Internacional de Teatro Cl\u00e1sico de M\u00e9rida se estrena este mi\u00e9rcoles 6 de agosto en el marco del Festival de Teatro Cl\u00e1sico, donde se representar\u00e1 hasta el domingo 10 de agosto. Posteriormente, estar\u00e1 en el Teatro Marquina del 19 de septiembre al 12 de octubre. Las entradas para ... Llegeix m\u00e9s\" \/>\n<meta property=\"og:url\" content=\"https:\/\/www.focus.cat\/es\/ya-a-la-venta-las-entradas-de-memorias-de-adriano-el-intimo-relato-de-un-hombre-en-dialogo-con-su-historia\/\" \/>\n<meta property=\"og:site_name\" content=\"Focus\" \/>\n<meta property=\"article:published_time\" content=\"2025-07-16T10:05:42+00:00\" \/>\n<meta property=\"article:modified_time\" content=\"2025-08-04T11:14:33+00:00\" \/>\n<meta property=\"og:image\" content=\"https:\/\/www.focus.cat\/wp-content\/uploads\/2025\/07\/QUADRAT-WEB-FOCUS-7.png\" \/>\n\t<meta property=\"og:image:width\" content=\"1080\" \/>\n\t<meta property=\"og:image:height\" content=\"1080\" \/>\n\t<meta property=\"og:image:type\" content=\"image\/png\" \/>\n<meta name=\"author\" content=\"Suport Digital\" \/>\n<meta name=\"twitter:card\" content=\"summary_large_image\" \/>\n<script type=\"application\/ld+json\" class=\"yoast-schema-graph\">{\"@context\":\"https:\\\/\\\/schema.org\",\"@graph\":[{\"@type\":\"Article\",\"@id\":\"https:\\\/\\\/www.focus.cat\\\/es\\\/ya-a-la-venta-las-entradas-de-memorias-de-adriano-el-intimo-relato-de-un-hombre-en-dialogo-con-su-historia\\\/#article\",\"isPartOf\":{\"@id\":\"https:\\\/\\\/www.focus.cat\\\/es\\\/ya-a-la-venta-las-entradas-de-memorias-de-adriano-el-intimo-relato-de-un-hombre-en-dialogo-con-su-historia\\\/\"},\"author\":{\"name\":\"Suport Digital\",\"@id\":\"https:\\\/\\\/www.focus.cat\\\/#\\\/schema\\\/person\\\/caae89e91020f6f4091f528af5ee5e71\"},\"headline\":\"Ya a la venta las entradas de Memorias de Adriano, el \u00edntimo relato de un hombre en di\u00e1logo con su historia\",\"datePublished\":\"2025-07-16T10:05:42+00:00\",\"dateModified\":\"2025-08-04T11:14:33+00:00\",\"mainEntityOfPage\":{\"@id\":\"https:\\\/\\\/www.focus.cat\\\/es\\\/ya-a-la-venta-las-entradas-de-memorias-de-adriano-el-intimo-relato-de-un-hombre-en-dialogo-con-su-historia\\\/\"},\"wordCount\":227,\"publisher\":{\"@id\":\"https:\\\/\\\/www.focus.cat\\\/#organization\"},\"image\":{\"@id\":\"https:\\\/\\\/www.focus.cat\\\/es\\\/ya-a-la-venta-las-entradas-de-memorias-de-adriano-el-intimo-relato-de-un-hombre-en-dialogo-con-su-historia\\\/#primaryimage\"},\"thumbnailUrl\":\"https:\\\/\\\/www.focus.cat\\\/wp-content\\\/uploads\\\/2025\\\/07\\\/QUADRAT-WEB-FOCUS-7.png\",\"articleSection\":[\"Noticias\"],\"inLanguage\":\"ca\"},{\"@type\":\"WebPage\",\"@id\":\"https:\\\/\\\/www.focus.cat\\\/es\\\/ya-a-la-venta-las-entradas-de-memorias-de-adriano-el-intimo-relato-de-un-hombre-en-dialogo-con-su-historia\\\/\",\"url\":\"https:\\\/\\\/www.focus.cat\\\/es\\\/ya-a-la-venta-las-entradas-de-memorias-de-adriano-el-intimo-relato-de-un-hombre-en-dialogo-con-su-historia\\\/\",\"name\":\"Ya a la venta las entradas de Memorias de Adriano, el \u00edntimo relato de un hombre en di\u00e1logo con su historia - Focus\",\"isPartOf\":{\"@id\":\"https:\\\/\\\/www.focus.cat\\\/#website\"},\"primaryImageOfPage\":{\"@id\":\"https:\\\/\\\/www.focus.cat\\\/es\\\/ya-a-la-venta-las-entradas-de-memorias-de-adriano-el-intimo-relato-de-un-hombre-en-dialogo-con-su-historia\\\/#primaryimage\"},\"image\":{\"@id\":\"https:\\\/\\\/www.focus.cat\\\/es\\\/ya-a-la-venta-las-entradas-de-memorias-de-adriano-el-intimo-relato-de-un-hombre-en-dialogo-con-su-historia\\\/#primaryimage\"},\"thumbnailUrl\":\"https:\\\/\\\/www.focus.cat\\\/wp-content\\\/uploads\\\/2025\\\/07\\\/QUADRAT-WEB-FOCUS-7.png\",\"datePublished\":\"2025-07-16T10:05:42+00:00\",\"dateModified\":\"2025-08-04T11:14:33+00:00\",\"inLanguage\":\"ca\",\"potentialAction\":[{\"@type\":\"ReadAction\",\"target\":[\"https:\\\/\\\/www.focus.cat\\\/es\\\/ya-a-la-venta-las-entradas-de-memorias-de-adriano-el-intimo-relato-de-un-hombre-en-dialogo-con-su-historia\\\/\"]}]},{\"@type\":\"ImageObject\",\"inLanguage\":\"ca\",\"@id\":\"https:\\\/\\\/www.focus.cat\\\/es\\\/ya-a-la-venta-las-entradas-de-memorias-de-adriano-el-intimo-relato-de-un-hombre-en-dialogo-con-su-historia\\\/#primaryimage\",\"url\":\"https:\\\/\\\/www.focus.cat\\\/wp-content\\\/uploads\\\/2025\\\/07\\\/QUADRAT-WEB-FOCUS-7.png\",\"contentUrl\":\"https:\\\/\\\/www.focus.cat\\\/wp-content\\\/uploads\\\/2025\\\/07\\\/QUADRAT-WEB-FOCUS-7.png\",\"width\":1080,\"height\":1080},{\"@type\":\"WebSite\",\"@id\":\"https:\\\/\\\/www.focus.cat\\\/#website\",\"url\":\"https:\\\/\\\/www.focus.cat\\\/\",\"name\":\"Focus\",\"description\":\"\",\"publisher\":{\"@id\":\"https:\\\/\\\/www.focus.cat\\\/#organization\"},\"potentialAction\":[{\"@type\":\"SearchAction\",\"target\":{\"@type\":\"EntryPoint\",\"urlTemplate\":\"https:\\\/\\\/www.focus.cat\\\/?s={search_term_string}\"},\"query-input\":{\"@type\":\"PropertyValueSpecification\",\"valueRequired\":true,\"valueName\":\"search_term_string\"}}],\"inLanguage\":\"ca\"},{\"@type\":\"Organization\",\"@id\":\"https:\\\/\\\/www.focus.cat\\\/#organization\",\"name\":\"Focus\",\"url\":\"https:\\\/\\\/www.focus.cat\\\/\",\"logo\":{\"@type\":\"ImageObject\",\"inLanguage\":\"ca\",\"@id\":\"https:\\\/\\\/www.focus.cat\\\/#\\\/schema\\\/logo\\\/image\\\/\",\"url\":\"https:\\\/\\\/www.focus.cat\\\/wp-content\\\/uploads\\\/2022\\\/01\\\/logo-focus-any-35.svg\",\"contentUrl\":\"https:\\\/\\\/www.focus.cat\\\/wp-content\\\/uploads\\\/2022\\\/01\\\/logo-focus-any-35.svg\",\"width\":1,\"height\":1,\"caption\":\"Focus\"},\"image\":{\"@id\":\"https:\\\/\\\/www.focus.cat\\\/#\\\/schema\\\/logo\\\/image\\\/\"}},{\"@type\":\"Person\",\"@id\":\"https:\\\/\\\/www.focus.cat\\\/#\\\/schema\\\/person\\\/caae89e91020f6f4091f528af5ee5e71\",\"name\":\"Suport Digital\",\"image\":{\"@type\":\"ImageObject\",\"inLanguage\":\"ca\",\"@id\":\"https:\\\/\\\/secure.gravatar.com\\\/avatar\\\/dd41dbc903aea1c8ca8c21ad68c0e0693be9f8c724f44cf11598395a9d1a039e?s=96&d=mm&r=g\",\"url\":\"https:\\\/\\\/secure.gravatar.com\\\/avatar\\\/dd41dbc903aea1c8ca8c21ad68c0e0693be9f8c724f44cf11598395a9d1a039e?s=96&d=mm&r=g\",\"contentUrl\":\"https:\\\/\\\/secure.gravatar.com\\\/avatar\\\/dd41dbc903aea1c8ca8c21ad68c0e0693be9f8c724f44cf11598395a9d1a039e?s=96&d=mm&r=g\",\"caption\":\"Suport Digital\"},\"url\":\"https:\\\/\\\/www.focus.cat\\\/author\\\/suport-digital\\\/\"}]}<\/script>\n<!-- \/ Yoast SEO plugin. -->","yoast_head_json":{"title":"Ya a la venta las entradas de Memorias de Adriano, el \u00edntimo relato de un hombre en di\u00e1logo con su historia - Focus","robots":{"index":"index","follow":"follow","max-snippet":"max-snippet:-1","max-image-preview":"max-image-preview:large","max-video-preview":"max-video-preview:-1"},"canonical":"https:\/\/www.focus.cat\/ya-a-la-venta-las-entradas-de-memorias-de-adriano-el-intimo-relato-de-un-hombre-en-dialogo-con-su-historia\/","og_locale":"ca_ES","og_type":"article","og_title":"Ya a la venta las entradas de Memorias de Adriano, el \u00edntimo relato de un hombre en di\u00e1logo con su historia - Focus","og_description":"Esta coproducci\u00f3n del Teatre Romea y del Festival Internacional de Teatro Cl\u00e1sico de M\u00e9rida se estrena este mi\u00e9rcoles 6 de agosto en el marco del Festival de Teatro Cl\u00e1sico, donde se representar\u00e1 hasta el domingo 10 de agosto. Posteriormente, estar\u00e1 en el Teatro Marquina del 19 de septiembre al 12 de octubre. Las entradas para ... Llegeix m\u00e9s","og_url":"https:\/\/www.focus.cat\/es\/ya-a-la-venta-las-entradas-de-memorias-de-adriano-el-intimo-relato-de-un-hombre-en-dialogo-con-su-historia\/","og_site_name":"Focus","article_published_time":"2025-07-16T10:05:42+00:00","article_modified_time":"2025-08-04T11:14:33+00:00","og_image":[{"width":1080,"height":1080,"url":"https:\/\/www.focus.cat\/wp-content\/uploads\/2025\/07\/QUADRAT-WEB-FOCUS-7.png","type":"image\/png"}],"author":"Suport Digital","twitter_card":"summary_large_image","schema":{"@context":"https:\/\/schema.org","@graph":[{"@type":"Article","@id":"https:\/\/www.focus.cat\/es\/ya-a-la-venta-las-entradas-de-memorias-de-adriano-el-intimo-relato-de-un-hombre-en-dialogo-con-su-historia\/#article","isPartOf":{"@id":"https:\/\/www.focus.cat\/es\/ya-a-la-venta-las-entradas-de-memorias-de-adriano-el-intimo-relato-de-un-hombre-en-dialogo-con-su-historia\/"},"author":{"name":"Suport Digital","@id":"https:\/\/www.focus.cat\/#\/schema\/person\/caae89e91020f6f4091f528af5ee5e71"},"headline":"Ya a la venta las entradas de Memorias de Adriano, el \u00edntimo relato de un hombre en di\u00e1logo con su historia","datePublished":"2025-07-16T10:05:42+00:00","dateModified":"2025-08-04T11:14:33+00:00","mainEntityOfPage":{"@id":"https:\/\/www.focus.cat\/es\/ya-a-la-venta-las-entradas-de-memorias-de-adriano-el-intimo-relato-de-un-hombre-en-dialogo-con-su-historia\/"},"wordCount":227,"publisher":{"@id":"https:\/\/www.focus.cat\/#organization"},"image":{"@id":"https:\/\/www.focus.cat\/es\/ya-a-la-venta-las-entradas-de-memorias-de-adriano-el-intimo-relato-de-un-hombre-en-dialogo-con-su-historia\/#primaryimage"},"thumbnailUrl":"https:\/\/www.focus.cat\/wp-content\/uploads\/2025\/07\/QUADRAT-WEB-FOCUS-7.png","articleSection":["Noticias"],"inLanguage":"ca"},{"@type":"WebPage","@id":"https:\/\/www.focus.cat\/es\/ya-a-la-venta-las-entradas-de-memorias-de-adriano-el-intimo-relato-de-un-hombre-en-dialogo-con-su-historia\/","url":"https:\/\/www.focus.cat\/es\/ya-a-la-venta-las-entradas-de-memorias-de-adriano-el-intimo-relato-de-un-hombre-en-dialogo-con-su-historia\/","name":"Ya a la venta las entradas de Memorias de Adriano, el \u00edntimo relato de un hombre en di\u00e1logo con su historia - Focus","isPartOf":{"@id":"https:\/\/www.focus.cat\/#website"},"primaryImageOfPage":{"@id":"https:\/\/www.focus.cat\/es\/ya-a-la-venta-las-entradas-de-memorias-de-adriano-el-intimo-relato-de-un-hombre-en-dialogo-con-su-historia\/#primaryimage"},"image":{"@id":"https:\/\/www.focus.cat\/es\/ya-a-la-venta-las-entradas-de-memorias-de-adriano-el-intimo-relato-de-un-hombre-en-dialogo-con-su-historia\/#primaryimage"},"thumbnailUrl":"https:\/\/www.focus.cat\/wp-content\/uploads\/2025\/07\/QUADRAT-WEB-FOCUS-7.png","datePublished":"2025-07-16T10:05:42+00:00","dateModified":"2025-08-04T11:14:33+00:00","inLanguage":"ca","potentialAction":[{"@type":"ReadAction","target":["https:\/\/www.focus.cat\/es\/ya-a-la-venta-las-entradas-de-memorias-de-adriano-el-intimo-relato-de-un-hombre-en-dialogo-con-su-historia\/"]}]},{"@type":"ImageObject","inLanguage":"ca","@id":"https:\/\/www.focus.cat\/es\/ya-a-la-venta-las-entradas-de-memorias-de-adriano-el-intimo-relato-de-un-hombre-en-dialogo-con-su-historia\/#primaryimage","url":"https:\/\/www.focus.cat\/wp-content\/uploads\/2025\/07\/QUADRAT-WEB-FOCUS-7.png","contentUrl":"https:\/\/www.focus.cat\/wp-content\/uploads\/2025\/07\/QUADRAT-WEB-FOCUS-7.png","width":1080,"height":1080},{"@type":"WebSite","@id":"https:\/\/www.focus.cat\/#website","url":"https:\/\/www.focus.cat\/","name":"Focus","description":"","publisher":{"@id":"https:\/\/www.focus.cat\/#organization"},"potentialAction":[{"@type":"SearchAction","target":{"@type":"EntryPoint","urlTemplate":"https:\/\/www.focus.cat\/?s={search_term_string}"},"query-input":{"@type":"PropertyValueSpecification","valueRequired":true,"valueName":"search_term_string"}}],"inLanguage":"ca"},{"@type":"Organization","@id":"https:\/\/www.focus.cat\/#organization","name":"Focus","url":"https:\/\/www.focus.cat\/","logo":{"@type":"ImageObject","inLanguage":"ca","@id":"https:\/\/www.focus.cat\/#\/schema\/logo\/image\/","url":"https:\/\/www.focus.cat\/wp-content\/uploads\/2022\/01\/logo-focus-any-35.svg","contentUrl":"https:\/\/www.focus.cat\/wp-content\/uploads\/2022\/01\/logo-focus-any-35.svg","width":1,"height":1,"caption":"Focus"},"image":{"@id":"https:\/\/www.focus.cat\/#\/schema\/logo\/image\/"}},{"@type":"Person","@id":"https:\/\/www.focus.cat\/#\/schema\/person\/caae89e91020f6f4091f528af5ee5e71","name":"Suport Digital","image":{"@type":"ImageObject","inLanguage":"ca","@id":"https:\/\/secure.gravatar.com\/avatar\/dd41dbc903aea1c8ca8c21ad68c0e0693be9f8c724f44cf11598395a9d1a039e?s=96&d=mm&r=g","url":"https:\/\/secure.gravatar.com\/avatar\/dd41dbc903aea1c8ca8c21ad68c0e0693be9f8c724f44cf11598395a9d1a039e?s=96&d=mm&r=g","contentUrl":"https:\/\/secure.gravatar.com\/avatar\/dd41dbc903aea1c8ca8c21ad68c0e0693be9f8c724f44cf11598395a9d1a039e?s=96&d=mm&r=g","caption":"Suport Digital"},"url":"https:\/\/www.focus.cat\/author\/suport-digital\/"}]}},"_links":{"self":[{"href":"https:\/\/www.focus.cat\/wp-json\/wp\/v2\/posts\/23938","targetHints":{"allow":["GET"]}}],"collection":[{"href":"https:\/\/www.focus.cat\/wp-json\/wp\/v2\/posts"}],"about":[{"href":"https:\/\/www.focus.cat\/wp-json\/wp\/v2\/types\/post"}],"author":[{"embeddable":true,"href":"https:\/\/www.focus.cat\/wp-json\/wp\/v2\/users\/15"}],"replies":[{"embeddable":true,"href":"https:\/\/www.focus.cat\/wp-json\/wp\/v2\/comments?post=23938"}],"version-history":[{"count":0,"href":"https:\/\/www.focus.cat\/wp-json\/wp\/v2\/posts\/23938\/revisions"}],"wp:featuredmedia":[{"embeddable":true,"href":"https:\/\/www.focus.cat\/wp-json\/wp\/v2\/media\/23933"}],"wp:attachment":[{"href":"https:\/\/www.focus.cat\/wp-json\/wp\/v2\/media?parent=23938"}],"wp:term":[{"taxonomy":"category","embeddable":true,"href":"https:\/\/www.focus.cat\/wp-json\/wp\/v2\/categories?post=23938"}],"curies":[{"name":"wp","href":"https:\/\/api.w.org\/{rel}","templated":true}]}}