{"id":23965,"date":"2025-07-16T10:30:22","date_gmt":"2025-07-16T10:30:22","guid":{"rendered":"https:\/\/www.focus.cat\/?p=23965"},"modified":"2025-08-04T11:34:21","modified_gmt":"2025-08-04T11:34:21","slug":"la-villarroel-estrena-grand-canyon-el-nuevo-exito-de-la-dramaturgia-catalana","status":"publish","type":"post","link":"https:\/\/www.focus.cat\/es\/la-villarroel-estrena-grand-canyon-el-nuevo-exito-de-la-dramaturgia-catalana\/","title":{"rendered":"Vuelve Grand Canyon, la conmovedora obra de Sergi Pompermayer sobre la necesidad de luchar por los sue\u00f1os y la libertad"},"content":{"rendered":"<p>El espect\u00e1culo, dirigido por <strong>Pere Arquillu\u00e9<\/strong>, con un reparto encabezado por <strong>Joan Carreras<\/strong> y <strong>Mireia Aixal\u00e0<\/strong>, y estrenado en el marco del Festival GREC, abrir\u00e1 la programaci\u00f3n de <strong>La Villarroel<\/strong>, presentando de nuevo esta dura historia sobre la desigualdad, la precariedad social y la desesperanza, que al mismo tiempo es todo un canto a la libertad y a la necesidad de perseguir nuestros sue\u00f1os.<\/p>\n<p>Segunda de las historias americanas de <strong>Sergi Pompermayer<\/strong> y continuaci\u00f3n conceptual (aunque no argumental) de Am\u00e8rica, tambi\u00e9n estrenada en La Villarroel, <a href=\"https:\/\/www.lavillarroel.cat\/es\/ex\/grand-canyon-2\/\"><em>Grand Canyon<\/em><\/a> ha causado un fuerte impacto tanto en la cr\u00edtica como en el p\u00fablico, destacando la potente interpretaci\u00f3n del elenco, la envolvente atm\u00f3sfera de la puesta en escena y el texto de Pompermayer, del que se ha dicho que es una de las mejores obras que ha escrito el autor.<\/p>\n<p>El montaje se exhibir\u00e1 durante 2 \u00fanicas semanas en La Villarroel.<\/p>\n","protected":false},"excerpt":{"rendered":"<p>El espect\u00e1culo, dirigido por Pere Arquillu\u00e9, con un reparto encabezado por Joan Carreras y Mireia Aixal\u00e0, y estrenado en el marco del Festival GREC, abrir\u00e1 la programaci\u00f3n de La Villarroel, presentando de nuevo esta dura historia sobre la desigualdad, la precariedad social y la desesperanza, que al mismo tiempo es todo un canto a la<a class=\"excerpt-read-more\" href=\"https:\/\/www.focus.cat\/es\/la-villarroel-estrena-grand-canyon-el-nuevo-exito-de-la-dramaturgia-catalana\/\" title=\"LlegeixVuelve Grand Canyon, la conmovedora obra de Sergi Pompermayer sobre la necesidad de luchar por los sue\u00f1os y la libertad\"> &#8230; Llegeix m\u00e9s<\/a><\/p>\n","protected":false},"author":15,"featured_media":23960,"comment_status":"closed","ping_status":"closed","sticky":false,"template":"","format":"standard","meta":{"_acf_changed":false,"inline_featured_image":false,"footnotes":""},"categories":[4],"class_list":["post-23965","post","type-post","status-publish","format-standard","has-post-thumbnail","hentry","category-noticias"],"acf":[],"yoast_head":"<!-- This site is optimized with the Yoast SEO plugin v27.5 - https:\/\/yoast.com\/product\/yoast-seo-wordpress\/ -->\n<title>Vuelve Grand Canyon, la conmovedora obra de Sergi Pompermayer sobre la necesidad de luchar por los sue\u00f1os y la libertad - Focus<\/title>\n<meta name=\"robots\" content=\"index, follow, max-snippet:-1, max-image-preview:large, max-video-preview:-1\" \/>\n<link rel=\"canonical\" href=\"https:\/\/www.focus.cat\/la-villarroel-estrena-grand-canyon-el-nuevo-exito-de-la-dramaturgia-catalana\/\" \/>\n<meta property=\"og:locale\" content=\"ca_ES\" \/>\n<meta property=\"og:type\" content=\"article\" \/>\n<meta property=\"og:title\" content=\"Vuelve Grand Canyon, la conmovedora obra de Sergi Pompermayer sobre la necesidad de luchar por los sue\u00f1os y la libertad - Focus\" \/>\n<meta property=\"og:description\" content=\"El espect\u00e1culo, dirigido por Pere Arquillu\u00e9, con un reparto encabezado por Joan Carreras y Mireia Aixal\u00e0, y estrenado en el marco del Festival GREC, abrir\u00e1 la programaci\u00f3n de La Villarroel, presentando de nuevo esta dura historia sobre la desigualdad, la precariedad social y la desesperanza, que al mismo tiempo es todo un canto a la ... Llegeix m\u00e9s\" \/>\n<meta property=\"og:url\" content=\"https:\/\/www.focus.cat\/es\/la-villarroel-estrena-grand-canyon-el-nuevo-exito-de-la-dramaturgia-catalana\/\" \/>\n<meta property=\"og:site_name\" content=\"Focus\" \/>\n<meta property=\"article:published_time\" content=\"2025-07-16T10:30:22+00:00\" \/>\n<meta property=\"article:modified_time\" content=\"2025-08-04T11:34:21+00:00\" \/>\n<meta property=\"og:image\" content=\"https:\/\/www.focus.cat\/wp-content\/uploads\/2025\/07\/HORITZONTAL-WEB-FOCUS-7.png\" \/>\n\t<meta property=\"og:image:width\" content=\"1600\" \/>\n\t<meta property=\"og:image:height\" content=\"900\" \/>\n\t<meta property=\"og:image:type\" content=\"image\/png\" \/>\n<meta name=\"author\" content=\"Suport Digital\" \/>\n<meta name=\"twitter:card\" content=\"summary_large_image\" \/>\n<script type=\"application\/ld+json\" class=\"yoast-schema-graph\">{\"@context\":\"https:\\\/\\\/schema.org\",\"@graph\":[{\"@type\":\"Article\",\"@id\":\"https:\\\/\\\/www.focus.cat\\\/es\\\/la-villarroel-estrena-grand-canyon-el-nuevo-exito-de-la-dramaturgia-catalana\\\/#article\",\"isPartOf\":{\"@id\":\"https:\\\/\\\/www.focus.cat\\\/es\\\/la-villarroel-estrena-grand-canyon-el-nuevo-exito-de-la-dramaturgia-catalana\\\/\"},\"author\":{\"name\":\"Suport Digital\",\"@id\":\"https:\\\/\\\/www.focus.cat\\\/#\\\/schema\\\/person\\\/caae89e91020f6f4091f528af5ee5e71\"},\"headline\":\"Vuelve Grand Canyon, la conmovedora obra de Sergi Pompermayer sobre la necesidad de luchar por los sue\u00f1os y la libertad\",\"datePublished\":\"2025-07-16T10:30:22+00:00\",\"dateModified\":\"2025-08-04T11:34:21+00:00\",\"mainEntityOfPage\":{\"@id\":\"https:\\\/\\\/www.focus.cat\\\/es\\\/la-villarroel-estrena-grand-canyon-el-nuevo-exito-de-la-dramaturgia-catalana\\\/\"},\"wordCount\":177,\"publisher\":{\"@id\":\"https:\\\/\\\/www.focus.cat\\\/#organization\"},\"image\":{\"@id\":\"https:\\\/\\\/www.focus.cat\\\/es\\\/la-villarroel-estrena-grand-canyon-el-nuevo-exito-de-la-dramaturgia-catalana\\\/#primaryimage\"},\"thumbnailUrl\":\"https:\\\/\\\/www.focus.cat\\\/wp-content\\\/uploads\\\/2025\\\/07\\\/HORITZONTAL-WEB-FOCUS-7.png\",\"articleSection\":[\"Noticias\"],\"inLanguage\":\"ca\"},{\"@type\":\"WebPage\",\"@id\":\"https:\\\/\\\/www.focus.cat\\\/es\\\/la-villarroel-estrena-grand-canyon-el-nuevo-exito-de-la-dramaturgia-catalana\\\/\",\"url\":\"https:\\\/\\\/www.focus.cat\\\/es\\\/la-villarroel-estrena-grand-canyon-el-nuevo-exito-de-la-dramaturgia-catalana\\\/\",\"name\":\"Vuelve Grand Canyon, la conmovedora obra de Sergi Pompermayer sobre la necesidad de luchar por los sue\u00f1os y la libertad - Focus\",\"isPartOf\":{\"@id\":\"https:\\\/\\\/www.focus.cat\\\/#website\"},\"primaryImageOfPage\":{\"@id\":\"https:\\\/\\\/www.focus.cat\\\/es\\\/la-villarroel-estrena-grand-canyon-el-nuevo-exito-de-la-dramaturgia-catalana\\\/#primaryimage\"},\"image\":{\"@id\":\"https:\\\/\\\/www.focus.cat\\\/es\\\/la-villarroel-estrena-grand-canyon-el-nuevo-exito-de-la-dramaturgia-catalana\\\/#primaryimage\"},\"thumbnailUrl\":\"https:\\\/\\\/www.focus.cat\\\/wp-content\\\/uploads\\\/2025\\\/07\\\/HORITZONTAL-WEB-FOCUS-7.png\",\"datePublished\":\"2025-07-16T10:30:22+00:00\",\"dateModified\":\"2025-08-04T11:34:21+00:00\",\"inLanguage\":\"ca\",\"potentialAction\":[{\"@type\":\"ReadAction\",\"target\":[\"https:\\\/\\\/www.focus.cat\\\/es\\\/la-villarroel-estrena-grand-canyon-el-nuevo-exito-de-la-dramaturgia-catalana\\\/\"]}]},{\"@type\":\"ImageObject\",\"inLanguage\":\"ca\",\"@id\":\"https:\\\/\\\/www.focus.cat\\\/es\\\/la-villarroel-estrena-grand-canyon-el-nuevo-exito-de-la-dramaturgia-catalana\\\/#primaryimage\",\"url\":\"https:\\\/\\\/www.focus.cat\\\/wp-content\\\/uploads\\\/2025\\\/07\\\/HORITZONTAL-WEB-FOCUS-7.png\",\"contentUrl\":\"https:\\\/\\\/www.focus.cat\\\/wp-content\\\/uploads\\\/2025\\\/07\\\/HORITZONTAL-WEB-FOCUS-7.png\",\"width\":1600,\"height\":900},{\"@type\":\"WebSite\",\"@id\":\"https:\\\/\\\/www.focus.cat\\\/#website\",\"url\":\"https:\\\/\\\/www.focus.cat\\\/\",\"name\":\"Focus\",\"description\":\"\",\"publisher\":{\"@id\":\"https:\\\/\\\/www.focus.cat\\\/#organization\"},\"potentialAction\":[{\"@type\":\"SearchAction\",\"target\":{\"@type\":\"EntryPoint\",\"urlTemplate\":\"https:\\\/\\\/www.focus.cat\\\/?s={search_term_string}\"},\"query-input\":{\"@type\":\"PropertyValueSpecification\",\"valueRequired\":true,\"valueName\":\"search_term_string\"}}],\"inLanguage\":\"ca\"},{\"@type\":\"Organization\",\"@id\":\"https:\\\/\\\/www.focus.cat\\\/#organization\",\"name\":\"Focus\",\"url\":\"https:\\\/\\\/www.focus.cat\\\/\",\"logo\":{\"@type\":\"ImageObject\",\"inLanguage\":\"ca\",\"@id\":\"https:\\\/\\\/www.focus.cat\\\/#\\\/schema\\\/logo\\\/image\\\/\",\"url\":\"https:\\\/\\\/www.focus.cat\\\/wp-content\\\/uploads\\\/2022\\\/01\\\/logo-focus-any-35.svg\",\"contentUrl\":\"https:\\\/\\\/www.focus.cat\\\/wp-content\\\/uploads\\\/2022\\\/01\\\/logo-focus-any-35.svg\",\"width\":1,\"height\":1,\"caption\":\"Focus\"},\"image\":{\"@id\":\"https:\\\/\\\/www.focus.cat\\\/#\\\/schema\\\/logo\\\/image\\\/\"}},{\"@type\":\"Person\",\"@id\":\"https:\\\/\\\/www.focus.cat\\\/#\\\/schema\\\/person\\\/caae89e91020f6f4091f528af5ee5e71\",\"name\":\"Suport Digital\",\"image\":{\"@type\":\"ImageObject\",\"inLanguage\":\"ca\",\"@id\":\"https:\\\/\\\/secure.gravatar.com\\\/avatar\\\/dd41dbc903aea1c8ca8c21ad68c0e0693be9f8c724f44cf11598395a9d1a039e?s=96&d=mm&r=g\",\"url\":\"https:\\\/\\\/secure.gravatar.com\\\/avatar\\\/dd41dbc903aea1c8ca8c21ad68c0e0693be9f8c724f44cf11598395a9d1a039e?s=96&d=mm&r=g\",\"contentUrl\":\"https:\\\/\\\/secure.gravatar.com\\\/avatar\\\/dd41dbc903aea1c8ca8c21ad68c0e0693be9f8c724f44cf11598395a9d1a039e?s=96&d=mm&r=g\",\"caption\":\"Suport Digital\"},\"url\":\"https:\\\/\\\/www.focus.cat\\\/author\\\/suport-digital\\\/\"}]}<\/script>\n<!-- \/ Yoast SEO plugin. -->","yoast_head_json":{"title":"Vuelve Grand Canyon, la conmovedora obra de Sergi Pompermayer sobre la necesidad de luchar por los sue\u00f1os y la libertad - Focus","robots":{"index":"index","follow":"follow","max-snippet":"max-snippet:-1","max-image-preview":"max-image-preview:large","max-video-preview":"max-video-preview:-1"},"canonical":"https:\/\/www.focus.cat\/la-villarroel-estrena-grand-canyon-el-nuevo-exito-de-la-dramaturgia-catalana\/","og_locale":"ca_ES","og_type":"article","og_title":"Vuelve Grand Canyon, la conmovedora obra de Sergi Pompermayer sobre la necesidad de luchar por los sue\u00f1os y la libertad - Focus","og_description":"El espect\u00e1culo, dirigido por Pere Arquillu\u00e9, con un reparto encabezado por Joan Carreras y Mireia Aixal\u00e0, y estrenado en el marco del Festival GREC, abrir\u00e1 la programaci\u00f3n de La Villarroel, presentando de nuevo esta dura historia sobre la desigualdad, la precariedad social y la desesperanza, que al mismo tiempo es todo un canto a la ... Llegeix m\u00e9s","og_url":"https:\/\/www.focus.cat\/es\/la-villarroel-estrena-grand-canyon-el-nuevo-exito-de-la-dramaturgia-catalana\/","og_site_name":"Focus","article_published_time":"2025-07-16T10:30:22+00:00","article_modified_time":"2025-08-04T11:34:21+00:00","og_image":[{"width":1600,"height":900,"url":"https:\/\/www.focus.cat\/wp-content\/uploads\/2025\/07\/HORITZONTAL-WEB-FOCUS-7.png","type":"image\/png"}],"author":"Suport Digital","twitter_card":"summary_large_image","schema":{"@context":"https:\/\/schema.org","@graph":[{"@type":"Article","@id":"https:\/\/www.focus.cat\/es\/la-villarroel-estrena-grand-canyon-el-nuevo-exito-de-la-dramaturgia-catalana\/#article","isPartOf":{"@id":"https:\/\/www.focus.cat\/es\/la-villarroel-estrena-grand-canyon-el-nuevo-exito-de-la-dramaturgia-catalana\/"},"author":{"name":"Suport Digital","@id":"https:\/\/www.focus.cat\/#\/schema\/person\/caae89e91020f6f4091f528af5ee5e71"},"headline":"Vuelve Grand Canyon, la conmovedora obra de Sergi Pompermayer sobre la necesidad de luchar por los sue\u00f1os y la libertad","datePublished":"2025-07-16T10:30:22+00:00","dateModified":"2025-08-04T11:34:21+00:00","mainEntityOfPage":{"@id":"https:\/\/www.focus.cat\/es\/la-villarroel-estrena-grand-canyon-el-nuevo-exito-de-la-dramaturgia-catalana\/"},"wordCount":177,"publisher":{"@id":"https:\/\/www.focus.cat\/#organization"},"image":{"@id":"https:\/\/www.focus.cat\/es\/la-villarroel-estrena-grand-canyon-el-nuevo-exito-de-la-dramaturgia-catalana\/#primaryimage"},"thumbnailUrl":"https:\/\/www.focus.cat\/wp-content\/uploads\/2025\/07\/HORITZONTAL-WEB-FOCUS-7.png","articleSection":["Noticias"],"inLanguage":"ca"},{"@type":"WebPage","@id":"https:\/\/www.focus.cat\/es\/la-villarroel-estrena-grand-canyon-el-nuevo-exito-de-la-dramaturgia-catalana\/","url":"https:\/\/www.focus.cat\/es\/la-villarroel-estrena-grand-canyon-el-nuevo-exito-de-la-dramaturgia-catalana\/","name":"Vuelve Grand Canyon, la conmovedora obra de Sergi Pompermayer sobre la necesidad de luchar por los sue\u00f1os y la libertad - Focus","isPartOf":{"@id":"https:\/\/www.focus.cat\/#website"},"primaryImageOfPage":{"@id":"https:\/\/www.focus.cat\/es\/la-villarroel-estrena-grand-canyon-el-nuevo-exito-de-la-dramaturgia-catalana\/#primaryimage"},"image":{"@id":"https:\/\/www.focus.cat\/es\/la-villarroel-estrena-grand-canyon-el-nuevo-exito-de-la-dramaturgia-catalana\/#primaryimage"},"thumbnailUrl":"https:\/\/www.focus.cat\/wp-content\/uploads\/2025\/07\/HORITZONTAL-WEB-FOCUS-7.png","datePublished":"2025-07-16T10:30:22+00:00","dateModified":"2025-08-04T11:34:21+00:00","inLanguage":"ca","potentialAction":[{"@type":"ReadAction","target":["https:\/\/www.focus.cat\/es\/la-villarroel-estrena-grand-canyon-el-nuevo-exito-de-la-dramaturgia-catalana\/"]}]},{"@type":"ImageObject","inLanguage":"ca","@id":"https:\/\/www.focus.cat\/es\/la-villarroel-estrena-grand-canyon-el-nuevo-exito-de-la-dramaturgia-catalana\/#primaryimage","url":"https:\/\/www.focus.cat\/wp-content\/uploads\/2025\/07\/HORITZONTAL-WEB-FOCUS-7.png","contentUrl":"https:\/\/www.focus.cat\/wp-content\/uploads\/2025\/07\/HORITZONTAL-WEB-FOCUS-7.png","width":1600,"height":900},{"@type":"WebSite","@id":"https:\/\/www.focus.cat\/#website","url":"https:\/\/www.focus.cat\/","name":"Focus","description":"","publisher":{"@id":"https:\/\/www.focus.cat\/#organization"},"potentialAction":[{"@type":"SearchAction","target":{"@type":"EntryPoint","urlTemplate":"https:\/\/www.focus.cat\/?s={search_term_string}"},"query-input":{"@type":"PropertyValueSpecification","valueRequired":true,"valueName":"search_term_string"}}],"inLanguage":"ca"},{"@type":"Organization","@id":"https:\/\/www.focus.cat\/#organization","name":"Focus","url":"https:\/\/www.focus.cat\/","logo":{"@type":"ImageObject","inLanguage":"ca","@id":"https:\/\/www.focus.cat\/#\/schema\/logo\/image\/","url":"https:\/\/www.focus.cat\/wp-content\/uploads\/2022\/01\/logo-focus-any-35.svg","contentUrl":"https:\/\/www.focus.cat\/wp-content\/uploads\/2022\/01\/logo-focus-any-35.svg","width":1,"height":1,"caption":"Focus"},"image":{"@id":"https:\/\/www.focus.cat\/#\/schema\/logo\/image\/"}},{"@type":"Person","@id":"https:\/\/www.focus.cat\/#\/schema\/person\/caae89e91020f6f4091f528af5ee5e71","name":"Suport Digital","image":{"@type":"ImageObject","inLanguage":"ca","@id":"https:\/\/secure.gravatar.com\/avatar\/dd41dbc903aea1c8ca8c21ad68c0e0693be9f8c724f44cf11598395a9d1a039e?s=96&d=mm&r=g","url":"https:\/\/secure.gravatar.com\/avatar\/dd41dbc903aea1c8ca8c21ad68c0e0693be9f8c724f44cf11598395a9d1a039e?s=96&d=mm&r=g","contentUrl":"https:\/\/secure.gravatar.com\/avatar\/dd41dbc903aea1c8ca8c21ad68c0e0693be9f8c724f44cf11598395a9d1a039e?s=96&d=mm&r=g","caption":"Suport Digital"},"url":"https:\/\/www.focus.cat\/author\/suport-digital\/"}]}},"_links":{"self":[{"href":"https:\/\/www.focus.cat\/wp-json\/wp\/v2\/posts\/23965","targetHints":{"allow":["GET"]}}],"collection":[{"href":"https:\/\/www.focus.cat\/wp-json\/wp\/v2\/posts"}],"about":[{"href":"https:\/\/www.focus.cat\/wp-json\/wp\/v2\/types\/post"}],"author":[{"embeddable":true,"href":"https:\/\/www.focus.cat\/wp-json\/wp\/v2\/users\/15"}],"replies":[{"embeddable":true,"href":"https:\/\/www.focus.cat\/wp-json\/wp\/v2\/comments?post=23965"}],"version-history":[{"count":0,"href":"https:\/\/www.focus.cat\/wp-json\/wp\/v2\/posts\/23965\/revisions"}],"wp:featuredmedia":[{"embeddable":true,"href":"https:\/\/www.focus.cat\/wp-json\/wp\/v2\/media\/23960"}],"wp:attachment":[{"href":"https:\/\/www.focus.cat\/wp-json\/wp\/v2\/media?parent=23965"}],"wp:term":[{"taxonomy":"category","embeddable":true,"href":"https:\/\/www.focus.cat\/wp-json\/wp\/v2\/categories?post=23965"}],"curies":[{"name":"wp","href":"https:\/\/api.w.org\/{rel}","templated":true}]}}