{"id":23974,"date":"2025-07-16T12:34:50","date_gmt":"2025-07-16T12:34:50","guid":{"rendered":"https:\/\/www.focus.cat\/?p=23974"},"modified":"2025-08-04T11:36:33","modified_gmt":"2025-08-04T11:36:33","slug":"cirque-du-soleil-inicia-la-gira-espanola-de-kurios-gabinete-de-curiosidades-en-gijon","status":"publish","type":"post","link":"https:\/\/www.focus.cat\/es\/cirque-du-soleil-inicia-la-gira-espanola-de-kurios-gabinete-de-curiosidades-en-gijon\/","title":{"rendered":"\u00daltimas funciones en Gij\u00f3n de KURIOS \u2013 Gabinete de Curiosidades del Cirque du Soleil"},"content":{"rendered":"<p>El espect\u00e1culo, la 35.\u00aa producci\u00f3n de la compa\u00f1\u00eda, se estren\u00f3 en Gij\u00f3n (bajo la emblem\u00e1tica Gran Carpa ubicada en la Explanada Avenida Albert Einstein), marcando as\u00ed el inicio de su gira por Espa\u00f1a; una serie de funciones que, tras su paso por la ciudad asturiana, continuar\u00e1 en Sevilla y Bilbao.<\/p>\n<p>El montaje, de est\u00e9tica steampunk y que sumerge al p\u00fablico en un mundo invisible lleno de personajes sobrenaturales, encara sus dos \u00faltimas semanas de funciones en Gij\u00f3n, donde estar\u00e1 en cartel hasta el domingo 17 de agosto. La gira continuar\u00e1 en Sevilla (del 17 de enero al 8 de marzo de 2026, en Charco de la Pava) y Bilbao (del 8 de abril al 24 de mayo de 2026, en el Recinto Ferial de Ansio).<\/p>\n","protected":false},"excerpt":{"rendered":"<p>El espect\u00e1culo, la 35.\u00aa producci\u00f3n de la compa\u00f1\u00eda, se estren\u00f3 en Gij\u00f3n (bajo la emblem\u00e1tica Gran Carpa ubicada en la Explanada Avenida Albert Einstein), marcando as\u00ed el inicio de su gira por Espa\u00f1a; una serie de funciones que, tras su paso por la ciudad asturiana, continuar\u00e1 en Sevilla y Bilbao. El montaje, de est\u00e9tica steampunk<a class=\"excerpt-read-more\" href=\"https:\/\/www.focus.cat\/es\/cirque-du-soleil-inicia-la-gira-espanola-de-kurios-gabinete-de-curiosidades-en-gijon\/\" title=\"Llegeix\u00daltimas funciones en Gij\u00f3n de KURIOS \u2013 Gabinete de Curiosidades del Cirque du Soleil\"> &#8230; Llegeix m\u00e9s<\/a><\/p>\n","protected":false},"author":15,"featured_media":23992,"comment_status":"closed","ping_status":"closed","sticky":false,"template":"","format":"standard","meta":{"_acf_changed":false,"inline_featured_image":false,"footnotes":""},"categories":[4],"class_list":["post-23974","post","type-post","status-publish","format-standard","has-post-thumbnail","hentry","category-noticias"],"acf":[],"yoast_head":"<!-- This site is optimized with the Yoast SEO plugin v27.5 - https:\/\/yoast.com\/product\/yoast-seo-wordpress\/ -->\n<title>\u00daltimas funciones en Gij\u00f3n de KURIOS \u2013 Gabinete de Curiosidades del Cirque du Soleil - Focus<\/title>\n<meta name=\"robots\" content=\"index, follow, max-snippet:-1, max-image-preview:large, max-video-preview:-1\" \/>\n<link rel=\"canonical\" href=\"https:\/\/www.focus.cat\/cirque-du-soleil-inicia-la-gira-espanola-de-kurios-gabinete-de-curiosidades-en-gijon\/\" \/>\n<meta property=\"og:locale\" content=\"ca_ES\" \/>\n<meta property=\"og:type\" content=\"article\" \/>\n<meta property=\"og:title\" content=\"\u00daltimas funciones en Gij\u00f3n de KURIOS \u2013 Gabinete de Curiosidades del Cirque du Soleil - Focus\" \/>\n<meta property=\"og:description\" content=\"El espect\u00e1culo, la 35.\u00aa producci\u00f3n de la compa\u00f1\u00eda, se estren\u00f3 en Gij\u00f3n (bajo la emblem\u00e1tica Gran Carpa ubicada en la Explanada Avenida Albert Einstein), marcando as\u00ed el inicio de su gira por Espa\u00f1a; una serie de funciones que, tras su paso por la ciudad asturiana, continuar\u00e1 en Sevilla y Bilbao. El montaje, de est\u00e9tica steampunk ... Llegeix m\u00e9s\" \/>\n<meta property=\"og:url\" content=\"https:\/\/www.focus.cat\/es\/cirque-du-soleil-inicia-la-gira-espanola-de-kurios-gabinete-de-curiosidades-en-gijon\/\" \/>\n<meta property=\"og:site_name\" content=\"Focus\" \/>\n<meta property=\"article:published_time\" content=\"2025-07-16T12:34:50+00:00\" \/>\n<meta property=\"article:modified_time\" content=\"2025-08-04T11:36:33+00:00\" \/>\n<meta property=\"og:image\" content=\"https:\/\/www.focus.cat\/wp-content\/uploads\/2025\/07\/HORITZONTAL-WEB-FOCUS-8.png\" \/>\n\t<meta property=\"og:image:width\" content=\"1\" \/>\n\t<meta property=\"og:image:height\" content=\"1\" \/>\n\t<meta property=\"og:image:type\" content=\"image\/png\" \/>\n<meta name=\"author\" content=\"Suport Digital\" \/>\n<meta name=\"twitter:card\" content=\"summary_large_image\" \/>\n<script type=\"application\/ld+json\" class=\"yoast-schema-graph\">{\"@context\":\"https:\\\/\\\/schema.org\",\"@graph\":[{\"@type\":\"Article\",\"@id\":\"https:\\\/\\\/www.focus.cat\\\/es\\\/cirque-du-soleil-inicia-la-gira-espanola-de-kurios-gabinete-de-curiosidades-en-gijon\\\/#article\",\"isPartOf\":{\"@id\":\"https:\\\/\\\/www.focus.cat\\\/es\\\/cirque-du-soleil-inicia-la-gira-espanola-de-kurios-gabinete-de-curiosidades-en-gijon\\\/\"},\"author\":{\"name\":\"Suport Digital\",\"@id\":\"https:\\\/\\\/www.focus.cat\\\/#\\\/schema\\\/person\\\/caae89e91020f6f4091f528af5ee5e71\"},\"headline\":\"\u00daltimas funciones en Gij\u00f3n de KURIOS \u2013 Gabinete de Curiosidades del Cirque du Soleil\",\"datePublished\":\"2025-07-16T12:34:50+00:00\",\"dateModified\":\"2025-08-04T11:36:33+00:00\",\"mainEntityOfPage\":{\"@id\":\"https:\\\/\\\/www.focus.cat\\\/es\\\/cirque-du-soleil-inicia-la-gira-espanola-de-kurios-gabinete-de-curiosidades-en-gijon\\\/\"},\"wordCount\":140,\"publisher\":{\"@id\":\"https:\\\/\\\/www.focus.cat\\\/#organization\"},\"image\":{\"@id\":\"https:\\\/\\\/www.focus.cat\\\/es\\\/cirque-du-soleil-inicia-la-gira-espanola-de-kurios-gabinete-de-curiosidades-en-gijon\\\/#primaryimage\"},\"thumbnailUrl\":\"https:\\\/\\\/www.focus.cat\\\/wp-content\\\/uploads\\\/2025\\\/07\\\/HORITZONTAL-WEB-FOCUS-8.png\",\"articleSection\":[\"Noticias\"],\"inLanguage\":\"ca\"},{\"@type\":\"WebPage\",\"@id\":\"https:\\\/\\\/www.focus.cat\\\/es\\\/cirque-du-soleil-inicia-la-gira-espanola-de-kurios-gabinete-de-curiosidades-en-gijon\\\/\",\"url\":\"https:\\\/\\\/www.focus.cat\\\/es\\\/cirque-du-soleil-inicia-la-gira-espanola-de-kurios-gabinete-de-curiosidades-en-gijon\\\/\",\"name\":\"\u00daltimas funciones en Gij\u00f3n de KURIOS \u2013 Gabinete de Curiosidades del Cirque du Soleil - Focus\",\"isPartOf\":{\"@id\":\"https:\\\/\\\/www.focus.cat\\\/#website\"},\"primaryImageOfPage\":{\"@id\":\"https:\\\/\\\/www.focus.cat\\\/es\\\/cirque-du-soleil-inicia-la-gira-espanola-de-kurios-gabinete-de-curiosidades-en-gijon\\\/#primaryimage\"},\"image\":{\"@id\":\"https:\\\/\\\/www.focus.cat\\\/es\\\/cirque-du-soleil-inicia-la-gira-espanola-de-kurios-gabinete-de-curiosidades-en-gijon\\\/#primaryimage\"},\"thumbnailUrl\":\"https:\\\/\\\/www.focus.cat\\\/wp-content\\\/uploads\\\/2025\\\/07\\\/HORITZONTAL-WEB-FOCUS-8.png\",\"datePublished\":\"2025-07-16T12:34:50+00:00\",\"dateModified\":\"2025-08-04T11:36:33+00:00\",\"inLanguage\":\"ca\",\"potentialAction\":[{\"@type\":\"ReadAction\",\"target\":[\"https:\\\/\\\/www.focus.cat\\\/es\\\/cirque-du-soleil-inicia-la-gira-espanola-de-kurios-gabinete-de-curiosidades-en-gijon\\\/\"]}]},{\"@type\":\"ImageObject\",\"inLanguage\":\"ca\",\"@id\":\"https:\\\/\\\/www.focus.cat\\\/es\\\/cirque-du-soleil-inicia-la-gira-espanola-de-kurios-gabinete-de-curiosidades-en-gijon\\\/#primaryimage\",\"url\":\"https:\\\/\\\/www.focus.cat\\\/wp-content\\\/uploads\\\/2025\\\/07\\\/HORITZONTAL-WEB-FOCUS-8.png\",\"contentUrl\":\"https:\\\/\\\/www.focus.cat\\\/wp-content\\\/uploads\\\/2025\\\/07\\\/HORITZONTAL-WEB-FOCUS-8.png\"},{\"@type\":\"WebSite\",\"@id\":\"https:\\\/\\\/www.focus.cat\\\/#website\",\"url\":\"https:\\\/\\\/www.focus.cat\\\/\",\"name\":\"Focus\",\"description\":\"\",\"publisher\":{\"@id\":\"https:\\\/\\\/www.focus.cat\\\/#organization\"},\"potentialAction\":[{\"@type\":\"SearchAction\",\"target\":{\"@type\":\"EntryPoint\",\"urlTemplate\":\"https:\\\/\\\/www.focus.cat\\\/?s={search_term_string}\"},\"query-input\":{\"@type\":\"PropertyValueSpecification\",\"valueRequired\":true,\"valueName\":\"search_term_string\"}}],\"inLanguage\":\"ca\"},{\"@type\":\"Organization\",\"@id\":\"https:\\\/\\\/www.focus.cat\\\/#organization\",\"name\":\"Focus\",\"url\":\"https:\\\/\\\/www.focus.cat\\\/\",\"logo\":{\"@type\":\"ImageObject\",\"inLanguage\":\"ca\",\"@id\":\"https:\\\/\\\/www.focus.cat\\\/#\\\/schema\\\/logo\\\/image\\\/\",\"url\":\"https:\\\/\\\/www.focus.cat\\\/wp-content\\\/uploads\\\/2022\\\/01\\\/logo-focus-any-35.svg\",\"contentUrl\":\"https:\\\/\\\/www.focus.cat\\\/wp-content\\\/uploads\\\/2022\\\/01\\\/logo-focus-any-35.svg\",\"width\":1,\"height\":1,\"caption\":\"Focus\"},\"image\":{\"@id\":\"https:\\\/\\\/www.focus.cat\\\/#\\\/schema\\\/logo\\\/image\\\/\"}},{\"@type\":\"Person\",\"@id\":\"https:\\\/\\\/www.focus.cat\\\/#\\\/schema\\\/person\\\/caae89e91020f6f4091f528af5ee5e71\",\"name\":\"Suport Digital\",\"image\":{\"@type\":\"ImageObject\",\"inLanguage\":\"ca\",\"@id\":\"https:\\\/\\\/secure.gravatar.com\\\/avatar\\\/dd41dbc903aea1c8ca8c21ad68c0e0693be9f8c724f44cf11598395a9d1a039e?s=96&d=mm&r=g\",\"url\":\"https:\\\/\\\/secure.gravatar.com\\\/avatar\\\/dd41dbc903aea1c8ca8c21ad68c0e0693be9f8c724f44cf11598395a9d1a039e?s=96&d=mm&r=g\",\"contentUrl\":\"https:\\\/\\\/secure.gravatar.com\\\/avatar\\\/dd41dbc903aea1c8ca8c21ad68c0e0693be9f8c724f44cf11598395a9d1a039e?s=96&d=mm&r=g\",\"caption\":\"Suport Digital\"},\"url\":\"https:\\\/\\\/www.focus.cat\\\/author\\\/suport-digital\\\/\"}]}<\/script>\n<!-- \/ Yoast SEO plugin. -->","yoast_head_json":{"title":"\u00daltimas funciones en Gij\u00f3n de KURIOS \u2013 Gabinete de Curiosidades del Cirque du Soleil - Focus","robots":{"index":"index","follow":"follow","max-snippet":"max-snippet:-1","max-image-preview":"max-image-preview:large","max-video-preview":"max-video-preview:-1"},"canonical":"https:\/\/www.focus.cat\/cirque-du-soleil-inicia-la-gira-espanola-de-kurios-gabinete-de-curiosidades-en-gijon\/","og_locale":"ca_ES","og_type":"article","og_title":"\u00daltimas funciones en Gij\u00f3n de KURIOS \u2013 Gabinete de Curiosidades del Cirque du Soleil - Focus","og_description":"El espect\u00e1culo, la 35.\u00aa producci\u00f3n de la compa\u00f1\u00eda, se estren\u00f3 en Gij\u00f3n (bajo la emblem\u00e1tica Gran Carpa ubicada en la Explanada Avenida Albert Einstein), marcando as\u00ed el inicio de su gira por Espa\u00f1a; una serie de funciones que, tras su paso por la ciudad asturiana, continuar\u00e1 en Sevilla y Bilbao. El montaje, de est\u00e9tica steampunk ... Llegeix m\u00e9s","og_url":"https:\/\/www.focus.cat\/es\/cirque-du-soleil-inicia-la-gira-espanola-de-kurios-gabinete-de-curiosidades-en-gijon\/","og_site_name":"Focus","article_published_time":"2025-07-16T12:34:50+00:00","article_modified_time":"2025-08-04T11:36:33+00:00","og_image":[{"url":"https:\/\/www.focus.cat\/wp-content\/uploads\/2025\/07\/HORITZONTAL-WEB-FOCUS-8.png","width":1,"height":1,"type":"image\/png"}],"author":"Suport Digital","twitter_card":"summary_large_image","schema":{"@context":"https:\/\/schema.org","@graph":[{"@type":"Article","@id":"https:\/\/www.focus.cat\/es\/cirque-du-soleil-inicia-la-gira-espanola-de-kurios-gabinete-de-curiosidades-en-gijon\/#article","isPartOf":{"@id":"https:\/\/www.focus.cat\/es\/cirque-du-soleil-inicia-la-gira-espanola-de-kurios-gabinete-de-curiosidades-en-gijon\/"},"author":{"name":"Suport Digital","@id":"https:\/\/www.focus.cat\/#\/schema\/person\/caae89e91020f6f4091f528af5ee5e71"},"headline":"\u00daltimas funciones en Gij\u00f3n de KURIOS \u2013 Gabinete de Curiosidades del Cirque du Soleil","datePublished":"2025-07-16T12:34:50+00:00","dateModified":"2025-08-04T11:36:33+00:00","mainEntityOfPage":{"@id":"https:\/\/www.focus.cat\/es\/cirque-du-soleil-inicia-la-gira-espanola-de-kurios-gabinete-de-curiosidades-en-gijon\/"},"wordCount":140,"publisher":{"@id":"https:\/\/www.focus.cat\/#organization"},"image":{"@id":"https:\/\/www.focus.cat\/es\/cirque-du-soleil-inicia-la-gira-espanola-de-kurios-gabinete-de-curiosidades-en-gijon\/#primaryimage"},"thumbnailUrl":"https:\/\/www.focus.cat\/wp-content\/uploads\/2025\/07\/HORITZONTAL-WEB-FOCUS-8.png","articleSection":["Noticias"],"inLanguage":"ca"},{"@type":"WebPage","@id":"https:\/\/www.focus.cat\/es\/cirque-du-soleil-inicia-la-gira-espanola-de-kurios-gabinete-de-curiosidades-en-gijon\/","url":"https:\/\/www.focus.cat\/es\/cirque-du-soleil-inicia-la-gira-espanola-de-kurios-gabinete-de-curiosidades-en-gijon\/","name":"\u00daltimas funciones en Gij\u00f3n de KURIOS \u2013 Gabinete de Curiosidades del Cirque du Soleil - Focus","isPartOf":{"@id":"https:\/\/www.focus.cat\/#website"},"primaryImageOfPage":{"@id":"https:\/\/www.focus.cat\/es\/cirque-du-soleil-inicia-la-gira-espanola-de-kurios-gabinete-de-curiosidades-en-gijon\/#primaryimage"},"image":{"@id":"https:\/\/www.focus.cat\/es\/cirque-du-soleil-inicia-la-gira-espanola-de-kurios-gabinete-de-curiosidades-en-gijon\/#primaryimage"},"thumbnailUrl":"https:\/\/www.focus.cat\/wp-content\/uploads\/2025\/07\/HORITZONTAL-WEB-FOCUS-8.png","datePublished":"2025-07-16T12:34:50+00:00","dateModified":"2025-08-04T11:36:33+00:00","inLanguage":"ca","potentialAction":[{"@type":"ReadAction","target":["https:\/\/www.focus.cat\/es\/cirque-du-soleil-inicia-la-gira-espanola-de-kurios-gabinete-de-curiosidades-en-gijon\/"]}]},{"@type":"ImageObject","inLanguage":"ca","@id":"https:\/\/www.focus.cat\/es\/cirque-du-soleil-inicia-la-gira-espanola-de-kurios-gabinete-de-curiosidades-en-gijon\/#primaryimage","url":"https:\/\/www.focus.cat\/wp-content\/uploads\/2025\/07\/HORITZONTAL-WEB-FOCUS-8.png","contentUrl":"https:\/\/www.focus.cat\/wp-content\/uploads\/2025\/07\/HORITZONTAL-WEB-FOCUS-8.png"},{"@type":"WebSite","@id":"https:\/\/www.focus.cat\/#website","url":"https:\/\/www.focus.cat\/","name":"Focus","description":"","publisher":{"@id":"https:\/\/www.focus.cat\/#organization"},"potentialAction":[{"@type":"SearchAction","target":{"@type":"EntryPoint","urlTemplate":"https:\/\/www.focus.cat\/?s={search_term_string}"},"query-input":{"@type":"PropertyValueSpecification","valueRequired":true,"valueName":"search_term_string"}}],"inLanguage":"ca"},{"@type":"Organization","@id":"https:\/\/www.focus.cat\/#organization","name":"Focus","url":"https:\/\/www.focus.cat\/","logo":{"@type":"ImageObject","inLanguage":"ca","@id":"https:\/\/www.focus.cat\/#\/schema\/logo\/image\/","url":"https:\/\/www.focus.cat\/wp-content\/uploads\/2022\/01\/logo-focus-any-35.svg","contentUrl":"https:\/\/www.focus.cat\/wp-content\/uploads\/2022\/01\/logo-focus-any-35.svg","width":1,"height":1,"caption":"Focus"},"image":{"@id":"https:\/\/www.focus.cat\/#\/schema\/logo\/image\/"}},{"@type":"Person","@id":"https:\/\/www.focus.cat\/#\/schema\/person\/caae89e91020f6f4091f528af5ee5e71","name":"Suport Digital","image":{"@type":"ImageObject","inLanguage":"ca","@id":"https:\/\/secure.gravatar.com\/avatar\/dd41dbc903aea1c8ca8c21ad68c0e0693be9f8c724f44cf11598395a9d1a039e?s=96&d=mm&r=g","url":"https:\/\/secure.gravatar.com\/avatar\/dd41dbc903aea1c8ca8c21ad68c0e0693be9f8c724f44cf11598395a9d1a039e?s=96&d=mm&r=g","contentUrl":"https:\/\/secure.gravatar.com\/avatar\/dd41dbc903aea1c8ca8c21ad68c0e0693be9f8c724f44cf11598395a9d1a039e?s=96&d=mm&r=g","caption":"Suport Digital"},"url":"https:\/\/www.focus.cat\/author\/suport-digital\/"}]}},"_links":{"self":[{"href":"https:\/\/www.focus.cat\/wp-json\/wp\/v2\/posts\/23974","targetHints":{"allow":["GET"]}}],"collection":[{"href":"https:\/\/www.focus.cat\/wp-json\/wp\/v2\/posts"}],"about":[{"href":"https:\/\/www.focus.cat\/wp-json\/wp\/v2\/types\/post"}],"author":[{"embeddable":true,"href":"https:\/\/www.focus.cat\/wp-json\/wp\/v2\/users\/15"}],"replies":[{"embeddable":true,"href":"https:\/\/www.focus.cat\/wp-json\/wp\/v2\/comments?post=23974"}],"version-history":[{"count":0,"href":"https:\/\/www.focus.cat\/wp-json\/wp\/v2\/posts\/23974\/revisions"}],"wp:featuredmedia":[{"embeddable":true,"href":"https:\/\/www.focus.cat\/wp-json\/wp\/v2\/media\/23992"}],"wp:attachment":[{"href":"https:\/\/www.focus.cat\/wp-json\/wp\/v2\/media?parent=23974"}],"wp:term":[{"taxonomy":"category","embeddable":true,"href":"https:\/\/www.focus.cat\/wp-json\/wp\/v2\/categories?post=23974"}],"curies":[{"name":"wp","href":"https:\/\/api.w.org\/{rel}","templated":true}]}}