{"id":23981,"date":"2025-07-16T10:55:53","date_gmt":"2025-07-16T10:55:53","guid":{"rendered":"https:\/\/www.focus.cat\/?p=23981"},"modified":"2025-08-04T11:30:01","modified_gmt":"2025-08-04T11:30:01","slug":"barcelona-acogera-el-estreno-mundial-de-antarctica-experience-del-galardonado-director-luc-jacquet","status":"publish","type":"post","link":"https:\/\/www.focus.cat\/es\/barcelona-acogera-el-estreno-mundial-de-antarctica-experience-del-galardonado-director-luc-jacquet\/","title":{"rendered":"Barcelona acoge, en primicia mundial, la exposici\u00f3n Antarctica Experience, del galardonado director Luc Jacquet"},"content":{"rendered":"<p>La Ciudad Condal ser\u00e1 escenario de un acontecimiento cultural sin precedentes este verano: el estreno mundial de<a href=\"https:\/\/www.promentrada.com\/es\/programacion\/c\/1735-copia-antartica-experience-grupos.html\"><em> Antarctica Experience<\/em><\/a>, la primera gran producci\u00f3n de GIGA (Grand Immersive Gallery), compa\u00f1\u00eda internacional especializada en entretenimiento inmersivo. Esta experiencia inmersiva in\u00e9dita se presentar\u00e1 a partir de julio de 2025 en la C\u00fapula Arenas, el nuevo y espectacular espacio inmersivo que GIGA inaugurar\u00e1 en Barcelona.<\/p>\n<p>Antarctica Experience es una aventura multisensorial \u00fanica que invita a descubrir el continente blanco de una forma espectacular, sin los riesgos ni las incomodidades del viaje, solo con la emoci\u00f3n, el asombro y el aprendizaje. Esta exposici\u00f3n lleva al visitante a conectar con los momentos m\u00e1s fascinantes que un explorador vive al enfrentarse a la inmensidad de la Ant\u00e1rtida, recorriendo los paisajes marinos, terrestres y subacu\u00e1ticos de la regi\u00f3n, y conociendo de cerca la fauna que habita este territorio extremo.<\/p>\n<p>Para esta producci\u00f3n, GIGA se ha asociado con Luc Jacquet, cineasta, cient\u00edfico y ganador de un Oscar por el documental El viaje del emperador, y con su productora Icebreaker Studios para crear un relato visual y emocional que transforma la manera en que el p\u00fablico puede explorar la Ant\u00e1rtida, combinando la mirada art\u00edstica de Jacquet con la tecnolog\u00eda inmersiva m\u00e1s avanzada.<\/p>\n","protected":false},"excerpt":{"rendered":"<p>La Ciudad Condal ser\u00e1 escenario de un acontecimiento cultural sin precedentes este verano: el estreno mundial de Antarctica Experience, la primera gran producci\u00f3n de GIGA (Grand Immersive Gallery), compa\u00f1\u00eda internacional especializada en entretenimiento inmersivo. Esta experiencia inmersiva in\u00e9dita se presentar\u00e1 a partir de julio de 2025 en la C\u00fapula Arenas, el nuevo y espectacular espacio<a class=\"excerpt-read-more\" href=\"https:\/\/www.focus.cat\/es\/barcelona-acogera-el-estreno-mundial-de-antarctica-experience-del-galardonado-director-luc-jacquet\/\" title=\"LlegeixBarcelona acoge, en primicia mundial, la exposici\u00f3n Antarctica Experience, del galardonado director Luc Jacquet\"> &#8230; Llegeix m\u00e9s<\/a><\/p>\n","protected":false},"author":15,"featured_media":23988,"comment_status":"closed","ping_status":"closed","sticky":false,"template":"","format":"standard","meta":{"_acf_changed":false,"inline_featured_image":false,"footnotes":""},"categories":[4],"class_list":["post-23981","post","type-post","status-publish","format-standard","has-post-thumbnail","hentry","category-noticias"],"acf":[],"yoast_head":"<!-- This site is optimized with the Yoast SEO plugin v27.5 - https:\/\/yoast.com\/product\/yoast-seo-wordpress\/ -->\n<title>Barcelona acoge, en primicia mundial, la exposici\u00f3n Antarctica Experience, del galardonado director Luc Jacquet - Focus<\/title>\n<meta name=\"robots\" content=\"index, follow, max-snippet:-1, max-image-preview:large, max-video-preview:-1\" \/>\n<link rel=\"canonical\" href=\"https:\/\/www.focus.cat\/barcelona-acogera-el-estreno-mundial-de-antarctica-experience-del-galardonado-director-luc-jacquet\/\" \/>\n<meta property=\"og:locale\" content=\"ca_ES\" \/>\n<meta property=\"og:type\" content=\"article\" \/>\n<meta property=\"og:title\" content=\"Barcelona acoge, en primicia mundial, la exposici\u00f3n Antarctica Experience, del galardonado director Luc Jacquet - Focus\" \/>\n<meta property=\"og:description\" content=\"La Ciudad Condal ser\u00e1 escenario de un acontecimiento cultural sin precedentes este verano: el estreno mundial de Antarctica Experience, la primera gran producci\u00f3n de GIGA (Grand Immersive Gallery), compa\u00f1\u00eda internacional especializada en entretenimiento inmersivo. Esta experiencia inmersiva in\u00e9dita se presentar\u00e1 a partir de julio de 2025 en la C\u00fapula Arenas, el nuevo y espectacular espacio ... Llegeix m\u00e9s\" \/>\n<meta property=\"og:url\" content=\"https:\/\/www.focus.cat\/es\/barcelona-acogera-el-estreno-mundial-de-antarctica-experience-del-galardonado-director-luc-jacquet\/\" \/>\n<meta property=\"og:site_name\" content=\"Focus\" \/>\n<meta property=\"article:published_time\" content=\"2025-07-16T10:55:53+00:00\" \/>\n<meta property=\"article:modified_time\" content=\"2025-08-04T11:30:01+00:00\" \/>\n<meta property=\"og:image\" content=\"https:\/\/www.focus.cat\/wp-content\/uploads\/2025\/07\/QUADRAT-WEB-FOCUS-10.png\" \/>\n\t<meta property=\"og:image:width\" content=\"1080\" \/>\n\t<meta property=\"og:image:height\" content=\"1080\" \/>\n\t<meta property=\"og:image:type\" content=\"image\/png\" \/>\n<meta name=\"author\" content=\"Suport Digital\" \/>\n<meta name=\"twitter:card\" content=\"summary_large_image\" \/>\n<script type=\"application\/ld+json\" class=\"yoast-schema-graph\">{\"@context\":\"https:\\\/\\\/schema.org\",\"@graph\":[{\"@type\":\"Article\",\"@id\":\"https:\\\/\\\/www.focus.cat\\\/es\\\/barcelona-acogera-el-estreno-mundial-de-antarctica-experience-del-galardonado-director-luc-jacquet\\\/#article\",\"isPartOf\":{\"@id\":\"https:\\\/\\\/www.focus.cat\\\/es\\\/barcelona-acogera-el-estreno-mundial-de-antarctica-experience-del-galardonado-director-luc-jacquet\\\/\"},\"author\":{\"name\":\"Suport Digital\",\"@id\":\"https:\\\/\\\/www.focus.cat\\\/#\\\/schema\\\/person\\\/caae89e91020f6f4091f528af5ee5e71\"},\"headline\":\"Barcelona acoge, en primicia mundial, la exposici\u00f3n Antarctica Experience, del galardonado director Luc Jacquet\",\"datePublished\":\"2025-07-16T10:55:53+00:00\",\"dateModified\":\"2025-08-04T11:30:01+00:00\",\"mainEntityOfPage\":{\"@id\":\"https:\\\/\\\/www.focus.cat\\\/es\\\/barcelona-acogera-el-estreno-mundial-de-antarctica-experience-del-galardonado-director-luc-jacquet\\\/\"},\"wordCount\":233,\"publisher\":{\"@id\":\"https:\\\/\\\/www.focus.cat\\\/#organization\"},\"image\":{\"@id\":\"https:\\\/\\\/www.focus.cat\\\/es\\\/barcelona-acogera-el-estreno-mundial-de-antarctica-experience-del-galardonado-director-luc-jacquet\\\/#primaryimage\"},\"thumbnailUrl\":\"https:\\\/\\\/www.focus.cat\\\/wp-content\\\/uploads\\\/2025\\\/07\\\/QUADRAT-WEB-FOCUS-10.png\",\"articleSection\":[\"Noticias\"],\"inLanguage\":\"ca\"},{\"@type\":\"WebPage\",\"@id\":\"https:\\\/\\\/www.focus.cat\\\/es\\\/barcelona-acogera-el-estreno-mundial-de-antarctica-experience-del-galardonado-director-luc-jacquet\\\/\",\"url\":\"https:\\\/\\\/www.focus.cat\\\/es\\\/barcelona-acogera-el-estreno-mundial-de-antarctica-experience-del-galardonado-director-luc-jacquet\\\/\",\"name\":\"Barcelona acoge, en primicia mundial, la exposici\u00f3n Antarctica Experience, del galardonado director Luc Jacquet - Focus\",\"isPartOf\":{\"@id\":\"https:\\\/\\\/www.focus.cat\\\/#website\"},\"primaryImageOfPage\":{\"@id\":\"https:\\\/\\\/www.focus.cat\\\/es\\\/barcelona-acogera-el-estreno-mundial-de-antarctica-experience-del-galardonado-director-luc-jacquet\\\/#primaryimage\"},\"image\":{\"@id\":\"https:\\\/\\\/www.focus.cat\\\/es\\\/barcelona-acogera-el-estreno-mundial-de-antarctica-experience-del-galardonado-director-luc-jacquet\\\/#primaryimage\"},\"thumbnailUrl\":\"https:\\\/\\\/www.focus.cat\\\/wp-content\\\/uploads\\\/2025\\\/07\\\/QUADRAT-WEB-FOCUS-10.png\",\"datePublished\":\"2025-07-16T10:55:53+00:00\",\"dateModified\":\"2025-08-04T11:30:01+00:00\",\"inLanguage\":\"ca\",\"potentialAction\":[{\"@type\":\"ReadAction\",\"target\":[\"https:\\\/\\\/www.focus.cat\\\/es\\\/barcelona-acogera-el-estreno-mundial-de-antarctica-experience-del-galardonado-director-luc-jacquet\\\/\"]}]},{\"@type\":\"ImageObject\",\"inLanguage\":\"ca\",\"@id\":\"https:\\\/\\\/www.focus.cat\\\/es\\\/barcelona-acogera-el-estreno-mundial-de-antarctica-experience-del-galardonado-director-luc-jacquet\\\/#primaryimage\",\"url\":\"https:\\\/\\\/www.focus.cat\\\/wp-content\\\/uploads\\\/2025\\\/07\\\/QUADRAT-WEB-FOCUS-10.png\",\"contentUrl\":\"https:\\\/\\\/www.focus.cat\\\/wp-content\\\/uploads\\\/2025\\\/07\\\/QUADRAT-WEB-FOCUS-10.png\",\"width\":1080,\"height\":1080},{\"@type\":\"WebSite\",\"@id\":\"https:\\\/\\\/www.focus.cat\\\/#website\",\"url\":\"https:\\\/\\\/www.focus.cat\\\/\",\"name\":\"Focus\",\"description\":\"\",\"publisher\":{\"@id\":\"https:\\\/\\\/www.focus.cat\\\/#organization\"},\"potentialAction\":[{\"@type\":\"SearchAction\",\"target\":{\"@type\":\"EntryPoint\",\"urlTemplate\":\"https:\\\/\\\/www.focus.cat\\\/?s={search_term_string}\"},\"query-input\":{\"@type\":\"PropertyValueSpecification\",\"valueRequired\":true,\"valueName\":\"search_term_string\"}}],\"inLanguage\":\"ca\"},{\"@type\":\"Organization\",\"@id\":\"https:\\\/\\\/www.focus.cat\\\/#organization\",\"name\":\"Focus\",\"url\":\"https:\\\/\\\/www.focus.cat\\\/\",\"logo\":{\"@type\":\"ImageObject\",\"inLanguage\":\"ca\",\"@id\":\"https:\\\/\\\/www.focus.cat\\\/#\\\/schema\\\/logo\\\/image\\\/\",\"url\":\"https:\\\/\\\/www.focus.cat\\\/wp-content\\\/uploads\\\/2022\\\/01\\\/logo-focus-any-35.svg\",\"contentUrl\":\"https:\\\/\\\/www.focus.cat\\\/wp-content\\\/uploads\\\/2022\\\/01\\\/logo-focus-any-35.svg\",\"width\":1,\"height\":1,\"caption\":\"Focus\"},\"image\":{\"@id\":\"https:\\\/\\\/www.focus.cat\\\/#\\\/schema\\\/logo\\\/image\\\/\"}},{\"@type\":\"Person\",\"@id\":\"https:\\\/\\\/www.focus.cat\\\/#\\\/schema\\\/person\\\/caae89e91020f6f4091f528af5ee5e71\",\"name\":\"Suport Digital\",\"image\":{\"@type\":\"ImageObject\",\"inLanguage\":\"ca\",\"@id\":\"https:\\\/\\\/secure.gravatar.com\\\/avatar\\\/dd41dbc903aea1c8ca8c21ad68c0e0693be9f8c724f44cf11598395a9d1a039e?s=96&d=mm&r=g\",\"url\":\"https:\\\/\\\/secure.gravatar.com\\\/avatar\\\/dd41dbc903aea1c8ca8c21ad68c0e0693be9f8c724f44cf11598395a9d1a039e?s=96&d=mm&r=g\",\"contentUrl\":\"https:\\\/\\\/secure.gravatar.com\\\/avatar\\\/dd41dbc903aea1c8ca8c21ad68c0e0693be9f8c724f44cf11598395a9d1a039e?s=96&d=mm&r=g\",\"caption\":\"Suport Digital\"},\"url\":\"https:\\\/\\\/www.focus.cat\\\/author\\\/suport-digital\\\/\"}]}<\/script>\n<!-- \/ Yoast SEO plugin. -->","yoast_head_json":{"title":"Barcelona acoge, en primicia mundial, la exposici\u00f3n Antarctica Experience, del galardonado director Luc Jacquet - Focus","robots":{"index":"index","follow":"follow","max-snippet":"max-snippet:-1","max-image-preview":"max-image-preview:large","max-video-preview":"max-video-preview:-1"},"canonical":"https:\/\/www.focus.cat\/barcelona-acogera-el-estreno-mundial-de-antarctica-experience-del-galardonado-director-luc-jacquet\/","og_locale":"ca_ES","og_type":"article","og_title":"Barcelona acoge, en primicia mundial, la exposici\u00f3n Antarctica Experience, del galardonado director Luc Jacquet - Focus","og_description":"La Ciudad Condal ser\u00e1 escenario de un acontecimiento cultural sin precedentes este verano: el estreno mundial de Antarctica Experience, la primera gran producci\u00f3n de GIGA (Grand Immersive Gallery), compa\u00f1\u00eda internacional especializada en entretenimiento inmersivo. Esta experiencia inmersiva in\u00e9dita se presentar\u00e1 a partir de julio de 2025 en la C\u00fapula Arenas, el nuevo y espectacular espacio ... Llegeix m\u00e9s","og_url":"https:\/\/www.focus.cat\/es\/barcelona-acogera-el-estreno-mundial-de-antarctica-experience-del-galardonado-director-luc-jacquet\/","og_site_name":"Focus","article_published_time":"2025-07-16T10:55:53+00:00","article_modified_time":"2025-08-04T11:30:01+00:00","og_image":[{"width":1080,"height":1080,"url":"https:\/\/www.focus.cat\/wp-content\/uploads\/2025\/07\/QUADRAT-WEB-FOCUS-10.png","type":"image\/png"}],"author":"Suport Digital","twitter_card":"summary_large_image","schema":{"@context":"https:\/\/schema.org","@graph":[{"@type":"Article","@id":"https:\/\/www.focus.cat\/es\/barcelona-acogera-el-estreno-mundial-de-antarctica-experience-del-galardonado-director-luc-jacquet\/#article","isPartOf":{"@id":"https:\/\/www.focus.cat\/es\/barcelona-acogera-el-estreno-mundial-de-antarctica-experience-del-galardonado-director-luc-jacquet\/"},"author":{"name":"Suport Digital","@id":"https:\/\/www.focus.cat\/#\/schema\/person\/caae89e91020f6f4091f528af5ee5e71"},"headline":"Barcelona acoge, en primicia mundial, la exposici\u00f3n Antarctica Experience, del galardonado director Luc Jacquet","datePublished":"2025-07-16T10:55:53+00:00","dateModified":"2025-08-04T11:30:01+00:00","mainEntityOfPage":{"@id":"https:\/\/www.focus.cat\/es\/barcelona-acogera-el-estreno-mundial-de-antarctica-experience-del-galardonado-director-luc-jacquet\/"},"wordCount":233,"publisher":{"@id":"https:\/\/www.focus.cat\/#organization"},"image":{"@id":"https:\/\/www.focus.cat\/es\/barcelona-acogera-el-estreno-mundial-de-antarctica-experience-del-galardonado-director-luc-jacquet\/#primaryimage"},"thumbnailUrl":"https:\/\/www.focus.cat\/wp-content\/uploads\/2025\/07\/QUADRAT-WEB-FOCUS-10.png","articleSection":["Noticias"],"inLanguage":"ca"},{"@type":"WebPage","@id":"https:\/\/www.focus.cat\/es\/barcelona-acogera-el-estreno-mundial-de-antarctica-experience-del-galardonado-director-luc-jacquet\/","url":"https:\/\/www.focus.cat\/es\/barcelona-acogera-el-estreno-mundial-de-antarctica-experience-del-galardonado-director-luc-jacquet\/","name":"Barcelona acoge, en primicia mundial, la exposici\u00f3n Antarctica Experience, del galardonado director Luc Jacquet - Focus","isPartOf":{"@id":"https:\/\/www.focus.cat\/#website"},"primaryImageOfPage":{"@id":"https:\/\/www.focus.cat\/es\/barcelona-acogera-el-estreno-mundial-de-antarctica-experience-del-galardonado-director-luc-jacquet\/#primaryimage"},"image":{"@id":"https:\/\/www.focus.cat\/es\/barcelona-acogera-el-estreno-mundial-de-antarctica-experience-del-galardonado-director-luc-jacquet\/#primaryimage"},"thumbnailUrl":"https:\/\/www.focus.cat\/wp-content\/uploads\/2025\/07\/QUADRAT-WEB-FOCUS-10.png","datePublished":"2025-07-16T10:55:53+00:00","dateModified":"2025-08-04T11:30:01+00:00","inLanguage":"ca","potentialAction":[{"@type":"ReadAction","target":["https:\/\/www.focus.cat\/es\/barcelona-acogera-el-estreno-mundial-de-antarctica-experience-del-galardonado-director-luc-jacquet\/"]}]},{"@type":"ImageObject","inLanguage":"ca","@id":"https:\/\/www.focus.cat\/es\/barcelona-acogera-el-estreno-mundial-de-antarctica-experience-del-galardonado-director-luc-jacquet\/#primaryimage","url":"https:\/\/www.focus.cat\/wp-content\/uploads\/2025\/07\/QUADRAT-WEB-FOCUS-10.png","contentUrl":"https:\/\/www.focus.cat\/wp-content\/uploads\/2025\/07\/QUADRAT-WEB-FOCUS-10.png","width":1080,"height":1080},{"@type":"WebSite","@id":"https:\/\/www.focus.cat\/#website","url":"https:\/\/www.focus.cat\/","name":"Focus","description":"","publisher":{"@id":"https:\/\/www.focus.cat\/#organization"},"potentialAction":[{"@type":"SearchAction","target":{"@type":"EntryPoint","urlTemplate":"https:\/\/www.focus.cat\/?s={search_term_string}"},"query-input":{"@type":"PropertyValueSpecification","valueRequired":true,"valueName":"search_term_string"}}],"inLanguage":"ca"},{"@type":"Organization","@id":"https:\/\/www.focus.cat\/#organization","name":"Focus","url":"https:\/\/www.focus.cat\/","logo":{"@type":"ImageObject","inLanguage":"ca","@id":"https:\/\/www.focus.cat\/#\/schema\/logo\/image\/","url":"https:\/\/www.focus.cat\/wp-content\/uploads\/2022\/01\/logo-focus-any-35.svg","contentUrl":"https:\/\/www.focus.cat\/wp-content\/uploads\/2022\/01\/logo-focus-any-35.svg","width":1,"height":1,"caption":"Focus"},"image":{"@id":"https:\/\/www.focus.cat\/#\/schema\/logo\/image\/"}},{"@type":"Person","@id":"https:\/\/www.focus.cat\/#\/schema\/person\/caae89e91020f6f4091f528af5ee5e71","name":"Suport Digital","image":{"@type":"ImageObject","inLanguage":"ca","@id":"https:\/\/secure.gravatar.com\/avatar\/dd41dbc903aea1c8ca8c21ad68c0e0693be9f8c724f44cf11598395a9d1a039e?s=96&d=mm&r=g","url":"https:\/\/secure.gravatar.com\/avatar\/dd41dbc903aea1c8ca8c21ad68c0e0693be9f8c724f44cf11598395a9d1a039e?s=96&d=mm&r=g","contentUrl":"https:\/\/secure.gravatar.com\/avatar\/dd41dbc903aea1c8ca8c21ad68c0e0693be9f8c724f44cf11598395a9d1a039e?s=96&d=mm&r=g","caption":"Suport Digital"},"url":"https:\/\/www.focus.cat\/author\/suport-digital\/"}]}},"_links":{"self":[{"href":"https:\/\/www.focus.cat\/wp-json\/wp\/v2\/posts\/23981","targetHints":{"allow":["GET"]}}],"collection":[{"href":"https:\/\/www.focus.cat\/wp-json\/wp\/v2\/posts"}],"about":[{"href":"https:\/\/www.focus.cat\/wp-json\/wp\/v2\/types\/post"}],"author":[{"embeddable":true,"href":"https:\/\/www.focus.cat\/wp-json\/wp\/v2\/users\/15"}],"replies":[{"embeddable":true,"href":"https:\/\/www.focus.cat\/wp-json\/wp\/v2\/comments?post=23981"}],"version-history":[{"count":0,"href":"https:\/\/www.focus.cat\/wp-json\/wp\/v2\/posts\/23981\/revisions"}],"wp:featuredmedia":[{"embeddable":true,"href":"https:\/\/www.focus.cat\/wp-json\/wp\/v2\/media\/23988"}],"wp:attachment":[{"href":"https:\/\/www.focus.cat\/wp-json\/wp\/v2\/media?parent=23981"}],"wp:term":[{"taxonomy":"category","embeddable":true,"href":"https:\/\/www.focus.cat\/wp-json\/wp\/v2\/categories?post=23981"}],"curies":[{"name":"wp","href":"https:\/\/api.w.org\/{rel}","templated":true}]}}