{"id":24100,"date":"2025-08-04T11:22:43","date_gmt":"2025-08-04T11:22:43","guid":{"rendered":"https:\/\/www.focus.cat\/?p=24100"},"modified":"2025-08-04T11:22:43","modified_gmt":"2025-08-04T11:22:43","slug":"el-5-de-septiembre-comienza-de-nuevo-el-viaje","status":"publish","type":"post","link":"https:\/\/www.focus.cat\/es\/el-5-de-septiembre-comienza-de-nuevo-el-viaje\/","title":{"rendered":"El 5 de septiembre, comienza de nuevo el viaje"},"content":{"rendered":"<p>Como cada a\u00f1o, el <strong>Grupo Focus<\/strong> se complace en anunciar la presentaci\u00f3n de la nueva temporada teatral, el punto de partida de este nuevo viaje en el que daremos a conocer los espect\u00e1culos que conformar\u00e1n las programaciones de nuestros teatros y donde nos reuniremos con las compa\u00f1\u00edas, artistas y agentes del mundo de la cultura y de las artes esc\u00e9nicas, as\u00ed como con todas aquellas figuras que, con su talento y esfuerzo, hacen posible la magia que se crea sobre el escenario.<\/p>\n<p>La presentaci\u00f3n de la Temporada Teatral 2025-26 de Focus tendr\u00e1 lugar el viernes <strong>5 de septiembre de 2025<\/strong> a las <strong>12 h<\/strong> en el <strong>Teatre Goya<\/strong>.<\/p>\n","protected":false},"excerpt":{"rendered":"<p>Como cada a\u00f1o, el Grupo Focus se complace en anunciar la presentaci\u00f3n de la nueva temporada teatral, el punto de partida de este nuevo viaje en el que daremos a conocer los espect\u00e1culos que conformar\u00e1n las programaciones de nuestros teatros y donde nos reuniremos con las compa\u00f1\u00edas, artistas y agentes del mundo de la cultura<a class=\"excerpt-read-more\" href=\"https:\/\/www.focus.cat\/es\/el-5-de-septiembre-comienza-de-nuevo-el-viaje\/\" title=\"LlegeixEl 5 de septiembre, comienza de nuevo el viaje\"> &#8230; Llegeix m\u00e9s<\/a><\/p>\n","protected":false},"author":15,"featured_media":24095,"comment_status":"closed","ping_status":"closed","sticky":false,"template":"","format":"standard","meta":{"_acf_changed":false,"inline_featured_image":false,"footnotes":""},"categories":[4],"class_list":["post-24100","post","type-post","status-publish","format-standard","has-post-thumbnail","hentry","category-noticias"],"acf":[],"yoast_head":"<!-- This site is optimized with the Yoast SEO plugin v27.5 - https:\/\/yoast.com\/product\/yoast-seo-wordpress\/ -->\n<title>El 5 de septiembre, comienza de nuevo el viaje - Focus<\/title>\n<meta name=\"robots\" content=\"index, follow, max-snippet:-1, max-image-preview:large, max-video-preview:-1\" \/>\n<link rel=\"canonical\" href=\"https:\/\/www.focus.cat\/el-5-de-septiembre-comienza-de-nuevo-el-viaje\/\" \/>\n<meta property=\"og:locale\" content=\"ca_ES\" \/>\n<meta property=\"og:type\" content=\"article\" \/>\n<meta property=\"og:title\" content=\"El 5 de septiembre, comienza de nuevo el viaje - Focus\" \/>\n<meta property=\"og:description\" content=\"Como cada a\u00f1o, el Grupo Focus se complace en anunciar la presentaci\u00f3n de la nueva temporada teatral, el punto de partida de este nuevo viaje en el que daremos a conocer los espect\u00e1culos que conformar\u00e1n las programaciones de nuestros teatros y donde nos reuniremos con las compa\u00f1\u00edas, artistas y agentes del mundo de la cultura ... Llegeix m\u00e9s\" \/>\n<meta property=\"og:url\" content=\"https:\/\/www.focus.cat\/es\/el-5-de-septiembre-comienza-de-nuevo-el-viaje\/\" \/>\n<meta property=\"og:site_name\" content=\"Focus\" \/>\n<meta property=\"article:published_time\" content=\"2025-08-04T11:22:43+00:00\" \/>\n<meta property=\"og:image\" content=\"https:\/\/www.focus.cat\/wp-content\/uploads\/2025\/08\/Portada-video-8.jpg\" \/>\n\t<meta property=\"og:image:width\" content=\"1920\" \/>\n\t<meta property=\"og:image:height\" content=\"1080\" \/>\n\t<meta property=\"og:image:type\" content=\"image\/jpeg\" \/>\n<meta name=\"author\" content=\"Suport Digital\" \/>\n<meta name=\"twitter:card\" content=\"summary_large_image\" \/>\n<script type=\"application\/ld+json\" class=\"yoast-schema-graph\">{\"@context\":\"https:\\\/\\\/schema.org\",\"@graph\":[{\"@type\":\"Article\",\"@id\":\"https:\\\/\\\/www.focus.cat\\\/es\\\/el-5-de-septiembre-comienza-de-nuevo-el-viaje\\\/#article\",\"isPartOf\":{\"@id\":\"https:\\\/\\\/www.focus.cat\\\/es\\\/el-5-de-septiembre-comienza-de-nuevo-el-viaje\\\/\"},\"author\":{\"name\":\"Suport Digital\",\"@id\":\"https:\\\/\\\/www.focus.cat\\\/#\\\/schema\\\/person\\\/caae89e91020f6f4091f528af5ee5e71\"},\"headline\":\"El 5 de septiembre, comienza de nuevo el viaje\",\"datePublished\":\"2025-08-04T11:22:43+00:00\",\"mainEntityOfPage\":{\"@id\":\"https:\\\/\\\/www.focus.cat\\\/es\\\/el-5-de-septiembre-comienza-de-nuevo-el-viaje\\\/\"},\"wordCount\":120,\"publisher\":{\"@id\":\"https:\\\/\\\/www.focus.cat\\\/#organization\"},\"image\":{\"@id\":\"https:\\\/\\\/www.focus.cat\\\/es\\\/el-5-de-septiembre-comienza-de-nuevo-el-viaje\\\/#primaryimage\"},\"thumbnailUrl\":\"https:\\\/\\\/www.focus.cat\\\/wp-content\\\/uploads\\\/2025\\\/08\\\/Portada-video-8.jpg\",\"articleSection\":[\"Noticias\"],\"inLanguage\":\"ca\"},{\"@type\":\"WebPage\",\"@id\":\"https:\\\/\\\/www.focus.cat\\\/es\\\/el-5-de-septiembre-comienza-de-nuevo-el-viaje\\\/\",\"url\":\"https:\\\/\\\/www.focus.cat\\\/es\\\/el-5-de-septiembre-comienza-de-nuevo-el-viaje\\\/\",\"name\":\"El 5 de septiembre, comienza de nuevo el viaje - Focus\",\"isPartOf\":{\"@id\":\"https:\\\/\\\/www.focus.cat\\\/#website\"},\"primaryImageOfPage\":{\"@id\":\"https:\\\/\\\/www.focus.cat\\\/es\\\/el-5-de-septiembre-comienza-de-nuevo-el-viaje\\\/#primaryimage\"},\"image\":{\"@id\":\"https:\\\/\\\/www.focus.cat\\\/es\\\/el-5-de-septiembre-comienza-de-nuevo-el-viaje\\\/#primaryimage\"},\"thumbnailUrl\":\"https:\\\/\\\/www.focus.cat\\\/wp-content\\\/uploads\\\/2025\\\/08\\\/Portada-video-8.jpg\",\"datePublished\":\"2025-08-04T11:22:43+00:00\",\"inLanguage\":\"ca\",\"potentialAction\":[{\"@type\":\"ReadAction\",\"target\":[\"https:\\\/\\\/www.focus.cat\\\/es\\\/el-5-de-septiembre-comienza-de-nuevo-el-viaje\\\/\"]}]},{\"@type\":\"ImageObject\",\"inLanguage\":\"ca\",\"@id\":\"https:\\\/\\\/www.focus.cat\\\/es\\\/el-5-de-septiembre-comienza-de-nuevo-el-viaje\\\/#primaryimage\",\"url\":\"https:\\\/\\\/www.focus.cat\\\/wp-content\\\/uploads\\\/2025\\\/08\\\/Portada-video-8.jpg\",\"contentUrl\":\"https:\\\/\\\/www.focus.cat\\\/wp-content\\\/uploads\\\/2025\\\/08\\\/Portada-video-8.jpg\",\"width\":1920,\"height\":1080},{\"@type\":\"WebSite\",\"@id\":\"https:\\\/\\\/www.focus.cat\\\/#website\",\"url\":\"https:\\\/\\\/www.focus.cat\\\/\",\"name\":\"Focus\",\"description\":\"\",\"publisher\":{\"@id\":\"https:\\\/\\\/www.focus.cat\\\/#organization\"},\"potentialAction\":[{\"@type\":\"SearchAction\",\"target\":{\"@type\":\"EntryPoint\",\"urlTemplate\":\"https:\\\/\\\/www.focus.cat\\\/?s={search_term_string}\"},\"query-input\":{\"@type\":\"PropertyValueSpecification\",\"valueRequired\":true,\"valueName\":\"search_term_string\"}}],\"inLanguage\":\"ca\"},{\"@type\":\"Organization\",\"@id\":\"https:\\\/\\\/www.focus.cat\\\/#organization\",\"name\":\"Focus\",\"url\":\"https:\\\/\\\/www.focus.cat\\\/\",\"logo\":{\"@type\":\"ImageObject\",\"inLanguage\":\"ca\",\"@id\":\"https:\\\/\\\/www.focus.cat\\\/#\\\/schema\\\/logo\\\/image\\\/\",\"url\":\"https:\\\/\\\/www.focus.cat\\\/wp-content\\\/uploads\\\/2022\\\/01\\\/logo-focus-any-35.svg\",\"contentUrl\":\"https:\\\/\\\/www.focus.cat\\\/wp-content\\\/uploads\\\/2022\\\/01\\\/logo-focus-any-35.svg\",\"width\":1,\"height\":1,\"caption\":\"Focus\"},\"image\":{\"@id\":\"https:\\\/\\\/www.focus.cat\\\/#\\\/schema\\\/logo\\\/image\\\/\"}},{\"@type\":\"Person\",\"@id\":\"https:\\\/\\\/www.focus.cat\\\/#\\\/schema\\\/person\\\/caae89e91020f6f4091f528af5ee5e71\",\"name\":\"Suport Digital\",\"image\":{\"@type\":\"ImageObject\",\"inLanguage\":\"ca\",\"@id\":\"https:\\\/\\\/secure.gravatar.com\\\/avatar\\\/dd41dbc903aea1c8ca8c21ad68c0e0693be9f8c724f44cf11598395a9d1a039e?s=96&d=mm&r=g\",\"url\":\"https:\\\/\\\/secure.gravatar.com\\\/avatar\\\/dd41dbc903aea1c8ca8c21ad68c0e0693be9f8c724f44cf11598395a9d1a039e?s=96&d=mm&r=g\",\"contentUrl\":\"https:\\\/\\\/secure.gravatar.com\\\/avatar\\\/dd41dbc903aea1c8ca8c21ad68c0e0693be9f8c724f44cf11598395a9d1a039e?s=96&d=mm&r=g\",\"caption\":\"Suport Digital\"},\"url\":\"https:\\\/\\\/www.focus.cat\\\/author\\\/suport-digital\\\/\"}]}<\/script>\n<!-- \/ Yoast SEO plugin. -->","yoast_head_json":{"title":"El 5 de septiembre, comienza de nuevo el viaje - Focus","robots":{"index":"index","follow":"follow","max-snippet":"max-snippet:-1","max-image-preview":"max-image-preview:large","max-video-preview":"max-video-preview:-1"},"canonical":"https:\/\/www.focus.cat\/el-5-de-septiembre-comienza-de-nuevo-el-viaje\/","og_locale":"ca_ES","og_type":"article","og_title":"El 5 de septiembre, comienza de nuevo el viaje - Focus","og_description":"Como cada a\u00f1o, el Grupo Focus se complace en anunciar la presentaci\u00f3n de la nueva temporada teatral, el punto de partida de este nuevo viaje en el que daremos a conocer los espect\u00e1culos que conformar\u00e1n las programaciones de nuestros teatros y donde nos reuniremos con las compa\u00f1\u00edas, artistas y agentes del mundo de la cultura ... Llegeix m\u00e9s","og_url":"https:\/\/www.focus.cat\/es\/el-5-de-septiembre-comienza-de-nuevo-el-viaje\/","og_site_name":"Focus","article_published_time":"2025-08-04T11:22:43+00:00","og_image":[{"width":1920,"height":1080,"url":"https:\/\/www.focus.cat\/wp-content\/uploads\/2025\/08\/Portada-video-8.jpg","type":"image\/jpeg"}],"author":"Suport Digital","twitter_card":"summary_large_image","schema":{"@context":"https:\/\/schema.org","@graph":[{"@type":"Article","@id":"https:\/\/www.focus.cat\/es\/el-5-de-septiembre-comienza-de-nuevo-el-viaje\/#article","isPartOf":{"@id":"https:\/\/www.focus.cat\/es\/el-5-de-septiembre-comienza-de-nuevo-el-viaje\/"},"author":{"name":"Suport Digital","@id":"https:\/\/www.focus.cat\/#\/schema\/person\/caae89e91020f6f4091f528af5ee5e71"},"headline":"El 5 de septiembre, comienza de nuevo el viaje","datePublished":"2025-08-04T11:22:43+00:00","mainEntityOfPage":{"@id":"https:\/\/www.focus.cat\/es\/el-5-de-septiembre-comienza-de-nuevo-el-viaje\/"},"wordCount":120,"publisher":{"@id":"https:\/\/www.focus.cat\/#organization"},"image":{"@id":"https:\/\/www.focus.cat\/es\/el-5-de-septiembre-comienza-de-nuevo-el-viaje\/#primaryimage"},"thumbnailUrl":"https:\/\/www.focus.cat\/wp-content\/uploads\/2025\/08\/Portada-video-8.jpg","articleSection":["Noticias"],"inLanguage":"ca"},{"@type":"WebPage","@id":"https:\/\/www.focus.cat\/es\/el-5-de-septiembre-comienza-de-nuevo-el-viaje\/","url":"https:\/\/www.focus.cat\/es\/el-5-de-septiembre-comienza-de-nuevo-el-viaje\/","name":"El 5 de septiembre, comienza de nuevo el viaje - Focus","isPartOf":{"@id":"https:\/\/www.focus.cat\/#website"},"primaryImageOfPage":{"@id":"https:\/\/www.focus.cat\/es\/el-5-de-septiembre-comienza-de-nuevo-el-viaje\/#primaryimage"},"image":{"@id":"https:\/\/www.focus.cat\/es\/el-5-de-septiembre-comienza-de-nuevo-el-viaje\/#primaryimage"},"thumbnailUrl":"https:\/\/www.focus.cat\/wp-content\/uploads\/2025\/08\/Portada-video-8.jpg","datePublished":"2025-08-04T11:22:43+00:00","inLanguage":"ca","potentialAction":[{"@type":"ReadAction","target":["https:\/\/www.focus.cat\/es\/el-5-de-septiembre-comienza-de-nuevo-el-viaje\/"]}]},{"@type":"ImageObject","inLanguage":"ca","@id":"https:\/\/www.focus.cat\/es\/el-5-de-septiembre-comienza-de-nuevo-el-viaje\/#primaryimage","url":"https:\/\/www.focus.cat\/wp-content\/uploads\/2025\/08\/Portada-video-8.jpg","contentUrl":"https:\/\/www.focus.cat\/wp-content\/uploads\/2025\/08\/Portada-video-8.jpg","width":1920,"height":1080},{"@type":"WebSite","@id":"https:\/\/www.focus.cat\/#website","url":"https:\/\/www.focus.cat\/","name":"Focus","description":"","publisher":{"@id":"https:\/\/www.focus.cat\/#organization"},"potentialAction":[{"@type":"SearchAction","target":{"@type":"EntryPoint","urlTemplate":"https:\/\/www.focus.cat\/?s={search_term_string}"},"query-input":{"@type":"PropertyValueSpecification","valueRequired":true,"valueName":"search_term_string"}}],"inLanguage":"ca"},{"@type":"Organization","@id":"https:\/\/www.focus.cat\/#organization","name":"Focus","url":"https:\/\/www.focus.cat\/","logo":{"@type":"ImageObject","inLanguage":"ca","@id":"https:\/\/www.focus.cat\/#\/schema\/logo\/image\/","url":"https:\/\/www.focus.cat\/wp-content\/uploads\/2022\/01\/logo-focus-any-35.svg","contentUrl":"https:\/\/www.focus.cat\/wp-content\/uploads\/2022\/01\/logo-focus-any-35.svg","width":1,"height":1,"caption":"Focus"},"image":{"@id":"https:\/\/www.focus.cat\/#\/schema\/logo\/image\/"}},{"@type":"Person","@id":"https:\/\/www.focus.cat\/#\/schema\/person\/caae89e91020f6f4091f528af5ee5e71","name":"Suport Digital","image":{"@type":"ImageObject","inLanguage":"ca","@id":"https:\/\/secure.gravatar.com\/avatar\/dd41dbc903aea1c8ca8c21ad68c0e0693be9f8c724f44cf11598395a9d1a039e?s=96&d=mm&r=g","url":"https:\/\/secure.gravatar.com\/avatar\/dd41dbc903aea1c8ca8c21ad68c0e0693be9f8c724f44cf11598395a9d1a039e?s=96&d=mm&r=g","contentUrl":"https:\/\/secure.gravatar.com\/avatar\/dd41dbc903aea1c8ca8c21ad68c0e0693be9f8c724f44cf11598395a9d1a039e?s=96&d=mm&r=g","caption":"Suport Digital"},"url":"https:\/\/www.focus.cat\/author\/suport-digital\/"}]}},"_links":{"self":[{"href":"https:\/\/www.focus.cat\/wp-json\/wp\/v2\/posts\/24100","targetHints":{"allow":["GET"]}}],"collection":[{"href":"https:\/\/www.focus.cat\/wp-json\/wp\/v2\/posts"}],"about":[{"href":"https:\/\/www.focus.cat\/wp-json\/wp\/v2\/types\/post"}],"author":[{"embeddable":true,"href":"https:\/\/www.focus.cat\/wp-json\/wp\/v2\/users\/15"}],"replies":[{"embeddable":true,"href":"https:\/\/www.focus.cat\/wp-json\/wp\/v2\/comments?post=24100"}],"version-history":[{"count":0,"href":"https:\/\/www.focus.cat\/wp-json\/wp\/v2\/posts\/24100\/revisions"}],"wp:featuredmedia":[{"embeddable":true,"href":"https:\/\/www.focus.cat\/wp-json\/wp\/v2\/media\/24095"}],"wp:attachment":[{"href":"https:\/\/www.focus.cat\/wp-json\/wp\/v2\/media?parent=24100"}],"wp:term":[{"taxonomy":"category","embeddable":true,"href":"https:\/\/www.focus.cat\/wp-json\/wp\/v2\/categories?post=24100"}],"curies":[{"name":"wp","href":"https:\/\/api.w.org\/{rel}","templated":true}]}}