{"id":24720,"date":"2025-10-02T14:51:39","date_gmt":"2025-10-02T14:51:39","guid":{"rendered":"https:\/\/www.focus.cat\/?p=24720"},"modified":"2025-11-18T10:42:28","modified_gmt":"2025-11-18T10:42:28","slug":"llega-la-ma-a-la-villarroel","status":"publish","type":"post","link":"https:\/\/www.focus.cat\/es\/llega-la-ma-a-la-villarroel\/","title":{"rendered":"\u00a1LA M\u00c0 ya est\u00e1 en La Villarroel!"},"content":{"rendered":"<p>La nueva producci\u00f3n original de La Villarroel, <em>La m\u00e0<\/em>, es una adaptaci\u00f3n de la obra de Martin McDonagh dirigida por Pau Carri\u00f3 y protagonizada por Pol L\u00f3pez, Albert Prat, Mia Sala-Patau y Soribah Ceesay.<\/p>\n<p>La obra, ganadora de un Premio Tony, es una comedia negra ambientada en un hotel de mala muerte en una peque\u00f1a ciudad de la Am\u00e9rica profunda. Est\u00e1 escrita por Martin McDonagh, uno de los autores m\u00e1s exitosos de los \u00faltimos a\u00f1os, tanto en su faceta de dramaturgo \u2014con piezas como <em>La calavera de Connemara<\/em> o <em>La reina de la belleza de Leenane<\/em>\u2014 como en la de guionista cinematogr\u00e1fico, con pel\u00edculas como <em>Tres anuncios en las afueras<\/em> o <em>Almas en pena de Inisherin<\/em>, que han recibido los m\u00e1s altos galardones.<\/p>\n<p>Pol L\u00f3pez, uno de los actores m\u00e1s destacados de su generaci\u00f3n, ganador, entre otros, del Premio Butaca y del Premio Ciutat de Barcelona por sus interpretaciones, vuelve a adentrarse en el particular universo de McDonagh tras el \u00e9xito conseguido con <em>La calavera de Connemara<\/em>.<\/p>\n<p>La obra se estrenar\u00e1 el pr\u00f3ximo domingo 19 de octubre en <a href=\"https:\/\/www.lavillarroel.cat\/es\/ex\/la-ma\/\">La Villarroel<\/a>.<\/p>\n","protected":false},"excerpt":{"rendered":"<p>La nueva producci\u00f3n original de La Villarroel, La m\u00e0, es una adaptaci\u00f3n de la obra de Martin McDonagh dirigida por Pau Carri\u00f3 y protagonizada por Pol L\u00f3pez, Albert Prat, Mia Sala-Patau y Soribah Ceesay. La obra, ganadora de un Premio Tony, es una comedia negra ambientada en un hotel de mala muerte en una peque\u00f1a<a class=\"excerpt-read-more\" href=\"https:\/\/www.focus.cat\/es\/llega-la-ma-a-la-villarroel\/\" title=\"Llegeix\u00a1LA M\u00c0 ya est\u00e1 en La Villarroel!\"> &#8230; Llegeix m\u00e9s<\/a><\/p>\n","protected":false},"author":20,"featured_media":24718,"comment_status":"closed","ping_status":"closed","sticky":false,"template":"","format":"standard","meta":{"_acf_changed":false,"inline_featured_image":false,"footnotes":""},"categories":[4],"class_list":["post-24720","post","type-post","status-publish","format-standard","has-post-thumbnail","hentry","category-noticias"],"acf":[],"yoast_head":"<!-- This site is optimized with the Yoast SEO plugin v27.5 - https:\/\/yoast.com\/product\/yoast-seo-wordpress\/ -->\n<title>\u00a1LA M\u00c0 ya est\u00e1 en La Villarroel! - Focus<\/title>\n<meta name=\"robots\" content=\"index, follow, max-snippet:-1, max-image-preview:large, max-video-preview:-1\" \/>\n<link rel=\"canonical\" href=\"https:\/\/www.focus.cat\/llega-la-ma-a-la-villarroel\/\" \/>\n<meta property=\"og:locale\" content=\"ca_ES\" \/>\n<meta property=\"og:type\" content=\"article\" \/>\n<meta property=\"og:title\" content=\"\u00a1LA M\u00c0 ya est\u00e1 en La Villarroel! - Focus\" \/>\n<meta property=\"og:description\" content=\"La nueva producci\u00f3n original de La Villarroel, La m\u00e0, es una adaptaci\u00f3n de la obra de Martin McDonagh dirigida por Pau Carri\u00f3 y protagonizada por Pol L\u00f3pez, Albert Prat, Mia Sala-Patau y Soribah Ceesay. La obra, ganadora de un Premio Tony, es una comedia negra ambientada en un hotel de mala muerte en una peque\u00f1a ... Llegeix m\u00e9s\" \/>\n<meta property=\"og:url\" content=\"https:\/\/www.focus.cat\/es\/llega-la-ma-a-la-villarroel\/\" \/>\n<meta property=\"og:site_name\" content=\"Focus\" \/>\n<meta property=\"article:published_time\" content=\"2025-10-02T14:51:39+00:00\" \/>\n<meta property=\"article:modified_time\" content=\"2025-11-18T10:42:28+00:00\" \/>\n<meta property=\"og:image\" content=\"https:\/\/www.focus.cat\/wp-content\/uploads\/2025\/10\/16-Quadrat_1080x1080.jpg\" \/>\n\t<meta property=\"og:image:width\" content=\"1080\" \/>\n\t<meta property=\"og:image:height\" content=\"1080\" \/>\n\t<meta property=\"og:image:type\" content=\"image\/jpeg\" \/>\n<meta name=\"author\" content=\"Anna P\u00e9rez\" \/>\n<meta name=\"twitter:card\" content=\"summary_large_image\" \/>\n<script type=\"application\/ld+json\" class=\"yoast-schema-graph\">{\"@context\":\"https:\\\/\\\/schema.org\",\"@graph\":[{\"@type\":\"Article\",\"@id\":\"https:\\\/\\\/www.focus.cat\\\/es\\\/llega-la-ma-a-la-villarroel\\\/#article\",\"isPartOf\":{\"@id\":\"https:\\\/\\\/www.focus.cat\\\/es\\\/llega-la-ma-a-la-villarroel\\\/\"},\"author\":{\"name\":\"Anna P\u00e9rez\",\"@id\":\"https:\\\/\\\/www.focus.cat\\\/#\\\/schema\\\/person\\\/9e66abd668dd0c1279ae3914c3d74f90\"},\"headline\":\"\u00a1LA M\u00c0 ya est\u00e1 en La Villarroel!\",\"datePublished\":\"2025-10-02T14:51:39+00:00\",\"dateModified\":\"2025-11-18T10:42:28+00:00\",\"mainEntityOfPage\":{\"@id\":\"https:\\\/\\\/www.focus.cat\\\/es\\\/llega-la-ma-a-la-villarroel\\\/\"},\"wordCount\":200,\"publisher\":{\"@id\":\"https:\\\/\\\/www.focus.cat\\\/#organization\"},\"image\":{\"@id\":\"https:\\\/\\\/www.focus.cat\\\/es\\\/llega-la-ma-a-la-villarroel\\\/#primaryimage\"},\"thumbnailUrl\":\"https:\\\/\\\/www.focus.cat\\\/wp-content\\\/uploads\\\/2025\\\/10\\\/16-Quadrat_1080x1080.jpg\",\"articleSection\":[\"Noticias\"],\"inLanguage\":\"ca\"},{\"@type\":\"WebPage\",\"@id\":\"https:\\\/\\\/www.focus.cat\\\/es\\\/llega-la-ma-a-la-villarroel\\\/\",\"url\":\"https:\\\/\\\/www.focus.cat\\\/es\\\/llega-la-ma-a-la-villarroel\\\/\",\"name\":\"\u00a1LA M\u00c0 ya est\u00e1 en La Villarroel! - Focus\",\"isPartOf\":{\"@id\":\"https:\\\/\\\/www.focus.cat\\\/#website\"},\"primaryImageOfPage\":{\"@id\":\"https:\\\/\\\/www.focus.cat\\\/es\\\/llega-la-ma-a-la-villarroel\\\/#primaryimage\"},\"image\":{\"@id\":\"https:\\\/\\\/www.focus.cat\\\/es\\\/llega-la-ma-a-la-villarroel\\\/#primaryimage\"},\"thumbnailUrl\":\"https:\\\/\\\/www.focus.cat\\\/wp-content\\\/uploads\\\/2025\\\/10\\\/16-Quadrat_1080x1080.jpg\",\"datePublished\":\"2025-10-02T14:51:39+00:00\",\"dateModified\":\"2025-11-18T10:42:28+00:00\",\"inLanguage\":\"ca\",\"potentialAction\":[{\"@type\":\"ReadAction\",\"target\":[\"https:\\\/\\\/www.focus.cat\\\/es\\\/llega-la-ma-a-la-villarroel\\\/\"]}]},{\"@type\":\"ImageObject\",\"inLanguage\":\"ca\",\"@id\":\"https:\\\/\\\/www.focus.cat\\\/es\\\/llega-la-ma-a-la-villarroel\\\/#primaryimage\",\"url\":\"https:\\\/\\\/www.focus.cat\\\/wp-content\\\/uploads\\\/2025\\\/10\\\/16-Quadrat_1080x1080.jpg\",\"contentUrl\":\"https:\\\/\\\/www.focus.cat\\\/wp-content\\\/uploads\\\/2025\\\/10\\\/16-Quadrat_1080x1080.jpg\",\"width\":1080,\"height\":1080},{\"@type\":\"WebSite\",\"@id\":\"https:\\\/\\\/www.focus.cat\\\/#website\",\"url\":\"https:\\\/\\\/www.focus.cat\\\/\",\"name\":\"Focus\",\"description\":\"\",\"publisher\":{\"@id\":\"https:\\\/\\\/www.focus.cat\\\/#organization\"},\"potentialAction\":[{\"@type\":\"SearchAction\",\"target\":{\"@type\":\"EntryPoint\",\"urlTemplate\":\"https:\\\/\\\/www.focus.cat\\\/?s={search_term_string}\"},\"query-input\":{\"@type\":\"PropertyValueSpecification\",\"valueRequired\":true,\"valueName\":\"search_term_string\"}}],\"inLanguage\":\"ca\"},{\"@type\":\"Organization\",\"@id\":\"https:\\\/\\\/www.focus.cat\\\/#organization\",\"name\":\"Focus\",\"url\":\"https:\\\/\\\/www.focus.cat\\\/\",\"logo\":{\"@type\":\"ImageObject\",\"inLanguage\":\"ca\",\"@id\":\"https:\\\/\\\/www.focus.cat\\\/#\\\/schema\\\/logo\\\/image\\\/\",\"url\":\"https:\\\/\\\/www.focus.cat\\\/wp-content\\\/uploads\\\/2022\\\/01\\\/logo-focus-any-35.svg\",\"contentUrl\":\"https:\\\/\\\/www.focus.cat\\\/wp-content\\\/uploads\\\/2022\\\/01\\\/logo-focus-any-35.svg\",\"width\":1,\"height\":1,\"caption\":\"Focus\"},\"image\":{\"@id\":\"https:\\\/\\\/www.focus.cat\\\/#\\\/schema\\\/logo\\\/image\\\/\"}},{\"@type\":\"Person\",\"@id\":\"https:\\\/\\\/www.focus.cat\\\/#\\\/schema\\\/person\\\/9e66abd668dd0c1279ae3914c3d74f90\",\"name\":\"Anna P\u00e9rez\",\"image\":{\"@type\":\"ImageObject\",\"inLanguage\":\"ca\",\"@id\":\"https:\\\/\\\/secure.gravatar.com\\\/avatar\\\/5dbe7a45b452a34f066c1aff3317898a63481e4439c4015a48149f6288b5280d?s=96&d=mm&r=g\",\"url\":\"https:\\\/\\\/secure.gravatar.com\\\/avatar\\\/5dbe7a45b452a34f066c1aff3317898a63481e4439c4015a48149f6288b5280d?s=96&d=mm&r=g\",\"contentUrl\":\"https:\\\/\\\/secure.gravatar.com\\\/avatar\\\/5dbe7a45b452a34f066c1aff3317898a63481e4439c4015a48149f6288b5280d?s=96&d=mm&r=g\",\"caption\":\"Anna P\u00e9rez\"},\"url\":\"https:\\\/\\\/www.focus.cat\\\/author\\\/anna-perez\\\/\"}]}<\/script>\n<!-- \/ Yoast SEO plugin. -->","yoast_head_json":{"title":"\u00a1LA M\u00c0 ya est\u00e1 en La Villarroel! - Focus","robots":{"index":"index","follow":"follow","max-snippet":"max-snippet:-1","max-image-preview":"max-image-preview:large","max-video-preview":"max-video-preview:-1"},"canonical":"https:\/\/www.focus.cat\/llega-la-ma-a-la-villarroel\/","og_locale":"ca_ES","og_type":"article","og_title":"\u00a1LA M\u00c0 ya est\u00e1 en La Villarroel! - Focus","og_description":"La nueva producci\u00f3n original de La Villarroel, La m\u00e0, es una adaptaci\u00f3n de la obra de Martin McDonagh dirigida por Pau Carri\u00f3 y protagonizada por Pol L\u00f3pez, Albert Prat, Mia Sala-Patau y Soribah Ceesay. La obra, ganadora de un Premio Tony, es una comedia negra ambientada en un hotel de mala muerte en una peque\u00f1a ... Llegeix m\u00e9s","og_url":"https:\/\/www.focus.cat\/es\/llega-la-ma-a-la-villarroel\/","og_site_name":"Focus","article_published_time":"2025-10-02T14:51:39+00:00","article_modified_time":"2025-11-18T10:42:28+00:00","og_image":[{"width":1080,"height":1080,"url":"https:\/\/www.focus.cat\/wp-content\/uploads\/2025\/10\/16-Quadrat_1080x1080.jpg","type":"image\/jpeg"}],"author":"Anna P\u00e9rez","twitter_card":"summary_large_image","schema":{"@context":"https:\/\/schema.org","@graph":[{"@type":"Article","@id":"https:\/\/www.focus.cat\/es\/llega-la-ma-a-la-villarroel\/#article","isPartOf":{"@id":"https:\/\/www.focus.cat\/es\/llega-la-ma-a-la-villarroel\/"},"author":{"name":"Anna P\u00e9rez","@id":"https:\/\/www.focus.cat\/#\/schema\/person\/9e66abd668dd0c1279ae3914c3d74f90"},"headline":"\u00a1LA M\u00c0 ya est\u00e1 en La Villarroel!","datePublished":"2025-10-02T14:51:39+00:00","dateModified":"2025-11-18T10:42:28+00:00","mainEntityOfPage":{"@id":"https:\/\/www.focus.cat\/es\/llega-la-ma-a-la-villarroel\/"},"wordCount":200,"publisher":{"@id":"https:\/\/www.focus.cat\/#organization"},"image":{"@id":"https:\/\/www.focus.cat\/es\/llega-la-ma-a-la-villarroel\/#primaryimage"},"thumbnailUrl":"https:\/\/www.focus.cat\/wp-content\/uploads\/2025\/10\/16-Quadrat_1080x1080.jpg","articleSection":["Noticias"],"inLanguage":"ca"},{"@type":"WebPage","@id":"https:\/\/www.focus.cat\/es\/llega-la-ma-a-la-villarroel\/","url":"https:\/\/www.focus.cat\/es\/llega-la-ma-a-la-villarroel\/","name":"\u00a1LA M\u00c0 ya est\u00e1 en La Villarroel! - Focus","isPartOf":{"@id":"https:\/\/www.focus.cat\/#website"},"primaryImageOfPage":{"@id":"https:\/\/www.focus.cat\/es\/llega-la-ma-a-la-villarroel\/#primaryimage"},"image":{"@id":"https:\/\/www.focus.cat\/es\/llega-la-ma-a-la-villarroel\/#primaryimage"},"thumbnailUrl":"https:\/\/www.focus.cat\/wp-content\/uploads\/2025\/10\/16-Quadrat_1080x1080.jpg","datePublished":"2025-10-02T14:51:39+00:00","dateModified":"2025-11-18T10:42:28+00:00","inLanguage":"ca","potentialAction":[{"@type":"ReadAction","target":["https:\/\/www.focus.cat\/es\/llega-la-ma-a-la-villarroel\/"]}]},{"@type":"ImageObject","inLanguage":"ca","@id":"https:\/\/www.focus.cat\/es\/llega-la-ma-a-la-villarroel\/#primaryimage","url":"https:\/\/www.focus.cat\/wp-content\/uploads\/2025\/10\/16-Quadrat_1080x1080.jpg","contentUrl":"https:\/\/www.focus.cat\/wp-content\/uploads\/2025\/10\/16-Quadrat_1080x1080.jpg","width":1080,"height":1080},{"@type":"WebSite","@id":"https:\/\/www.focus.cat\/#website","url":"https:\/\/www.focus.cat\/","name":"Focus","description":"","publisher":{"@id":"https:\/\/www.focus.cat\/#organization"},"potentialAction":[{"@type":"SearchAction","target":{"@type":"EntryPoint","urlTemplate":"https:\/\/www.focus.cat\/?s={search_term_string}"},"query-input":{"@type":"PropertyValueSpecification","valueRequired":true,"valueName":"search_term_string"}}],"inLanguage":"ca"},{"@type":"Organization","@id":"https:\/\/www.focus.cat\/#organization","name":"Focus","url":"https:\/\/www.focus.cat\/","logo":{"@type":"ImageObject","inLanguage":"ca","@id":"https:\/\/www.focus.cat\/#\/schema\/logo\/image\/","url":"https:\/\/www.focus.cat\/wp-content\/uploads\/2022\/01\/logo-focus-any-35.svg","contentUrl":"https:\/\/www.focus.cat\/wp-content\/uploads\/2022\/01\/logo-focus-any-35.svg","width":1,"height":1,"caption":"Focus"},"image":{"@id":"https:\/\/www.focus.cat\/#\/schema\/logo\/image\/"}},{"@type":"Person","@id":"https:\/\/www.focus.cat\/#\/schema\/person\/9e66abd668dd0c1279ae3914c3d74f90","name":"Anna P\u00e9rez","image":{"@type":"ImageObject","inLanguage":"ca","@id":"https:\/\/secure.gravatar.com\/avatar\/5dbe7a45b452a34f066c1aff3317898a63481e4439c4015a48149f6288b5280d?s=96&d=mm&r=g","url":"https:\/\/secure.gravatar.com\/avatar\/5dbe7a45b452a34f066c1aff3317898a63481e4439c4015a48149f6288b5280d?s=96&d=mm&r=g","contentUrl":"https:\/\/secure.gravatar.com\/avatar\/5dbe7a45b452a34f066c1aff3317898a63481e4439c4015a48149f6288b5280d?s=96&d=mm&r=g","caption":"Anna P\u00e9rez"},"url":"https:\/\/www.focus.cat\/author\/anna-perez\/"}]}},"_links":{"self":[{"href":"https:\/\/www.focus.cat\/wp-json\/wp\/v2\/posts\/24720","targetHints":{"allow":["GET"]}}],"collection":[{"href":"https:\/\/www.focus.cat\/wp-json\/wp\/v2\/posts"}],"about":[{"href":"https:\/\/www.focus.cat\/wp-json\/wp\/v2\/types\/post"}],"author":[{"embeddable":true,"href":"https:\/\/www.focus.cat\/wp-json\/wp\/v2\/users\/20"}],"replies":[{"embeddable":true,"href":"https:\/\/www.focus.cat\/wp-json\/wp\/v2\/comments?post=24720"}],"version-history":[{"count":0,"href":"https:\/\/www.focus.cat\/wp-json\/wp\/v2\/posts\/24720\/revisions"}],"wp:featuredmedia":[{"embeddable":true,"href":"https:\/\/www.focus.cat\/wp-json\/wp\/v2\/media\/24718"}],"wp:attachment":[{"href":"https:\/\/www.focus.cat\/wp-json\/wp\/v2\/media?parent=24720"}],"wp:term":[{"taxonomy":"category","embeddable":true,"href":"https:\/\/www.focus.cat\/wp-json\/wp\/v2\/categories?post=24720"}],"curies":[{"name":"wp","href":"https:\/\/api.w.org\/{rel}","templated":true}]}}