{"id":24734,"date":"2025-10-02T15:01:30","date_gmt":"2025-10-02T15:01:30","guid":{"rendered":"https:\/\/www.focus.cat\/?p=24734"},"modified":"2025-10-02T15:01:30","modified_gmt":"2025-10-02T15:01:30","slug":"kurios-del-cirque-du-soleil-llegara-tambien-a-malaga-y-alicante","status":"publish","type":"post","link":"https:\/\/www.focus.cat\/es\/kurios-del-cirque-du-soleil-llegara-tambien-a-malaga-y-alicante\/","title":{"rendered":"&#8216;Kurios&#8217;, del Cirque du Soleil, llegar\u00e1 tambi\u00e9n a M\u00e1laga y Alicante"},"content":{"rendered":"<p>El Cirque du Soleil ha anunciado dos nuevas localizaciones para la gira espa\u00f1ola de <em>Kurios<\/em>, que se suman a Sevilla, Bilbao y Gij\u00f3n, esta \u00faltima ciudad elegida para el estreno europeo del espect\u00e1culo.<\/p>\n<p>En M\u00e1laga, el show se instalar\u00e1 en el Recinto Ferial del Cortijo de Torres del 4 de junio al 5 de julio de 2026, mientras que en Alicante se podr\u00e1 disfrutar en la Playa de San Juan del 16 de julio al 9 de agosto de 2026.<\/p>\n<p><em>Kurios<\/em> est\u00e1 ambientado en una \u00e9poca inspirada en la est\u00e9tica <em>steampunk<\/em> del siglo XIX. El espect\u00e1culo transporta al p\u00fablico al universo de un inventor exc\u00e9ntrico, su laboratorio y sus extraordinarias m\u00e1quinas. En este mundo on\u00edrico, el concepto de la realidad se distorsiona y lo imposible se convierte en posible. Cada escena, repleta de acrobacias imposibles y coreograf\u00edas exquisitas, explora el potencial infinito de la imaginaci\u00f3n humana.<\/p>\n<p>Desde su estreno, <em>Kurios<\/em> ha cosechado elogios tanto del p\u00fablico como de la cr\u00edtica, que lo consideran uno de los espect\u00e1culos m\u00e1s creativos y revolucionarios de la historia del Cirque du Soleil. Una celebraci\u00f3n de la curiosidad, la inventiva y la capacidad humana de superar cualquier l\u00edmite.<\/p>\n","protected":false},"excerpt":{"rendered":"<p>El Cirque du Soleil ha anunciado dos nuevas localizaciones para la gira espa\u00f1ola de Kurios, que se suman a Sevilla, Bilbao y Gij\u00f3n, esta \u00faltima ciudad elegida para el estreno europeo del espect\u00e1culo. En M\u00e1laga, el show se instalar\u00e1 en el Recinto Ferial del Cortijo de Torres del 4 de junio al 5 de julio<a class=\"excerpt-read-more\" href=\"https:\/\/www.focus.cat\/es\/kurios-del-cirque-du-soleil-llegara-tambien-a-malaga-y-alicante\/\" title=\"Llegeix&#8216;Kurios&#8217;, del Cirque du Soleil, llegar\u00e1 tambi\u00e9n a M\u00e1laga y Alicante\"> &#8230; Llegeix m\u00e9s<\/a><\/p>\n","protected":false},"author":20,"featured_media":24731,"comment_status":"closed","ping_status":"closed","sticky":false,"template":"","format":"standard","meta":{"_acf_changed":false,"inline_featured_image":false,"footnotes":""},"categories":[4],"class_list":["post-24734","post","type-post","status-publish","format-standard","has-post-thumbnail","hentry","category-noticias"],"acf":[],"yoast_head":"<!-- This site is optimized with the Yoast SEO plugin v27.5 - https:\/\/yoast.com\/product\/yoast-seo-wordpress\/ -->\n<title>&#039;Kurios&#039;, del Cirque du Soleil, llegar\u00e1 tambi\u00e9n a M\u00e1laga y Alicante - Focus<\/title>\n<meta name=\"robots\" content=\"index, follow, max-snippet:-1, max-image-preview:large, max-video-preview:-1\" \/>\n<link rel=\"canonical\" href=\"https:\/\/www.focus.cat\/kurios-del-cirque-du-soleil-llegara-tambien-a-malaga-y-alicante\/\" \/>\n<meta property=\"og:locale\" content=\"ca_ES\" \/>\n<meta property=\"og:type\" content=\"article\" \/>\n<meta property=\"og:title\" content=\"&#039;Kurios&#039;, del Cirque du Soleil, llegar\u00e1 tambi\u00e9n a M\u00e1laga y Alicante - Focus\" \/>\n<meta property=\"og:description\" content=\"El Cirque du Soleil ha anunciado dos nuevas localizaciones para la gira espa\u00f1ola de Kurios, que se suman a Sevilla, Bilbao y Gij\u00f3n, esta \u00faltima ciudad elegida para el estreno europeo del espect\u00e1culo. En M\u00e1laga, el show se instalar\u00e1 en el Recinto Ferial del Cortijo de Torres del 4 de junio al 5 de julio ... Llegeix m\u00e9s\" \/>\n<meta property=\"og:url\" content=\"https:\/\/www.focus.cat\/es\/kurios-del-cirque-du-soleil-llegara-tambien-a-malaga-y-alicante\/\" \/>\n<meta property=\"og:site_name\" content=\"Focus\" \/>\n<meta property=\"article:published_time\" content=\"2025-10-02T15:01:30+00:00\" \/>\n<meta property=\"og:image\" content=\"https:\/\/www.focus.cat\/wp-content\/uploads\/2025\/10\/K-O-Ticketmaster-1080x1080-1.jpg\" \/>\n\t<meta property=\"og:image:width\" content=\"1080\" \/>\n\t<meta property=\"og:image:height\" content=\"1080\" \/>\n\t<meta property=\"og:image:type\" content=\"image\/jpeg\" \/>\n<meta name=\"author\" content=\"Anna P\u00e9rez\" \/>\n<meta name=\"twitter:card\" content=\"summary_large_image\" \/>\n<script type=\"application\/ld+json\" class=\"yoast-schema-graph\">{\"@context\":\"https:\\\/\\\/schema.org\",\"@graph\":[{\"@type\":\"Article\",\"@id\":\"https:\\\/\\\/www.focus.cat\\\/es\\\/kurios-del-cirque-du-soleil-llegara-tambien-a-malaga-y-alicante\\\/#article\",\"isPartOf\":{\"@id\":\"https:\\\/\\\/www.focus.cat\\\/es\\\/kurios-del-cirque-du-soleil-llegara-tambien-a-malaga-y-alicante\\\/\"},\"author\":{\"name\":\"Anna P\u00e9rez\",\"@id\":\"https:\\\/\\\/www.focus.cat\\\/#\\\/schema\\\/person\\\/9e66abd668dd0c1279ae3914c3d74f90\"},\"headline\":\"&#8216;Kurios&#8217;, del Cirque du Soleil, llegar\u00e1 tambi\u00e9n a M\u00e1laga y Alicante\",\"datePublished\":\"2025-10-02T15:01:30+00:00\",\"mainEntityOfPage\":{\"@id\":\"https:\\\/\\\/www.focus.cat\\\/es\\\/kurios-del-cirque-du-soleil-llegara-tambien-a-malaga-y-alicante\\\/\"},\"wordCount\":218,\"publisher\":{\"@id\":\"https:\\\/\\\/www.focus.cat\\\/#organization\"},\"image\":{\"@id\":\"https:\\\/\\\/www.focus.cat\\\/es\\\/kurios-del-cirque-du-soleil-llegara-tambien-a-malaga-y-alicante\\\/#primaryimage\"},\"thumbnailUrl\":\"https:\\\/\\\/www.focus.cat\\\/wp-content\\\/uploads\\\/2025\\\/10\\\/K-O-Ticketmaster-1080x1080-1.jpg\",\"articleSection\":[\"Noticias\"],\"inLanguage\":\"ca\"},{\"@type\":\"WebPage\",\"@id\":\"https:\\\/\\\/www.focus.cat\\\/es\\\/kurios-del-cirque-du-soleil-llegara-tambien-a-malaga-y-alicante\\\/\",\"url\":\"https:\\\/\\\/www.focus.cat\\\/es\\\/kurios-del-cirque-du-soleil-llegara-tambien-a-malaga-y-alicante\\\/\",\"name\":\"'Kurios', del Cirque du Soleil, llegar\u00e1 tambi\u00e9n a M\u00e1laga y Alicante - Focus\",\"isPartOf\":{\"@id\":\"https:\\\/\\\/www.focus.cat\\\/#website\"},\"primaryImageOfPage\":{\"@id\":\"https:\\\/\\\/www.focus.cat\\\/es\\\/kurios-del-cirque-du-soleil-llegara-tambien-a-malaga-y-alicante\\\/#primaryimage\"},\"image\":{\"@id\":\"https:\\\/\\\/www.focus.cat\\\/es\\\/kurios-del-cirque-du-soleil-llegara-tambien-a-malaga-y-alicante\\\/#primaryimage\"},\"thumbnailUrl\":\"https:\\\/\\\/www.focus.cat\\\/wp-content\\\/uploads\\\/2025\\\/10\\\/K-O-Ticketmaster-1080x1080-1.jpg\",\"datePublished\":\"2025-10-02T15:01:30+00:00\",\"inLanguage\":\"ca\",\"potentialAction\":[{\"@type\":\"ReadAction\",\"target\":[\"https:\\\/\\\/www.focus.cat\\\/es\\\/kurios-del-cirque-du-soleil-llegara-tambien-a-malaga-y-alicante\\\/\"]}]},{\"@type\":\"ImageObject\",\"inLanguage\":\"ca\",\"@id\":\"https:\\\/\\\/www.focus.cat\\\/es\\\/kurios-del-cirque-du-soleil-llegara-tambien-a-malaga-y-alicante\\\/#primaryimage\",\"url\":\"https:\\\/\\\/www.focus.cat\\\/wp-content\\\/uploads\\\/2025\\\/10\\\/K-O-Ticketmaster-1080x1080-1.jpg\",\"contentUrl\":\"https:\\\/\\\/www.focus.cat\\\/wp-content\\\/uploads\\\/2025\\\/10\\\/K-O-Ticketmaster-1080x1080-1.jpg\",\"width\":1080,\"height\":1080},{\"@type\":\"WebSite\",\"@id\":\"https:\\\/\\\/www.focus.cat\\\/#website\",\"url\":\"https:\\\/\\\/www.focus.cat\\\/\",\"name\":\"Focus\",\"description\":\"\",\"publisher\":{\"@id\":\"https:\\\/\\\/www.focus.cat\\\/#organization\"},\"potentialAction\":[{\"@type\":\"SearchAction\",\"target\":{\"@type\":\"EntryPoint\",\"urlTemplate\":\"https:\\\/\\\/www.focus.cat\\\/?s={search_term_string}\"},\"query-input\":{\"@type\":\"PropertyValueSpecification\",\"valueRequired\":true,\"valueName\":\"search_term_string\"}}],\"inLanguage\":\"ca\"},{\"@type\":\"Organization\",\"@id\":\"https:\\\/\\\/www.focus.cat\\\/#organization\",\"name\":\"Focus\",\"url\":\"https:\\\/\\\/www.focus.cat\\\/\",\"logo\":{\"@type\":\"ImageObject\",\"inLanguage\":\"ca\",\"@id\":\"https:\\\/\\\/www.focus.cat\\\/#\\\/schema\\\/logo\\\/image\\\/\",\"url\":\"https:\\\/\\\/www.focus.cat\\\/wp-content\\\/uploads\\\/2022\\\/01\\\/logo-focus-any-35.svg\",\"contentUrl\":\"https:\\\/\\\/www.focus.cat\\\/wp-content\\\/uploads\\\/2022\\\/01\\\/logo-focus-any-35.svg\",\"width\":1,\"height\":1,\"caption\":\"Focus\"},\"image\":{\"@id\":\"https:\\\/\\\/www.focus.cat\\\/#\\\/schema\\\/logo\\\/image\\\/\"}},{\"@type\":\"Person\",\"@id\":\"https:\\\/\\\/www.focus.cat\\\/#\\\/schema\\\/person\\\/9e66abd668dd0c1279ae3914c3d74f90\",\"name\":\"Anna P\u00e9rez\",\"image\":{\"@type\":\"ImageObject\",\"inLanguage\":\"ca\",\"@id\":\"https:\\\/\\\/secure.gravatar.com\\\/avatar\\\/5dbe7a45b452a34f066c1aff3317898a63481e4439c4015a48149f6288b5280d?s=96&d=mm&r=g\",\"url\":\"https:\\\/\\\/secure.gravatar.com\\\/avatar\\\/5dbe7a45b452a34f066c1aff3317898a63481e4439c4015a48149f6288b5280d?s=96&d=mm&r=g\",\"contentUrl\":\"https:\\\/\\\/secure.gravatar.com\\\/avatar\\\/5dbe7a45b452a34f066c1aff3317898a63481e4439c4015a48149f6288b5280d?s=96&d=mm&r=g\",\"caption\":\"Anna P\u00e9rez\"},\"url\":\"https:\\\/\\\/www.focus.cat\\\/author\\\/anna-perez\\\/\"}]}<\/script>\n<!-- \/ Yoast SEO plugin. -->","yoast_head_json":{"title":"'Kurios', del Cirque du Soleil, llegar\u00e1 tambi\u00e9n a M\u00e1laga y Alicante - Focus","robots":{"index":"index","follow":"follow","max-snippet":"max-snippet:-1","max-image-preview":"max-image-preview:large","max-video-preview":"max-video-preview:-1"},"canonical":"https:\/\/www.focus.cat\/kurios-del-cirque-du-soleil-llegara-tambien-a-malaga-y-alicante\/","og_locale":"ca_ES","og_type":"article","og_title":"'Kurios', del Cirque du Soleil, llegar\u00e1 tambi\u00e9n a M\u00e1laga y Alicante - Focus","og_description":"El Cirque du Soleil ha anunciado dos nuevas localizaciones para la gira espa\u00f1ola de Kurios, que se suman a Sevilla, Bilbao y Gij\u00f3n, esta \u00faltima ciudad elegida para el estreno europeo del espect\u00e1culo. En M\u00e1laga, el show se instalar\u00e1 en el Recinto Ferial del Cortijo de Torres del 4 de junio al 5 de julio ... Llegeix m\u00e9s","og_url":"https:\/\/www.focus.cat\/es\/kurios-del-cirque-du-soleil-llegara-tambien-a-malaga-y-alicante\/","og_site_name":"Focus","article_published_time":"2025-10-02T15:01:30+00:00","og_image":[{"width":1080,"height":1080,"url":"https:\/\/www.focus.cat\/wp-content\/uploads\/2025\/10\/K-O-Ticketmaster-1080x1080-1.jpg","type":"image\/jpeg"}],"author":"Anna P\u00e9rez","twitter_card":"summary_large_image","schema":{"@context":"https:\/\/schema.org","@graph":[{"@type":"Article","@id":"https:\/\/www.focus.cat\/es\/kurios-del-cirque-du-soleil-llegara-tambien-a-malaga-y-alicante\/#article","isPartOf":{"@id":"https:\/\/www.focus.cat\/es\/kurios-del-cirque-du-soleil-llegara-tambien-a-malaga-y-alicante\/"},"author":{"name":"Anna P\u00e9rez","@id":"https:\/\/www.focus.cat\/#\/schema\/person\/9e66abd668dd0c1279ae3914c3d74f90"},"headline":"&#8216;Kurios&#8217;, del Cirque du Soleil, llegar\u00e1 tambi\u00e9n a M\u00e1laga y Alicante","datePublished":"2025-10-02T15:01:30+00:00","mainEntityOfPage":{"@id":"https:\/\/www.focus.cat\/es\/kurios-del-cirque-du-soleil-llegara-tambien-a-malaga-y-alicante\/"},"wordCount":218,"publisher":{"@id":"https:\/\/www.focus.cat\/#organization"},"image":{"@id":"https:\/\/www.focus.cat\/es\/kurios-del-cirque-du-soleil-llegara-tambien-a-malaga-y-alicante\/#primaryimage"},"thumbnailUrl":"https:\/\/www.focus.cat\/wp-content\/uploads\/2025\/10\/K-O-Ticketmaster-1080x1080-1.jpg","articleSection":["Noticias"],"inLanguage":"ca"},{"@type":"WebPage","@id":"https:\/\/www.focus.cat\/es\/kurios-del-cirque-du-soleil-llegara-tambien-a-malaga-y-alicante\/","url":"https:\/\/www.focus.cat\/es\/kurios-del-cirque-du-soleil-llegara-tambien-a-malaga-y-alicante\/","name":"'Kurios', del Cirque du Soleil, llegar\u00e1 tambi\u00e9n a M\u00e1laga y Alicante - Focus","isPartOf":{"@id":"https:\/\/www.focus.cat\/#website"},"primaryImageOfPage":{"@id":"https:\/\/www.focus.cat\/es\/kurios-del-cirque-du-soleil-llegara-tambien-a-malaga-y-alicante\/#primaryimage"},"image":{"@id":"https:\/\/www.focus.cat\/es\/kurios-del-cirque-du-soleil-llegara-tambien-a-malaga-y-alicante\/#primaryimage"},"thumbnailUrl":"https:\/\/www.focus.cat\/wp-content\/uploads\/2025\/10\/K-O-Ticketmaster-1080x1080-1.jpg","datePublished":"2025-10-02T15:01:30+00:00","inLanguage":"ca","potentialAction":[{"@type":"ReadAction","target":["https:\/\/www.focus.cat\/es\/kurios-del-cirque-du-soleil-llegara-tambien-a-malaga-y-alicante\/"]}]},{"@type":"ImageObject","inLanguage":"ca","@id":"https:\/\/www.focus.cat\/es\/kurios-del-cirque-du-soleil-llegara-tambien-a-malaga-y-alicante\/#primaryimage","url":"https:\/\/www.focus.cat\/wp-content\/uploads\/2025\/10\/K-O-Ticketmaster-1080x1080-1.jpg","contentUrl":"https:\/\/www.focus.cat\/wp-content\/uploads\/2025\/10\/K-O-Ticketmaster-1080x1080-1.jpg","width":1080,"height":1080},{"@type":"WebSite","@id":"https:\/\/www.focus.cat\/#website","url":"https:\/\/www.focus.cat\/","name":"Focus","description":"","publisher":{"@id":"https:\/\/www.focus.cat\/#organization"},"potentialAction":[{"@type":"SearchAction","target":{"@type":"EntryPoint","urlTemplate":"https:\/\/www.focus.cat\/?s={search_term_string}"},"query-input":{"@type":"PropertyValueSpecification","valueRequired":true,"valueName":"search_term_string"}}],"inLanguage":"ca"},{"@type":"Organization","@id":"https:\/\/www.focus.cat\/#organization","name":"Focus","url":"https:\/\/www.focus.cat\/","logo":{"@type":"ImageObject","inLanguage":"ca","@id":"https:\/\/www.focus.cat\/#\/schema\/logo\/image\/","url":"https:\/\/www.focus.cat\/wp-content\/uploads\/2022\/01\/logo-focus-any-35.svg","contentUrl":"https:\/\/www.focus.cat\/wp-content\/uploads\/2022\/01\/logo-focus-any-35.svg","width":1,"height":1,"caption":"Focus"},"image":{"@id":"https:\/\/www.focus.cat\/#\/schema\/logo\/image\/"}},{"@type":"Person","@id":"https:\/\/www.focus.cat\/#\/schema\/person\/9e66abd668dd0c1279ae3914c3d74f90","name":"Anna P\u00e9rez","image":{"@type":"ImageObject","inLanguage":"ca","@id":"https:\/\/secure.gravatar.com\/avatar\/5dbe7a45b452a34f066c1aff3317898a63481e4439c4015a48149f6288b5280d?s=96&d=mm&r=g","url":"https:\/\/secure.gravatar.com\/avatar\/5dbe7a45b452a34f066c1aff3317898a63481e4439c4015a48149f6288b5280d?s=96&d=mm&r=g","contentUrl":"https:\/\/secure.gravatar.com\/avatar\/5dbe7a45b452a34f066c1aff3317898a63481e4439c4015a48149f6288b5280d?s=96&d=mm&r=g","caption":"Anna P\u00e9rez"},"url":"https:\/\/www.focus.cat\/author\/anna-perez\/"}]}},"_links":{"self":[{"href":"https:\/\/www.focus.cat\/wp-json\/wp\/v2\/posts\/24734","targetHints":{"allow":["GET"]}}],"collection":[{"href":"https:\/\/www.focus.cat\/wp-json\/wp\/v2\/posts"}],"about":[{"href":"https:\/\/www.focus.cat\/wp-json\/wp\/v2\/types\/post"}],"author":[{"embeddable":true,"href":"https:\/\/www.focus.cat\/wp-json\/wp\/v2\/users\/20"}],"replies":[{"embeddable":true,"href":"https:\/\/www.focus.cat\/wp-json\/wp\/v2\/comments?post=24734"}],"version-history":[{"count":0,"href":"https:\/\/www.focus.cat\/wp-json\/wp\/v2\/posts\/24734\/revisions"}],"wp:featuredmedia":[{"embeddable":true,"href":"https:\/\/www.focus.cat\/wp-json\/wp\/v2\/media\/24731"}],"wp:attachment":[{"href":"https:\/\/www.focus.cat\/wp-json\/wp\/v2\/media?parent=24734"}],"wp:term":[{"taxonomy":"category","embeddable":true,"href":"https:\/\/www.focus.cat\/wp-json\/wp\/v2\/categories?post=24734"}],"curies":[{"name":"wp","href":"https:\/\/api.w.org\/{rel}","templated":true}]}}