{"id":24879,"date":"2025-10-21T07:54:04","date_gmt":"2025-10-21T07:54:04","guid":{"rendered":"https:\/\/www.focus.cat\/?p=24879"},"modified":"2025-10-21T07:54:04","modified_gmt":"2025-10-21T07:54:04","slug":"focus-hace-realidad-la-noche-de-la-empresa-y-la-cultura","status":"publish","type":"post","link":"https:\/\/www.focus.cat\/es\/focus-hace-realidad-la-noche-de-la-empresa-y-la-cultura\/","title":{"rendered":"Focus hace realidad La Noche de la Empresa y la Cultura"},"content":{"rendered":"<p>La secci\u00f3n de eventos de Focus se ha encargado de la producci\u00f3n de La Noche de la Empresa y la Cultura 2025, que se ha celebrado el 14 de octubre en el Petit Palau del Palau de la M\u00fasica. En este acto se ha entregado el Premio IMPULSA CULTURA de este a\u00f1o, dotado con 15.000 euros, as\u00ed como el Premio EMPRESA CULTURA en sus dos categor\u00edas: peque\u00f1a y mediana empresa, y gran empresa.<\/p>\n<p>El Premio IMPULSA CULTURA 2025 se ha concedido al Festival Fastt, una propuesta que acerca las artes esc\u00e9nicas profesionales a los micropueblos catalanes.<\/p>\n<p>En cuanto al Premio EMPRESA CULTURA en la categor\u00eda de gran empresa, el jurado ha reconocido a Borges International Group y, en la categor\u00eda de mediana y peque\u00f1a empresa, a Montana Colors.<\/p>\n<p><img decoding=\"async\" class=\"alignnone  wp-image-24874\" src=\"https:\/\/www.focus.cat\/wp-content\/uploads\/2025\/10\/DSC_0815-scaled-Xavi-Olmos-1124x749.jpg\" alt=\"\" width=\"485\" height=\"323\" srcset=\"https:\/\/www.focus.cat\/wp-content\/uploads\/2025\/10\/DSC_0815-scaled-Xavi-Olmos-1124x749.jpg 1124w, https:\/\/www.focus.cat\/wp-content\/uploads\/2025\/10\/DSC_0815-scaled-Xavi-Olmos-300x200.jpg 300w, https:\/\/www.focus.cat\/wp-content\/uploads\/2025\/10\/DSC_0815-scaled-Xavi-Olmos-150x100.jpg 150w, https:\/\/www.focus.cat\/wp-content\/uploads\/2025\/10\/DSC_0815-scaled-Xavi-Olmos-800x533.jpg 800w, https:\/\/www.focus.cat\/wp-content\/uploads\/2025\/10\/DSC_0815-scaled-Xavi-Olmos-1536x1024.jpg 1536w, https:\/\/www.focus.cat\/wp-content\/uploads\/2025\/10\/DSC_0815-scaled-Xavi-Olmos-2048x1366.jpg 2048w, https:\/\/www.focus.cat\/wp-content\/uploads\/2025\/10\/DSC_0815-scaled-Xavi-Olmos-1500x1000.jpg 1500w\" sizes=\"(max-width: 485px) 100vw, 485px\" \/><img decoding=\"async\" class=\"alignnone  wp-image-24877\" src=\"https:\/\/www.focus.cat\/wp-content\/uploads\/2025\/10\/DSC_0617-scaled-Xavi-Olmos-1124x749.jpg\" alt=\"\" width=\"485\" height=\"324\" srcset=\"https:\/\/www.focus.cat\/wp-content\/uploads\/2025\/10\/DSC_0617-scaled-Xavi-Olmos-1124x749.jpg 1124w, https:\/\/www.focus.cat\/wp-content\/uploads\/2025\/10\/DSC_0617-scaled-Xavi-Olmos-300x200.jpg 300w, https:\/\/www.focus.cat\/wp-content\/uploads\/2025\/10\/DSC_0617-scaled-Xavi-Olmos-150x100.jpg 150w, https:\/\/www.focus.cat\/wp-content\/uploads\/2025\/10\/DSC_0617-scaled-Xavi-Olmos-800x533.jpg 800w, https:\/\/www.focus.cat\/wp-content\/uploads\/2025\/10\/DSC_0617-scaled-Xavi-Olmos-1536x1024.jpg 1536w, https:\/\/www.focus.cat\/wp-content\/uploads\/2025\/10\/DSC_0617-scaled-Xavi-Olmos-2048x1366.jpg 2048w, https:\/\/www.focus.cat\/wp-content\/uploads\/2025\/10\/DSC_0617-scaled-Xavi-Olmos-1500x1000.jpg 1500w\" sizes=\"(max-width: 485px) 100vw, 485px\" \/><\/p>\n","protected":false},"excerpt":{"rendered":"<p>La secci\u00f3n de eventos de Focus se ha encargado de la producci\u00f3n de La Noche de la Empresa y la Cultura 2025, que se ha celebrado el 14 de octubre en el Petit Palau del Palau de la M\u00fasica. En este acto se ha entregado el Premio IMPULSA CULTURA de este a\u00f1o, dotado con 15.000<a class=\"excerpt-read-more\" href=\"https:\/\/www.focus.cat\/es\/focus-hace-realidad-la-noche-de-la-empresa-y-la-cultura\/\" title=\"LlegeixFocus hace realidad La Noche de la Empresa y la Cultura\"> &#8230; Llegeix m\u00e9s<\/a><\/p>\n","protected":false},"author":20,"featured_media":24868,"comment_status":"closed","ping_status":"closed","sticky":false,"template":"","format":"standard","meta":{"_acf_changed":false,"inline_featured_image":false,"footnotes":""},"categories":[4,25],"class_list":["post-24879","post","type-post","status-publish","format-standard","has-post-thumbnail","hentry","category-noticias","category-eventos"],"acf":[],"yoast_head":"<!-- This site is optimized with the Yoast SEO plugin v27.5 - https:\/\/yoast.com\/product\/yoast-seo-wordpress\/ -->\n<title>Focus hace realidad La Noche de la Empresa y la Cultura - Focus<\/title>\n<meta name=\"robots\" content=\"index, follow, max-snippet:-1, max-image-preview:large, max-video-preview:-1\" \/>\n<link rel=\"canonical\" href=\"https:\/\/www.focus.cat\/focus-hace-realidad-la-noche-de-la-empresa-y-la-cultura\/\" \/>\n<meta property=\"og:locale\" content=\"ca_ES\" \/>\n<meta property=\"og:type\" content=\"article\" \/>\n<meta property=\"og:title\" content=\"Focus hace realidad La Noche de la Empresa y la Cultura - Focus\" \/>\n<meta property=\"og:description\" content=\"La secci\u00f3n de eventos de Focus se ha encargado de la producci\u00f3n de La Noche de la Empresa y la Cultura 2025, que se ha celebrado el 14 de octubre en el Petit Palau del Palau de la M\u00fasica. En este acto se ha entregado el Premio IMPULSA CULTURA de este a\u00f1o, dotado con 15.000 ... Llegeix m\u00e9s\" \/>\n<meta property=\"og:url\" content=\"https:\/\/www.focus.cat\/es\/focus-hace-realidad-la-noche-de-la-empresa-y-la-cultura\/\" \/>\n<meta property=\"og:site_name\" content=\"Focus\" \/>\n<meta property=\"article:published_time\" content=\"2025-10-21T07:54:04+00:00\" \/>\n<meta property=\"og:image\" content=\"https:\/\/www.focus.cat\/wp-content\/uploads\/2025\/10\/HORITZONTAL-WEB-FOCUS-7.png\" \/>\n\t<meta property=\"og:image:width\" content=\"1600\" \/>\n\t<meta property=\"og:image:height\" content=\"900\" \/>\n\t<meta property=\"og:image:type\" content=\"image\/png\" \/>\n<meta name=\"author\" content=\"Anna P\u00e9rez\" \/>\n<meta name=\"twitter:card\" content=\"summary_large_image\" \/>\n<script type=\"application\/ld+json\" class=\"yoast-schema-graph\">{\"@context\":\"https:\\\/\\\/schema.org\",\"@graph\":[{\"@type\":\"Article\",\"@id\":\"https:\\\/\\\/www.focus.cat\\\/es\\\/focus-hace-realidad-la-noche-de-la-empresa-y-la-cultura\\\/#article\",\"isPartOf\":{\"@id\":\"https:\\\/\\\/www.focus.cat\\\/es\\\/focus-hace-realidad-la-noche-de-la-empresa-y-la-cultura\\\/\"},\"author\":{\"name\":\"Anna P\u00e9rez\",\"@id\":\"https:\\\/\\\/www.focus.cat\\\/#\\\/schema\\\/person\\\/9e66abd668dd0c1279ae3914c3d74f90\"},\"headline\":\"Focus hace realidad La Noche de la Empresa y la Cultura\",\"datePublished\":\"2025-10-21T07:54:04+00:00\",\"mainEntityOfPage\":{\"@id\":\"https:\\\/\\\/www.focus.cat\\\/es\\\/focus-hace-realidad-la-noche-de-la-empresa-y-la-cultura\\\/\"},\"wordCount\":145,\"publisher\":{\"@id\":\"https:\\\/\\\/www.focus.cat\\\/#organization\"},\"image\":{\"@id\":\"https:\\\/\\\/www.focus.cat\\\/es\\\/focus-hace-realidad-la-noche-de-la-empresa-y-la-cultura\\\/#primaryimage\"},\"thumbnailUrl\":\"https:\\\/\\\/www.focus.cat\\\/wp-content\\\/uploads\\\/2025\\\/10\\\/HORITZONTAL-WEB-FOCUS-7.png\",\"articleSection\":[\"Noticias\",\"Eventos\"],\"inLanguage\":\"ca\"},{\"@type\":\"WebPage\",\"@id\":\"https:\\\/\\\/www.focus.cat\\\/es\\\/focus-hace-realidad-la-noche-de-la-empresa-y-la-cultura\\\/\",\"url\":\"https:\\\/\\\/www.focus.cat\\\/es\\\/focus-hace-realidad-la-noche-de-la-empresa-y-la-cultura\\\/\",\"name\":\"Focus hace realidad La Noche de la Empresa y la Cultura - Focus\",\"isPartOf\":{\"@id\":\"https:\\\/\\\/www.focus.cat\\\/#website\"},\"primaryImageOfPage\":{\"@id\":\"https:\\\/\\\/www.focus.cat\\\/es\\\/focus-hace-realidad-la-noche-de-la-empresa-y-la-cultura\\\/#primaryimage\"},\"image\":{\"@id\":\"https:\\\/\\\/www.focus.cat\\\/es\\\/focus-hace-realidad-la-noche-de-la-empresa-y-la-cultura\\\/#primaryimage\"},\"thumbnailUrl\":\"https:\\\/\\\/www.focus.cat\\\/wp-content\\\/uploads\\\/2025\\\/10\\\/HORITZONTAL-WEB-FOCUS-7.png\",\"datePublished\":\"2025-10-21T07:54:04+00:00\",\"inLanguage\":\"ca\",\"potentialAction\":[{\"@type\":\"ReadAction\",\"target\":[\"https:\\\/\\\/www.focus.cat\\\/es\\\/focus-hace-realidad-la-noche-de-la-empresa-y-la-cultura\\\/\"]}]},{\"@type\":\"ImageObject\",\"inLanguage\":\"ca\",\"@id\":\"https:\\\/\\\/www.focus.cat\\\/es\\\/focus-hace-realidad-la-noche-de-la-empresa-y-la-cultura\\\/#primaryimage\",\"url\":\"https:\\\/\\\/www.focus.cat\\\/wp-content\\\/uploads\\\/2025\\\/10\\\/HORITZONTAL-WEB-FOCUS-7.png\",\"contentUrl\":\"https:\\\/\\\/www.focus.cat\\\/wp-content\\\/uploads\\\/2025\\\/10\\\/HORITZONTAL-WEB-FOCUS-7.png\",\"width\":1600,\"height\":900},{\"@type\":\"WebSite\",\"@id\":\"https:\\\/\\\/www.focus.cat\\\/#website\",\"url\":\"https:\\\/\\\/www.focus.cat\\\/\",\"name\":\"Focus\",\"description\":\"\",\"publisher\":{\"@id\":\"https:\\\/\\\/www.focus.cat\\\/#organization\"},\"potentialAction\":[{\"@type\":\"SearchAction\",\"target\":{\"@type\":\"EntryPoint\",\"urlTemplate\":\"https:\\\/\\\/www.focus.cat\\\/?s={search_term_string}\"},\"query-input\":{\"@type\":\"PropertyValueSpecification\",\"valueRequired\":true,\"valueName\":\"search_term_string\"}}],\"inLanguage\":\"ca\"},{\"@type\":\"Organization\",\"@id\":\"https:\\\/\\\/www.focus.cat\\\/#organization\",\"name\":\"Focus\",\"url\":\"https:\\\/\\\/www.focus.cat\\\/\",\"logo\":{\"@type\":\"ImageObject\",\"inLanguage\":\"ca\",\"@id\":\"https:\\\/\\\/www.focus.cat\\\/#\\\/schema\\\/logo\\\/image\\\/\",\"url\":\"https:\\\/\\\/www.focus.cat\\\/wp-content\\\/uploads\\\/2022\\\/01\\\/logo-focus-any-35.svg\",\"contentUrl\":\"https:\\\/\\\/www.focus.cat\\\/wp-content\\\/uploads\\\/2022\\\/01\\\/logo-focus-any-35.svg\",\"width\":1,\"height\":1,\"caption\":\"Focus\"},\"image\":{\"@id\":\"https:\\\/\\\/www.focus.cat\\\/#\\\/schema\\\/logo\\\/image\\\/\"}},{\"@type\":\"Person\",\"@id\":\"https:\\\/\\\/www.focus.cat\\\/#\\\/schema\\\/person\\\/9e66abd668dd0c1279ae3914c3d74f90\",\"name\":\"Anna P\u00e9rez\",\"image\":{\"@type\":\"ImageObject\",\"inLanguage\":\"ca\",\"@id\":\"https:\\\/\\\/secure.gravatar.com\\\/avatar\\\/5dbe7a45b452a34f066c1aff3317898a63481e4439c4015a48149f6288b5280d?s=96&d=mm&r=g\",\"url\":\"https:\\\/\\\/secure.gravatar.com\\\/avatar\\\/5dbe7a45b452a34f066c1aff3317898a63481e4439c4015a48149f6288b5280d?s=96&d=mm&r=g\",\"contentUrl\":\"https:\\\/\\\/secure.gravatar.com\\\/avatar\\\/5dbe7a45b452a34f066c1aff3317898a63481e4439c4015a48149f6288b5280d?s=96&d=mm&r=g\",\"caption\":\"Anna P\u00e9rez\"},\"url\":\"https:\\\/\\\/www.focus.cat\\\/author\\\/anna-perez\\\/\"}]}<\/script>\n<!-- \/ Yoast SEO plugin. -->","yoast_head_json":{"title":"Focus hace realidad La Noche de la Empresa y la Cultura - Focus","robots":{"index":"index","follow":"follow","max-snippet":"max-snippet:-1","max-image-preview":"max-image-preview:large","max-video-preview":"max-video-preview:-1"},"canonical":"https:\/\/www.focus.cat\/focus-hace-realidad-la-noche-de-la-empresa-y-la-cultura\/","og_locale":"ca_ES","og_type":"article","og_title":"Focus hace realidad La Noche de la Empresa y la Cultura - Focus","og_description":"La secci\u00f3n de eventos de Focus se ha encargado de la producci\u00f3n de La Noche de la Empresa y la Cultura 2025, que se ha celebrado el 14 de octubre en el Petit Palau del Palau de la M\u00fasica. En este acto se ha entregado el Premio IMPULSA CULTURA de este a\u00f1o, dotado con 15.000 ... Llegeix m\u00e9s","og_url":"https:\/\/www.focus.cat\/es\/focus-hace-realidad-la-noche-de-la-empresa-y-la-cultura\/","og_site_name":"Focus","article_published_time":"2025-10-21T07:54:04+00:00","og_image":[{"width":1600,"height":900,"url":"https:\/\/www.focus.cat\/wp-content\/uploads\/2025\/10\/HORITZONTAL-WEB-FOCUS-7.png","type":"image\/png"}],"author":"Anna P\u00e9rez","twitter_card":"summary_large_image","schema":{"@context":"https:\/\/schema.org","@graph":[{"@type":"Article","@id":"https:\/\/www.focus.cat\/es\/focus-hace-realidad-la-noche-de-la-empresa-y-la-cultura\/#article","isPartOf":{"@id":"https:\/\/www.focus.cat\/es\/focus-hace-realidad-la-noche-de-la-empresa-y-la-cultura\/"},"author":{"name":"Anna P\u00e9rez","@id":"https:\/\/www.focus.cat\/#\/schema\/person\/9e66abd668dd0c1279ae3914c3d74f90"},"headline":"Focus hace realidad La Noche de la Empresa y la Cultura","datePublished":"2025-10-21T07:54:04+00:00","mainEntityOfPage":{"@id":"https:\/\/www.focus.cat\/es\/focus-hace-realidad-la-noche-de-la-empresa-y-la-cultura\/"},"wordCount":145,"publisher":{"@id":"https:\/\/www.focus.cat\/#organization"},"image":{"@id":"https:\/\/www.focus.cat\/es\/focus-hace-realidad-la-noche-de-la-empresa-y-la-cultura\/#primaryimage"},"thumbnailUrl":"https:\/\/www.focus.cat\/wp-content\/uploads\/2025\/10\/HORITZONTAL-WEB-FOCUS-7.png","articleSection":["Noticias","Eventos"],"inLanguage":"ca"},{"@type":"WebPage","@id":"https:\/\/www.focus.cat\/es\/focus-hace-realidad-la-noche-de-la-empresa-y-la-cultura\/","url":"https:\/\/www.focus.cat\/es\/focus-hace-realidad-la-noche-de-la-empresa-y-la-cultura\/","name":"Focus hace realidad La Noche de la Empresa y la Cultura - Focus","isPartOf":{"@id":"https:\/\/www.focus.cat\/#website"},"primaryImageOfPage":{"@id":"https:\/\/www.focus.cat\/es\/focus-hace-realidad-la-noche-de-la-empresa-y-la-cultura\/#primaryimage"},"image":{"@id":"https:\/\/www.focus.cat\/es\/focus-hace-realidad-la-noche-de-la-empresa-y-la-cultura\/#primaryimage"},"thumbnailUrl":"https:\/\/www.focus.cat\/wp-content\/uploads\/2025\/10\/HORITZONTAL-WEB-FOCUS-7.png","datePublished":"2025-10-21T07:54:04+00:00","inLanguage":"ca","potentialAction":[{"@type":"ReadAction","target":["https:\/\/www.focus.cat\/es\/focus-hace-realidad-la-noche-de-la-empresa-y-la-cultura\/"]}]},{"@type":"ImageObject","inLanguage":"ca","@id":"https:\/\/www.focus.cat\/es\/focus-hace-realidad-la-noche-de-la-empresa-y-la-cultura\/#primaryimage","url":"https:\/\/www.focus.cat\/wp-content\/uploads\/2025\/10\/HORITZONTAL-WEB-FOCUS-7.png","contentUrl":"https:\/\/www.focus.cat\/wp-content\/uploads\/2025\/10\/HORITZONTAL-WEB-FOCUS-7.png","width":1600,"height":900},{"@type":"WebSite","@id":"https:\/\/www.focus.cat\/#website","url":"https:\/\/www.focus.cat\/","name":"Focus","description":"","publisher":{"@id":"https:\/\/www.focus.cat\/#organization"},"potentialAction":[{"@type":"SearchAction","target":{"@type":"EntryPoint","urlTemplate":"https:\/\/www.focus.cat\/?s={search_term_string}"},"query-input":{"@type":"PropertyValueSpecification","valueRequired":true,"valueName":"search_term_string"}}],"inLanguage":"ca"},{"@type":"Organization","@id":"https:\/\/www.focus.cat\/#organization","name":"Focus","url":"https:\/\/www.focus.cat\/","logo":{"@type":"ImageObject","inLanguage":"ca","@id":"https:\/\/www.focus.cat\/#\/schema\/logo\/image\/","url":"https:\/\/www.focus.cat\/wp-content\/uploads\/2022\/01\/logo-focus-any-35.svg","contentUrl":"https:\/\/www.focus.cat\/wp-content\/uploads\/2022\/01\/logo-focus-any-35.svg","width":1,"height":1,"caption":"Focus"},"image":{"@id":"https:\/\/www.focus.cat\/#\/schema\/logo\/image\/"}},{"@type":"Person","@id":"https:\/\/www.focus.cat\/#\/schema\/person\/9e66abd668dd0c1279ae3914c3d74f90","name":"Anna P\u00e9rez","image":{"@type":"ImageObject","inLanguage":"ca","@id":"https:\/\/secure.gravatar.com\/avatar\/5dbe7a45b452a34f066c1aff3317898a63481e4439c4015a48149f6288b5280d?s=96&d=mm&r=g","url":"https:\/\/secure.gravatar.com\/avatar\/5dbe7a45b452a34f066c1aff3317898a63481e4439c4015a48149f6288b5280d?s=96&d=mm&r=g","contentUrl":"https:\/\/secure.gravatar.com\/avatar\/5dbe7a45b452a34f066c1aff3317898a63481e4439c4015a48149f6288b5280d?s=96&d=mm&r=g","caption":"Anna P\u00e9rez"},"url":"https:\/\/www.focus.cat\/author\/anna-perez\/"}]}},"_links":{"self":[{"href":"https:\/\/www.focus.cat\/wp-json\/wp\/v2\/posts\/24879","targetHints":{"allow":["GET"]}}],"collection":[{"href":"https:\/\/www.focus.cat\/wp-json\/wp\/v2\/posts"}],"about":[{"href":"https:\/\/www.focus.cat\/wp-json\/wp\/v2\/types\/post"}],"author":[{"embeddable":true,"href":"https:\/\/www.focus.cat\/wp-json\/wp\/v2\/users\/20"}],"replies":[{"embeddable":true,"href":"https:\/\/www.focus.cat\/wp-json\/wp\/v2\/comments?post=24879"}],"version-history":[{"count":0,"href":"https:\/\/www.focus.cat\/wp-json\/wp\/v2\/posts\/24879\/revisions"}],"wp:featuredmedia":[{"embeddable":true,"href":"https:\/\/www.focus.cat\/wp-json\/wp\/v2\/media\/24868"}],"wp:attachment":[{"href":"https:\/\/www.focus.cat\/wp-json\/wp\/v2\/media?parent=24879"}],"wp:term":[{"taxonomy":"category","embeddable":true,"href":"https:\/\/www.focus.cat\/wp-json\/wp\/v2\/categories?post=24879"}],"curies":[{"name":"wp","href":"https:\/\/api.w.org\/{rel}","templated":true}]}}