{"id":24938,"date":"2025-10-28T15:46:26","date_gmt":"2025-10-28T15:46:26","guid":{"rendered":"https:\/\/www.focus.cat\/?p=24938"},"modified":"2025-10-28T15:46:26","modified_gmt":"2025-10-28T15:46:26","slug":"gran-exito-de-la-xi-edicion-de-mercartes","status":"publish","type":"post","link":"https:\/\/www.focus.cat\/es\/gran-exito-de-la-xi-edicion-de-mercartes\/","title":{"rendered":"Gran \u00e9xito de la XI edici\u00f3n de MERCARTES"},"content":{"rendered":"<p><a href=\"https:\/\/mercartes.es\/\">MERCARTES<\/a>, la gran feria de teatro que busca potenciar el encuentro y las relaciones entre los y las profesionales del sector, poner en valor a todos los agentes p\u00fablicos y privados que forman parte de \u00e9l y generar nuevas oportunidades de negocio, ha concluido su und\u00e9cima edici\u00f3n.<\/p>\n<p>Celebrada del 21 al 23 de octubre en la Feria de Valladolid, Focus estuvo presente con un gran stand en el que present\u00f3 todas sus novedades. El departamento de distribuci\u00f3n del Grupo, desplazado in situ a Valladolid, pudo dar a conocer las nuevas propuestas teatrales que Focus tiene preparadas para las pr\u00f3ximas temporadas.<\/p>\n<p>Isabel Vidal, directora general del Grupo Focus, tuvo tambi\u00e9n una destacada presencia en MERCARTES en calidad de vicepresidenta de <a href=\"https:\/\/www.faeteda.org\/\">FAETEDA<\/a>, participando en la presentaci\u00f3n \u201cAn\u00e1lisis del gasto en artes esc\u00e9nicas de los municipios espa\u00f1oles entre 2010 y 2023\u201d, que tuvo lugar en la Sala Polivalente del recinto ferial.<\/p>\n<p>MERCARTES, de car\u00e1cter bienal, volver\u00e1 a celebrarse en oto\u00f1o de 2027.<img decoding=\"async\" class=\"size-large wp-image-24936 aligncenter\" src=\"https:\/\/www.focus.cat\/wp-content\/uploads\/2025\/10\/HORITZONTAL-WEB-FOCUS-4-1124x632.png\" alt=\"\" width=\"1024\" height=\"576\" srcset=\"https:\/\/www.focus.cat\/wp-content\/uploads\/2025\/10\/HORITZONTAL-WEB-FOCUS-4-1124x632.png 1124w, https:\/\/www.focus.cat\/wp-content\/uploads\/2025\/10\/HORITZONTAL-WEB-FOCUS-4-300x169.png 300w, https:\/\/www.focus.cat\/wp-content\/uploads\/2025\/10\/HORITZONTAL-WEB-FOCUS-4-150x84.png 150w, https:\/\/www.focus.cat\/wp-content\/uploads\/2025\/10\/HORITZONTAL-WEB-FOCUS-4-800x450.png 800w, https:\/\/www.focus.cat\/wp-content\/uploads\/2025\/10\/HORITZONTAL-WEB-FOCUS-4-1536x864.png 1536w, https:\/\/www.focus.cat\/wp-content\/uploads\/2025\/10\/HORITZONTAL-WEB-FOCUS-4-1500x844.png 1500w, https:\/\/www.focus.cat\/wp-content\/uploads\/2025\/10\/HORITZONTAL-WEB-FOCUS-4.png 1600w\" sizes=\"(max-width: 1024px) 100vw, 1024px\" \/><\/p>\n<p>&nbsp;<\/p>\n","protected":false},"excerpt":{"rendered":"<p>MERCARTES, la gran feria de teatro que busca potenciar el encuentro y las relaciones entre los y las profesionales del sector, poner en valor a todos los agentes p\u00fablicos y privados que forman parte de \u00e9l y generar nuevas oportunidades de negocio, ha concluido su und\u00e9cima edici\u00f3n. Celebrada del 21 al 23 de octubre en<a class=\"excerpt-read-more\" href=\"https:\/\/www.focus.cat\/es\/gran-exito-de-la-xi-edicion-de-mercartes\/\" title=\"LlegeixGran \u00e9xito de la XI edici\u00f3n de MERCARTES\"> &#8230; Llegeix m\u00e9s<\/a><\/p>\n","protected":false},"author":20,"featured_media":24936,"comment_status":"closed","ping_status":"closed","sticky":false,"template":"","format":"standard","meta":{"_acf_changed":false,"inline_featured_image":false,"footnotes":""},"categories":[4],"class_list":["post-24938","post","type-post","status-publish","format-standard","has-post-thumbnail","hentry","category-noticias"],"acf":[],"yoast_head":"<!-- This site is optimized with the Yoast SEO plugin v27.5 - https:\/\/yoast.com\/product\/yoast-seo-wordpress\/ -->\n<title>Gran \u00e9xito de la XI edici\u00f3n de MERCARTES - Focus<\/title>\n<meta name=\"robots\" content=\"index, follow, max-snippet:-1, max-image-preview:large, max-video-preview:-1\" \/>\n<link rel=\"canonical\" href=\"https:\/\/www.focus.cat\/gran-exito-de-la-xi-edicion-de-mercartes\/\" \/>\n<meta property=\"og:locale\" content=\"ca_ES\" \/>\n<meta property=\"og:type\" content=\"article\" \/>\n<meta property=\"og:title\" content=\"Gran \u00e9xito de la XI edici\u00f3n de MERCARTES - Focus\" \/>\n<meta property=\"og:description\" content=\"MERCARTES, la gran feria de teatro que busca potenciar el encuentro y las relaciones entre los y las profesionales del sector, poner en valor a todos los agentes p\u00fablicos y privados que forman parte de \u00e9l y generar nuevas oportunidades de negocio, ha concluido su und\u00e9cima edici\u00f3n. Celebrada del 21 al 23 de octubre en ... Llegeix m\u00e9s\" \/>\n<meta property=\"og:url\" content=\"https:\/\/www.focus.cat\/es\/gran-exito-de-la-xi-edicion-de-mercartes\/\" \/>\n<meta property=\"og:site_name\" content=\"Focus\" \/>\n<meta property=\"article:published_time\" content=\"2025-10-28T15:46:26+00:00\" \/>\n<meta property=\"og:image\" content=\"https:\/\/www.focus.cat\/wp-content\/uploads\/2025\/10\/HORITZONTAL-WEB-FOCUS-4.png\" \/>\n\t<meta property=\"og:image:width\" content=\"1600\" \/>\n\t<meta property=\"og:image:height\" content=\"900\" \/>\n\t<meta property=\"og:image:type\" content=\"image\/png\" \/>\n<meta name=\"author\" content=\"Anna P\u00e9rez\" \/>\n<meta name=\"twitter:card\" content=\"summary_large_image\" \/>\n<script type=\"application\/ld+json\" class=\"yoast-schema-graph\">{\"@context\":\"https:\\\/\\\/schema.org\",\"@graph\":[{\"@type\":\"Article\",\"@id\":\"https:\\\/\\\/www.focus.cat\\\/es\\\/gran-exito-de-la-xi-edicion-de-mercartes\\\/#article\",\"isPartOf\":{\"@id\":\"https:\\\/\\\/www.focus.cat\\\/es\\\/gran-exito-de-la-xi-edicion-de-mercartes\\\/\"},\"author\":{\"name\":\"Anna P\u00e9rez\",\"@id\":\"https:\\\/\\\/www.focus.cat\\\/#\\\/schema\\\/person\\\/9e66abd668dd0c1279ae3914c3d74f90\"},\"headline\":\"Gran \u00e9xito de la XI edici\u00f3n de MERCARTES\",\"datePublished\":\"2025-10-28T15:46:26+00:00\",\"mainEntityOfPage\":{\"@id\":\"https:\\\/\\\/www.focus.cat\\\/es\\\/gran-exito-de-la-xi-edicion-de-mercartes\\\/\"},\"wordCount\":176,\"publisher\":{\"@id\":\"https:\\\/\\\/www.focus.cat\\\/#organization\"},\"image\":{\"@id\":\"https:\\\/\\\/www.focus.cat\\\/es\\\/gran-exito-de-la-xi-edicion-de-mercartes\\\/#primaryimage\"},\"thumbnailUrl\":\"https:\\\/\\\/www.focus.cat\\\/wp-content\\\/uploads\\\/2025\\\/10\\\/HORITZONTAL-WEB-FOCUS-4.png\",\"articleSection\":[\"Noticias\"],\"inLanguage\":\"ca\"},{\"@type\":\"WebPage\",\"@id\":\"https:\\\/\\\/www.focus.cat\\\/es\\\/gran-exito-de-la-xi-edicion-de-mercartes\\\/\",\"url\":\"https:\\\/\\\/www.focus.cat\\\/es\\\/gran-exito-de-la-xi-edicion-de-mercartes\\\/\",\"name\":\"Gran \u00e9xito de la XI edici\u00f3n de MERCARTES - Focus\",\"isPartOf\":{\"@id\":\"https:\\\/\\\/www.focus.cat\\\/#website\"},\"primaryImageOfPage\":{\"@id\":\"https:\\\/\\\/www.focus.cat\\\/es\\\/gran-exito-de-la-xi-edicion-de-mercartes\\\/#primaryimage\"},\"image\":{\"@id\":\"https:\\\/\\\/www.focus.cat\\\/es\\\/gran-exito-de-la-xi-edicion-de-mercartes\\\/#primaryimage\"},\"thumbnailUrl\":\"https:\\\/\\\/www.focus.cat\\\/wp-content\\\/uploads\\\/2025\\\/10\\\/HORITZONTAL-WEB-FOCUS-4.png\",\"datePublished\":\"2025-10-28T15:46:26+00:00\",\"inLanguage\":\"ca\",\"potentialAction\":[{\"@type\":\"ReadAction\",\"target\":[\"https:\\\/\\\/www.focus.cat\\\/es\\\/gran-exito-de-la-xi-edicion-de-mercartes\\\/\"]}]},{\"@type\":\"ImageObject\",\"inLanguage\":\"ca\",\"@id\":\"https:\\\/\\\/www.focus.cat\\\/es\\\/gran-exito-de-la-xi-edicion-de-mercartes\\\/#primaryimage\",\"url\":\"https:\\\/\\\/www.focus.cat\\\/wp-content\\\/uploads\\\/2025\\\/10\\\/HORITZONTAL-WEB-FOCUS-4.png\",\"contentUrl\":\"https:\\\/\\\/www.focus.cat\\\/wp-content\\\/uploads\\\/2025\\\/10\\\/HORITZONTAL-WEB-FOCUS-4.png\",\"width\":1600,\"height\":900},{\"@type\":\"WebSite\",\"@id\":\"https:\\\/\\\/www.focus.cat\\\/#website\",\"url\":\"https:\\\/\\\/www.focus.cat\\\/\",\"name\":\"Focus\",\"description\":\"\",\"publisher\":{\"@id\":\"https:\\\/\\\/www.focus.cat\\\/#organization\"},\"potentialAction\":[{\"@type\":\"SearchAction\",\"target\":{\"@type\":\"EntryPoint\",\"urlTemplate\":\"https:\\\/\\\/www.focus.cat\\\/?s={search_term_string}\"},\"query-input\":{\"@type\":\"PropertyValueSpecification\",\"valueRequired\":true,\"valueName\":\"search_term_string\"}}],\"inLanguage\":\"ca\"},{\"@type\":\"Organization\",\"@id\":\"https:\\\/\\\/www.focus.cat\\\/#organization\",\"name\":\"Focus\",\"url\":\"https:\\\/\\\/www.focus.cat\\\/\",\"logo\":{\"@type\":\"ImageObject\",\"inLanguage\":\"ca\",\"@id\":\"https:\\\/\\\/www.focus.cat\\\/#\\\/schema\\\/logo\\\/image\\\/\",\"url\":\"https:\\\/\\\/www.focus.cat\\\/wp-content\\\/uploads\\\/2022\\\/01\\\/logo-focus-any-35.svg\",\"contentUrl\":\"https:\\\/\\\/www.focus.cat\\\/wp-content\\\/uploads\\\/2022\\\/01\\\/logo-focus-any-35.svg\",\"width\":1,\"height\":1,\"caption\":\"Focus\"},\"image\":{\"@id\":\"https:\\\/\\\/www.focus.cat\\\/#\\\/schema\\\/logo\\\/image\\\/\"}},{\"@type\":\"Person\",\"@id\":\"https:\\\/\\\/www.focus.cat\\\/#\\\/schema\\\/person\\\/9e66abd668dd0c1279ae3914c3d74f90\",\"name\":\"Anna P\u00e9rez\",\"image\":{\"@type\":\"ImageObject\",\"inLanguage\":\"ca\",\"@id\":\"https:\\\/\\\/secure.gravatar.com\\\/avatar\\\/5dbe7a45b452a34f066c1aff3317898a63481e4439c4015a48149f6288b5280d?s=96&d=mm&r=g\",\"url\":\"https:\\\/\\\/secure.gravatar.com\\\/avatar\\\/5dbe7a45b452a34f066c1aff3317898a63481e4439c4015a48149f6288b5280d?s=96&d=mm&r=g\",\"contentUrl\":\"https:\\\/\\\/secure.gravatar.com\\\/avatar\\\/5dbe7a45b452a34f066c1aff3317898a63481e4439c4015a48149f6288b5280d?s=96&d=mm&r=g\",\"caption\":\"Anna P\u00e9rez\"},\"url\":\"https:\\\/\\\/www.focus.cat\\\/author\\\/anna-perez\\\/\"}]}<\/script>\n<!-- \/ Yoast SEO plugin. -->","yoast_head_json":{"title":"Gran \u00e9xito de la XI edici\u00f3n de MERCARTES - Focus","robots":{"index":"index","follow":"follow","max-snippet":"max-snippet:-1","max-image-preview":"max-image-preview:large","max-video-preview":"max-video-preview:-1"},"canonical":"https:\/\/www.focus.cat\/gran-exito-de-la-xi-edicion-de-mercartes\/","og_locale":"ca_ES","og_type":"article","og_title":"Gran \u00e9xito de la XI edici\u00f3n de MERCARTES - Focus","og_description":"MERCARTES, la gran feria de teatro que busca potenciar el encuentro y las relaciones entre los y las profesionales del sector, poner en valor a todos los agentes p\u00fablicos y privados que forman parte de \u00e9l y generar nuevas oportunidades de negocio, ha concluido su und\u00e9cima edici\u00f3n. Celebrada del 21 al 23 de octubre en ... Llegeix m\u00e9s","og_url":"https:\/\/www.focus.cat\/es\/gran-exito-de-la-xi-edicion-de-mercartes\/","og_site_name":"Focus","article_published_time":"2025-10-28T15:46:26+00:00","og_image":[{"width":1600,"height":900,"url":"https:\/\/www.focus.cat\/wp-content\/uploads\/2025\/10\/HORITZONTAL-WEB-FOCUS-4.png","type":"image\/png"}],"author":"Anna P\u00e9rez","twitter_card":"summary_large_image","schema":{"@context":"https:\/\/schema.org","@graph":[{"@type":"Article","@id":"https:\/\/www.focus.cat\/es\/gran-exito-de-la-xi-edicion-de-mercartes\/#article","isPartOf":{"@id":"https:\/\/www.focus.cat\/es\/gran-exito-de-la-xi-edicion-de-mercartes\/"},"author":{"name":"Anna P\u00e9rez","@id":"https:\/\/www.focus.cat\/#\/schema\/person\/9e66abd668dd0c1279ae3914c3d74f90"},"headline":"Gran \u00e9xito de la XI edici\u00f3n de MERCARTES","datePublished":"2025-10-28T15:46:26+00:00","mainEntityOfPage":{"@id":"https:\/\/www.focus.cat\/es\/gran-exito-de-la-xi-edicion-de-mercartes\/"},"wordCount":176,"publisher":{"@id":"https:\/\/www.focus.cat\/#organization"},"image":{"@id":"https:\/\/www.focus.cat\/es\/gran-exito-de-la-xi-edicion-de-mercartes\/#primaryimage"},"thumbnailUrl":"https:\/\/www.focus.cat\/wp-content\/uploads\/2025\/10\/HORITZONTAL-WEB-FOCUS-4.png","articleSection":["Noticias"],"inLanguage":"ca"},{"@type":"WebPage","@id":"https:\/\/www.focus.cat\/es\/gran-exito-de-la-xi-edicion-de-mercartes\/","url":"https:\/\/www.focus.cat\/es\/gran-exito-de-la-xi-edicion-de-mercartes\/","name":"Gran \u00e9xito de la XI edici\u00f3n de MERCARTES - Focus","isPartOf":{"@id":"https:\/\/www.focus.cat\/#website"},"primaryImageOfPage":{"@id":"https:\/\/www.focus.cat\/es\/gran-exito-de-la-xi-edicion-de-mercartes\/#primaryimage"},"image":{"@id":"https:\/\/www.focus.cat\/es\/gran-exito-de-la-xi-edicion-de-mercartes\/#primaryimage"},"thumbnailUrl":"https:\/\/www.focus.cat\/wp-content\/uploads\/2025\/10\/HORITZONTAL-WEB-FOCUS-4.png","datePublished":"2025-10-28T15:46:26+00:00","inLanguage":"ca","potentialAction":[{"@type":"ReadAction","target":["https:\/\/www.focus.cat\/es\/gran-exito-de-la-xi-edicion-de-mercartes\/"]}]},{"@type":"ImageObject","inLanguage":"ca","@id":"https:\/\/www.focus.cat\/es\/gran-exito-de-la-xi-edicion-de-mercartes\/#primaryimage","url":"https:\/\/www.focus.cat\/wp-content\/uploads\/2025\/10\/HORITZONTAL-WEB-FOCUS-4.png","contentUrl":"https:\/\/www.focus.cat\/wp-content\/uploads\/2025\/10\/HORITZONTAL-WEB-FOCUS-4.png","width":1600,"height":900},{"@type":"WebSite","@id":"https:\/\/www.focus.cat\/#website","url":"https:\/\/www.focus.cat\/","name":"Focus","description":"","publisher":{"@id":"https:\/\/www.focus.cat\/#organization"},"potentialAction":[{"@type":"SearchAction","target":{"@type":"EntryPoint","urlTemplate":"https:\/\/www.focus.cat\/?s={search_term_string}"},"query-input":{"@type":"PropertyValueSpecification","valueRequired":true,"valueName":"search_term_string"}}],"inLanguage":"ca"},{"@type":"Organization","@id":"https:\/\/www.focus.cat\/#organization","name":"Focus","url":"https:\/\/www.focus.cat\/","logo":{"@type":"ImageObject","inLanguage":"ca","@id":"https:\/\/www.focus.cat\/#\/schema\/logo\/image\/","url":"https:\/\/www.focus.cat\/wp-content\/uploads\/2022\/01\/logo-focus-any-35.svg","contentUrl":"https:\/\/www.focus.cat\/wp-content\/uploads\/2022\/01\/logo-focus-any-35.svg","width":1,"height":1,"caption":"Focus"},"image":{"@id":"https:\/\/www.focus.cat\/#\/schema\/logo\/image\/"}},{"@type":"Person","@id":"https:\/\/www.focus.cat\/#\/schema\/person\/9e66abd668dd0c1279ae3914c3d74f90","name":"Anna P\u00e9rez","image":{"@type":"ImageObject","inLanguage":"ca","@id":"https:\/\/secure.gravatar.com\/avatar\/5dbe7a45b452a34f066c1aff3317898a63481e4439c4015a48149f6288b5280d?s=96&d=mm&r=g","url":"https:\/\/secure.gravatar.com\/avatar\/5dbe7a45b452a34f066c1aff3317898a63481e4439c4015a48149f6288b5280d?s=96&d=mm&r=g","contentUrl":"https:\/\/secure.gravatar.com\/avatar\/5dbe7a45b452a34f066c1aff3317898a63481e4439c4015a48149f6288b5280d?s=96&d=mm&r=g","caption":"Anna P\u00e9rez"},"url":"https:\/\/www.focus.cat\/author\/anna-perez\/"}]}},"_links":{"self":[{"href":"https:\/\/www.focus.cat\/wp-json\/wp\/v2\/posts\/24938","targetHints":{"allow":["GET"]}}],"collection":[{"href":"https:\/\/www.focus.cat\/wp-json\/wp\/v2\/posts"}],"about":[{"href":"https:\/\/www.focus.cat\/wp-json\/wp\/v2\/types\/post"}],"author":[{"embeddable":true,"href":"https:\/\/www.focus.cat\/wp-json\/wp\/v2\/users\/20"}],"replies":[{"embeddable":true,"href":"https:\/\/www.focus.cat\/wp-json\/wp\/v2\/comments?post=24938"}],"version-history":[{"count":0,"href":"https:\/\/www.focus.cat\/wp-json\/wp\/v2\/posts\/24938\/revisions"}],"wp:featuredmedia":[{"embeddable":true,"href":"https:\/\/www.focus.cat\/wp-json\/wp\/v2\/media\/24936"}],"wp:attachment":[{"href":"https:\/\/www.focus.cat\/wp-json\/wp\/v2\/media?parent=24938"}],"wp:term":[{"taxonomy":"category","embeddable":true,"href":"https:\/\/www.focus.cat\/wp-json\/wp\/v2\/categories?post=24938"}],"curies":[{"name":"wp","href":"https:\/\/api.w.org\/{rel}","templated":true}]}}