{"id":24952,"date":"2025-10-28T16:30:11","date_gmt":"2025-10-28T16:30:11","guid":{"rendered":"https:\/\/www.focus.cat\/?p=24952"},"modified":"2025-10-28T16:30:11","modified_gmt":"2025-10-28T16:30:11","slug":"llega-el-hilo-invisible-a-madrid","status":"publish","type":"post","link":"https:\/\/www.focus.cat\/es\/llega-el-hilo-invisible-a-madrid\/","title":{"rendered":"Llega \u2018El hilo invisible\u2019 a Madrid"},"content":{"rendered":"<p>El hilo invisible, el musical se representar\u00e1 a partir del <a href=\"https:\/\/gruposmedia.com\/cartelera\/el-hilo-invisible\/\">1 de noviembre en el Teatro Alc\u00e1zar de Madrid<\/a>. La obra, basada en el cuento El fil invisible de M\u00edriam Tirado, publicado por B de Blok (Penguin Random House Grupo Editorial), est\u00e1 dirigida por Al\u00edcia Serrat, con direcci\u00f3n musical de V\u00edctor Arbelo y producida por Viu el Teatre y Focus. La cantante Nerea es la protagonista del musical.<\/p>\n<p>El espect\u00e1culo se estren\u00f3 el a\u00f1o pasado en el Teatre Goya, convirti\u00e9ndose en un aut\u00e9ntico fen\u00f3meno teatral con m\u00e1s de 26.000 espectadores, y conquistando el coraz\u00f3n del p\u00fablico de todas las edades, tanto por la excelente adaptaci\u00f3n esc\u00e9nica del cuento de M\u00edriam Tirado como por la originalidad del apartado musical, que comparte con la audiencia una tierna historia sobre el duelo y la capacidad de gestionar la p\u00e9rdida y la distancia de los seres queridos.<\/p>\n<p><img decoding=\"async\" class=\"size-large wp-image-24949 aligncenter\" src=\"https:\/\/www.focus.cat\/wp-content\/uploads\/2025\/10\/MEDITERRANEA-FOTO-HORITZONTAL-2-1124x632.png\" alt=\"\" width=\"1024\" height=\"576\" srcset=\"https:\/\/www.focus.cat\/wp-content\/uploads\/2025\/10\/MEDITERRANEA-FOTO-HORITZONTAL-2-1124x632.png 1124w, https:\/\/www.focus.cat\/wp-content\/uploads\/2025\/10\/MEDITERRANEA-FOTO-HORITZONTAL-2-300x169.png 300w, https:\/\/www.focus.cat\/wp-content\/uploads\/2025\/10\/MEDITERRANEA-FOTO-HORITZONTAL-2-150x84.png 150w, https:\/\/www.focus.cat\/wp-content\/uploads\/2025\/10\/MEDITERRANEA-FOTO-HORITZONTAL-2-800x450.png 800w, https:\/\/www.focus.cat\/wp-content\/uploads\/2025\/10\/MEDITERRANEA-FOTO-HORITZONTAL-2-1536x864.png 1536w, https:\/\/www.focus.cat\/wp-content\/uploads\/2025\/10\/MEDITERRANEA-FOTO-HORITZONTAL-2-1500x844.png 1500w, https:\/\/www.focus.cat\/wp-content\/uploads\/2025\/10\/MEDITERRANEA-FOTO-HORITZONTAL-2.png 1600w\" sizes=\"(max-width: 1024px) 100vw, 1024px\" \/><\/p>\n","protected":false},"excerpt":{"rendered":"<p>El hilo invisible, el musical se representar\u00e1 a partir del 1 de noviembre en el Teatro Alc\u00e1zar de Madrid. La obra, basada en el cuento El fil invisible de M\u00edriam Tirado, publicado por B de Blok (Penguin Random House Grupo Editorial), est\u00e1 dirigida por Al\u00edcia Serrat, con direcci\u00f3n musical de V\u00edctor Arbelo y producida por<a class=\"excerpt-read-more\" href=\"https:\/\/www.focus.cat\/es\/llega-el-hilo-invisible-a-madrid\/\" title=\"LlegeixLlega \u2018El hilo invisible\u2019 a Madrid\"> &#8230; Llegeix m\u00e9s<\/a><\/p>\n","protected":false},"author":20,"featured_media":24949,"comment_status":"closed","ping_status":"closed","sticky":false,"template":"","format":"standard","meta":{"_acf_changed":false,"inline_featured_image":false,"footnotes":""},"categories":[4],"class_list":["post-24952","post","type-post","status-publish","format-standard","has-post-thumbnail","hentry","category-noticias"],"acf":[],"yoast_head":"<!-- This site is optimized with the Yoast SEO plugin v27.5 - https:\/\/yoast.com\/product\/yoast-seo-wordpress\/ -->\n<title>Llega \u2018El hilo invisible\u2019 a Madrid - Focus<\/title>\n<meta name=\"robots\" content=\"index, follow, max-snippet:-1, max-image-preview:large, max-video-preview:-1\" \/>\n<link rel=\"canonical\" href=\"https:\/\/www.focus.cat\/llega-el-hilo-invisible-a-madrid\/\" \/>\n<meta property=\"og:locale\" content=\"ca_ES\" \/>\n<meta property=\"og:type\" content=\"article\" \/>\n<meta property=\"og:title\" content=\"Llega \u2018El hilo invisible\u2019 a Madrid - Focus\" \/>\n<meta property=\"og:description\" content=\"El hilo invisible, el musical se representar\u00e1 a partir del 1 de noviembre en el Teatro Alc\u00e1zar de Madrid. La obra, basada en el cuento El fil invisible de M\u00edriam Tirado, publicado por B de Blok (Penguin Random House Grupo Editorial), est\u00e1 dirigida por Al\u00edcia Serrat, con direcci\u00f3n musical de V\u00edctor Arbelo y producida por ... Llegeix m\u00e9s\" \/>\n<meta property=\"og:url\" content=\"https:\/\/www.focus.cat\/es\/llega-el-hilo-invisible-a-madrid\/\" \/>\n<meta property=\"og:site_name\" content=\"Focus\" \/>\n<meta property=\"article:published_time\" content=\"2025-10-28T16:30:11+00:00\" \/>\n<meta property=\"og:image\" content=\"https:\/\/www.focus.cat\/wp-content\/uploads\/2025\/10\/MEDITERRANEA-FOTO-HORITZONTAL-2.png\" \/>\n\t<meta property=\"og:image:width\" content=\"1600\" \/>\n\t<meta property=\"og:image:height\" content=\"900\" \/>\n\t<meta property=\"og:image:type\" content=\"image\/png\" \/>\n<meta name=\"author\" content=\"Anna P\u00e9rez\" \/>\n<meta name=\"twitter:card\" content=\"summary_large_image\" \/>\n<script type=\"application\/ld+json\" class=\"yoast-schema-graph\">{\"@context\":\"https:\\\/\\\/schema.org\",\"@graph\":[{\"@type\":\"Article\",\"@id\":\"https:\\\/\\\/www.focus.cat\\\/es\\\/llega-el-hilo-invisible-a-madrid\\\/#article\",\"isPartOf\":{\"@id\":\"https:\\\/\\\/www.focus.cat\\\/es\\\/llega-el-hilo-invisible-a-madrid\\\/\"},\"author\":{\"name\":\"Anna P\u00e9rez\",\"@id\":\"https:\\\/\\\/www.focus.cat\\\/#\\\/schema\\\/person\\\/9e66abd668dd0c1279ae3914c3d74f90\"},\"headline\":\"Llega \u2018El hilo invisible\u2019 a Madrid\",\"datePublished\":\"2025-10-28T16:30:11+00:00\",\"mainEntityOfPage\":{\"@id\":\"https:\\\/\\\/www.focus.cat\\\/es\\\/llega-el-hilo-invisible-a-madrid\\\/\"},\"wordCount\":164,\"publisher\":{\"@id\":\"https:\\\/\\\/www.focus.cat\\\/#organization\"},\"image\":{\"@id\":\"https:\\\/\\\/www.focus.cat\\\/es\\\/llega-el-hilo-invisible-a-madrid\\\/#primaryimage\"},\"thumbnailUrl\":\"https:\\\/\\\/www.focus.cat\\\/wp-content\\\/uploads\\\/2025\\\/10\\\/MEDITERRANEA-FOTO-HORITZONTAL-2.png\",\"articleSection\":[\"Noticias\"],\"inLanguage\":\"ca\"},{\"@type\":\"WebPage\",\"@id\":\"https:\\\/\\\/www.focus.cat\\\/es\\\/llega-el-hilo-invisible-a-madrid\\\/\",\"url\":\"https:\\\/\\\/www.focus.cat\\\/es\\\/llega-el-hilo-invisible-a-madrid\\\/\",\"name\":\"Llega \u2018El hilo invisible\u2019 a Madrid - Focus\",\"isPartOf\":{\"@id\":\"https:\\\/\\\/www.focus.cat\\\/#website\"},\"primaryImageOfPage\":{\"@id\":\"https:\\\/\\\/www.focus.cat\\\/es\\\/llega-el-hilo-invisible-a-madrid\\\/#primaryimage\"},\"image\":{\"@id\":\"https:\\\/\\\/www.focus.cat\\\/es\\\/llega-el-hilo-invisible-a-madrid\\\/#primaryimage\"},\"thumbnailUrl\":\"https:\\\/\\\/www.focus.cat\\\/wp-content\\\/uploads\\\/2025\\\/10\\\/MEDITERRANEA-FOTO-HORITZONTAL-2.png\",\"datePublished\":\"2025-10-28T16:30:11+00:00\",\"inLanguage\":\"ca\",\"potentialAction\":[{\"@type\":\"ReadAction\",\"target\":[\"https:\\\/\\\/www.focus.cat\\\/es\\\/llega-el-hilo-invisible-a-madrid\\\/\"]}]},{\"@type\":\"ImageObject\",\"inLanguage\":\"ca\",\"@id\":\"https:\\\/\\\/www.focus.cat\\\/es\\\/llega-el-hilo-invisible-a-madrid\\\/#primaryimage\",\"url\":\"https:\\\/\\\/www.focus.cat\\\/wp-content\\\/uploads\\\/2025\\\/10\\\/MEDITERRANEA-FOTO-HORITZONTAL-2.png\",\"contentUrl\":\"https:\\\/\\\/www.focus.cat\\\/wp-content\\\/uploads\\\/2025\\\/10\\\/MEDITERRANEA-FOTO-HORITZONTAL-2.png\",\"width\":1600,\"height\":900},{\"@type\":\"WebSite\",\"@id\":\"https:\\\/\\\/www.focus.cat\\\/#website\",\"url\":\"https:\\\/\\\/www.focus.cat\\\/\",\"name\":\"Focus\",\"description\":\"\",\"publisher\":{\"@id\":\"https:\\\/\\\/www.focus.cat\\\/#organization\"},\"potentialAction\":[{\"@type\":\"SearchAction\",\"target\":{\"@type\":\"EntryPoint\",\"urlTemplate\":\"https:\\\/\\\/www.focus.cat\\\/?s={search_term_string}\"},\"query-input\":{\"@type\":\"PropertyValueSpecification\",\"valueRequired\":true,\"valueName\":\"search_term_string\"}}],\"inLanguage\":\"ca\"},{\"@type\":\"Organization\",\"@id\":\"https:\\\/\\\/www.focus.cat\\\/#organization\",\"name\":\"Focus\",\"url\":\"https:\\\/\\\/www.focus.cat\\\/\",\"logo\":{\"@type\":\"ImageObject\",\"inLanguage\":\"ca\",\"@id\":\"https:\\\/\\\/www.focus.cat\\\/#\\\/schema\\\/logo\\\/image\\\/\",\"url\":\"https:\\\/\\\/www.focus.cat\\\/wp-content\\\/uploads\\\/2022\\\/01\\\/logo-focus-any-35.svg\",\"contentUrl\":\"https:\\\/\\\/www.focus.cat\\\/wp-content\\\/uploads\\\/2022\\\/01\\\/logo-focus-any-35.svg\",\"width\":1,\"height\":1,\"caption\":\"Focus\"},\"image\":{\"@id\":\"https:\\\/\\\/www.focus.cat\\\/#\\\/schema\\\/logo\\\/image\\\/\"}},{\"@type\":\"Person\",\"@id\":\"https:\\\/\\\/www.focus.cat\\\/#\\\/schema\\\/person\\\/9e66abd668dd0c1279ae3914c3d74f90\",\"name\":\"Anna P\u00e9rez\",\"image\":{\"@type\":\"ImageObject\",\"inLanguage\":\"ca\",\"@id\":\"https:\\\/\\\/secure.gravatar.com\\\/avatar\\\/5dbe7a45b452a34f066c1aff3317898a63481e4439c4015a48149f6288b5280d?s=96&d=mm&r=g\",\"url\":\"https:\\\/\\\/secure.gravatar.com\\\/avatar\\\/5dbe7a45b452a34f066c1aff3317898a63481e4439c4015a48149f6288b5280d?s=96&d=mm&r=g\",\"contentUrl\":\"https:\\\/\\\/secure.gravatar.com\\\/avatar\\\/5dbe7a45b452a34f066c1aff3317898a63481e4439c4015a48149f6288b5280d?s=96&d=mm&r=g\",\"caption\":\"Anna P\u00e9rez\"},\"url\":\"https:\\\/\\\/www.focus.cat\\\/author\\\/anna-perez\\\/\"}]}<\/script>\n<!-- \/ Yoast SEO plugin. -->","yoast_head_json":{"title":"Llega \u2018El hilo invisible\u2019 a Madrid - Focus","robots":{"index":"index","follow":"follow","max-snippet":"max-snippet:-1","max-image-preview":"max-image-preview:large","max-video-preview":"max-video-preview:-1"},"canonical":"https:\/\/www.focus.cat\/llega-el-hilo-invisible-a-madrid\/","og_locale":"ca_ES","og_type":"article","og_title":"Llega \u2018El hilo invisible\u2019 a Madrid - Focus","og_description":"El hilo invisible, el musical se representar\u00e1 a partir del 1 de noviembre en el Teatro Alc\u00e1zar de Madrid. La obra, basada en el cuento El fil invisible de M\u00edriam Tirado, publicado por B de Blok (Penguin Random House Grupo Editorial), est\u00e1 dirigida por Al\u00edcia Serrat, con direcci\u00f3n musical de V\u00edctor Arbelo y producida por ... Llegeix m\u00e9s","og_url":"https:\/\/www.focus.cat\/es\/llega-el-hilo-invisible-a-madrid\/","og_site_name":"Focus","article_published_time":"2025-10-28T16:30:11+00:00","og_image":[{"width":1600,"height":900,"url":"https:\/\/www.focus.cat\/wp-content\/uploads\/2025\/10\/MEDITERRANEA-FOTO-HORITZONTAL-2.png","type":"image\/png"}],"author":"Anna P\u00e9rez","twitter_card":"summary_large_image","schema":{"@context":"https:\/\/schema.org","@graph":[{"@type":"Article","@id":"https:\/\/www.focus.cat\/es\/llega-el-hilo-invisible-a-madrid\/#article","isPartOf":{"@id":"https:\/\/www.focus.cat\/es\/llega-el-hilo-invisible-a-madrid\/"},"author":{"name":"Anna P\u00e9rez","@id":"https:\/\/www.focus.cat\/#\/schema\/person\/9e66abd668dd0c1279ae3914c3d74f90"},"headline":"Llega \u2018El hilo invisible\u2019 a Madrid","datePublished":"2025-10-28T16:30:11+00:00","mainEntityOfPage":{"@id":"https:\/\/www.focus.cat\/es\/llega-el-hilo-invisible-a-madrid\/"},"wordCount":164,"publisher":{"@id":"https:\/\/www.focus.cat\/#organization"},"image":{"@id":"https:\/\/www.focus.cat\/es\/llega-el-hilo-invisible-a-madrid\/#primaryimage"},"thumbnailUrl":"https:\/\/www.focus.cat\/wp-content\/uploads\/2025\/10\/MEDITERRANEA-FOTO-HORITZONTAL-2.png","articleSection":["Noticias"],"inLanguage":"ca"},{"@type":"WebPage","@id":"https:\/\/www.focus.cat\/es\/llega-el-hilo-invisible-a-madrid\/","url":"https:\/\/www.focus.cat\/es\/llega-el-hilo-invisible-a-madrid\/","name":"Llega \u2018El hilo invisible\u2019 a Madrid - Focus","isPartOf":{"@id":"https:\/\/www.focus.cat\/#website"},"primaryImageOfPage":{"@id":"https:\/\/www.focus.cat\/es\/llega-el-hilo-invisible-a-madrid\/#primaryimage"},"image":{"@id":"https:\/\/www.focus.cat\/es\/llega-el-hilo-invisible-a-madrid\/#primaryimage"},"thumbnailUrl":"https:\/\/www.focus.cat\/wp-content\/uploads\/2025\/10\/MEDITERRANEA-FOTO-HORITZONTAL-2.png","datePublished":"2025-10-28T16:30:11+00:00","inLanguage":"ca","potentialAction":[{"@type":"ReadAction","target":["https:\/\/www.focus.cat\/es\/llega-el-hilo-invisible-a-madrid\/"]}]},{"@type":"ImageObject","inLanguage":"ca","@id":"https:\/\/www.focus.cat\/es\/llega-el-hilo-invisible-a-madrid\/#primaryimage","url":"https:\/\/www.focus.cat\/wp-content\/uploads\/2025\/10\/MEDITERRANEA-FOTO-HORITZONTAL-2.png","contentUrl":"https:\/\/www.focus.cat\/wp-content\/uploads\/2025\/10\/MEDITERRANEA-FOTO-HORITZONTAL-2.png","width":1600,"height":900},{"@type":"WebSite","@id":"https:\/\/www.focus.cat\/#website","url":"https:\/\/www.focus.cat\/","name":"Focus","description":"","publisher":{"@id":"https:\/\/www.focus.cat\/#organization"},"potentialAction":[{"@type":"SearchAction","target":{"@type":"EntryPoint","urlTemplate":"https:\/\/www.focus.cat\/?s={search_term_string}"},"query-input":{"@type":"PropertyValueSpecification","valueRequired":true,"valueName":"search_term_string"}}],"inLanguage":"ca"},{"@type":"Organization","@id":"https:\/\/www.focus.cat\/#organization","name":"Focus","url":"https:\/\/www.focus.cat\/","logo":{"@type":"ImageObject","inLanguage":"ca","@id":"https:\/\/www.focus.cat\/#\/schema\/logo\/image\/","url":"https:\/\/www.focus.cat\/wp-content\/uploads\/2022\/01\/logo-focus-any-35.svg","contentUrl":"https:\/\/www.focus.cat\/wp-content\/uploads\/2022\/01\/logo-focus-any-35.svg","width":1,"height":1,"caption":"Focus"},"image":{"@id":"https:\/\/www.focus.cat\/#\/schema\/logo\/image\/"}},{"@type":"Person","@id":"https:\/\/www.focus.cat\/#\/schema\/person\/9e66abd668dd0c1279ae3914c3d74f90","name":"Anna P\u00e9rez","image":{"@type":"ImageObject","inLanguage":"ca","@id":"https:\/\/secure.gravatar.com\/avatar\/5dbe7a45b452a34f066c1aff3317898a63481e4439c4015a48149f6288b5280d?s=96&d=mm&r=g","url":"https:\/\/secure.gravatar.com\/avatar\/5dbe7a45b452a34f066c1aff3317898a63481e4439c4015a48149f6288b5280d?s=96&d=mm&r=g","contentUrl":"https:\/\/secure.gravatar.com\/avatar\/5dbe7a45b452a34f066c1aff3317898a63481e4439c4015a48149f6288b5280d?s=96&d=mm&r=g","caption":"Anna P\u00e9rez"},"url":"https:\/\/www.focus.cat\/author\/anna-perez\/"}]}},"_links":{"self":[{"href":"https:\/\/www.focus.cat\/wp-json\/wp\/v2\/posts\/24952","targetHints":{"allow":["GET"]}}],"collection":[{"href":"https:\/\/www.focus.cat\/wp-json\/wp\/v2\/posts"}],"about":[{"href":"https:\/\/www.focus.cat\/wp-json\/wp\/v2\/types\/post"}],"author":[{"embeddable":true,"href":"https:\/\/www.focus.cat\/wp-json\/wp\/v2\/users\/20"}],"replies":[{"embeddable":true,"href":"https:\/\/www.focus.cat\/wp-json\/wp\/v2\/comments?post=24952"}],"version-history":[{"count":0,"href":"https:\/\/www.focus.cat\/wp-json\/wp\/v2\/posts\/24952\/revisions"}],"wp:featuredmedia":[{"embeddable":true,"href":"https:\/\/www.focus.cat\/wp-json\/wp\/v2\/media\/24949"}],"wp:attachment":[{"href":"https:\/\/www.focus.cat\/wp-json\/wp\/v2\/media?parent=24952"}],"wp:term":[{"taxonomy":"category","embeddable":true,"href":"https:\/\/www.focus.cat\/wp-json\/wp\/v2\/categories?post=24952"}],"curies":[{"name":"wp","href":"https:\/\/api.w.org\/{rel}","templated":true}]}}