{"id":25360,"date":"2025-12-03T16:32:38","date_gmt":"2025-12-03T16:32:38","guid":{"rendered":"https:\/\/www.focus.cat\/?p=25360"},"modified":"2025-12-03T16:32:38","modified_gmt":"2025-12-03T16:32:38","slug":"germans-de-sang-empieza-la-cuenta-atras","status":"publish","type":"post","link":"https:\/\/www.focus.cat\/es\/germans-de-sang-empieza-la-cuenta-atras\/","title":{"rendered":"GERMANS DE SANG &#8211; \u00a1Empieza la cuenta atr\u00e1s!"},"content":{"rendered":"<p>Quedan solo 7\u00a0d\u00edas para el inicio de funciones de <a href=\"https:\/\/www.teatrecondal.cat\/es\/ex\/germans-de-sang\/\"><em><strong>Germans de sang<\/strong><\/em><\/a> y tanto el p\u00fablico como la comunidad art\u00edstica contienen la respiraci\u00f3n, expectantes.<\/p>\n<p>La compa\u00f1\u00eda ya ha comenzado los \u00faltimos ensayos en el <strong>Teatre Condal<\/strong>, donde se est\u00e1 levantando el montaje, implantando la escenograf\u00eda y el dise\u00f1o de luces y ultimando todo lo necesario para el estreno de esta ambiciosa producci\u00f3n de Focus. Se sabe muy poco de la forma que tendr\u00e1 el espect\u00e1culo, ya que la propuesta ha estado rodeada de un gran secretismo y quedan muchos detalles por descubrir.<\/p>\n<p>Pero una cosa es segura: <strong>el Condal llevar\u00e1 al escenario una historia inolvidable.\u00a0<\/strong><\/p>\n","protected":false},"excerpt":{"rendered":"<p>Quedan solo 7\u00a0d\u00edas para el inicio de funciones de Germans de sang y tanto el p\u00fablico como la comunidad art\u00edstica contienen la respiraci\u00f3n, expectantes. La compa\u00f1\u00eda ya ha comenzado los \u00faltimos ensayos en el Teatre Condal, donde se est\u00e1 levantando el montaje, implantando la escenograf\u00eda y el dise\u00f1o de luces y ultimando todo lo necesario<a class=\"excerpt-read-more\" href=\"https:\/\/www.focus.cat\/es\/germans-de-sang-empieza-la-cuenta-atras\/\" title=\"LlegeixGERMANS DE SANG &#8211; \u00a1Empieza la cuenta atr\u00e1s!\"> &#8230; Llegeix m\u00e9s<\/a><\/p>\n","protected":false},"author":17,"featured_media":25549,"comment_status":"closed","ping_status":"closed","sticky":false,"template":"","format":"standard","meta":{"_acf_changed":false,"inline_featured_image":false,"footnotes":""},"categories":[4],"class_list":["post-25360","post","type-post","status-publish","format-standard","has-post-thumbnail","hentry","category-noticias"],"acf":[],"yoast_head":"<!-- This site is optimized with the Yoast SEO plugin v27.5 - https:\/\/yoast.com\/product\/yoast-seo-wordpress\/ -->\n<title>GERMANS DE SANG - \u00a1Empieza la cuenta atr\u00e1s! - Focus<\/title>\n<meta name=\"robots\" content=\"index, follow, max-snippet:-1, max-image-preview:large, max-video-preview:-1\" \/>\n<link rel=\"canonical\" href=\"https:\/\/www.focus.cat\/germans-de-sang-empieza-la-cuenta-atras\/\" \/>\n<meta property=\"og:locale\" content=\"ca_ES\" \/>\n<meta property=\"og:type\" content=\"article\" \/>\n<meta property=\"og:title\" content=\"GERMANS DE SANG - \u00a1Empieza la cuenta atr\u00e1s! - Focus\" \/>\n<meta property=\"og:description\" content=\"Quedan solo 7\u00a0d\u00edas para el inicio de funciones de Germans de sang y tanto el p\u00fablico como la comunidad art\u00edstica contienen la respiraci\u00f3n, expectantes. La compa\u00f1\u00eda ya ha comenzado los \u00faltimos ensayos en el Teatre Condal, donde se est\u00e1 levantando el montaje, implantando la escenograf\u00eda y el dise\u00f1o de luces y ultimando todo lo necesario ... Llegeix m\u00e9s\" \/>\n<meta property=\"og:url\" content=\"https:\/\/www.focus.cat\/es\/germans-de-sang-empieza-la-cuenta-atras\/\" \/>\n<meta property=\"og:site_name\" content=\"Focus\" \/>\n<meta property=\"article:published_time\" content=\"2025-12-03T16:32:38+00:00\" \/>\n<meta property=\"og:image\" content=\"https:\/\/www.focus.cat\/wp-content\/uploads\/2025\/12\/HORITZONTAL-WEB-FOCUS-13.png\" \/>\n\t<meta property=\"og:image:width\" content=\"1600\" \/>\n\t<meta property=\"og:image:height\" content=\"900\" \/>\n\t<meta property=\"og:image:type\" content=\"image\/png\" \/>\n<meta name=\"author\" content=\"Lorena Gomez\" \/>\n<meta name=\"twitter:card\" content=\"summary_large_image\" \/>\n<script type=\"application\/ld+json\" class=\"yoast-schema-graph\">{\"@context\":\"https:\\\/\\\/schema.org\",\"@graph\":[{\"@type\":\"Article\",\"@id\":\"https:\\\/\\\/www.focus.cat\\\/es\\\/germans-de-sang-empieza-la-cuenta-atras\\\/#article\",\"isPartOf\":{\"@id\":\"https:\\\/\\\/www.focus.cat\\\/es\\\/germans-de-sang-empieza-la-cuenta-atras\\\/\"},\"author\":{\"name\":\"Lorena Gomez\",\"@id\":\"https:\\\/\\\/www.focus.cat\\\/#\\\/schema\\\/person\\\/25787cd8a9f611233a591129d4409df2\"},\"headline\":\"GERMANS DE SANG &#8211; \u00a1Empieza la cuenta atr\u00e1s!\",\"datePublished\":\"2025-12-03T16:32:38+00:00\",\"mainEntityOfPage\":{\"@id\":\"https:\\\/\\\/www.focus.cat\\\/es\\\/germans-de-sang-empieza-la-cuenta-atras\\\/\"},\"wordCount\":123,\"publisher\":{\"@id\":\"https:\\\/\\\/www.focus.cat\\\/#organization\"},\"image\":{\"@id\":\"https:\\\/\\\/www.focus.cat\\\/es\\\/germans-de-sang-empieza-la-cuenta-atras\\\/#primaryimage\"},\"thumbnailUrl\":\"https:\\\/\\\/www.focus.cat\\\/wp-content\\\/uploads\\\/2025\\\/12\\\/HORITZONTAL-WEB-FOCUS-18.png\",\"articleSection\":[\"Noticias\"],\"inLanguage\":\"ca\"},{\"@type\":\"WebPage\",\"@id\":\"https:\\\/\\\/www.focus.cat\\\/es\\\/germans-de-sang-empieza-la-cuenta-atras\\\/\",\"url\":\"https:\\\/\\\/www.focus.cat\\\/es\\\/germans-de-sang-empieza-la-cuenta-atras\\\/\",\"name\":\"GERMANS DE SANG - \u00a1Empieza la cuenta atr\u00e1s! - Focus\",\"isPartOf\":{\"@id\":\"https:\\\/\\\/www.focus.cat\\\/#website\"},\"primaryImageOfPage\":{\"@id\":\"https:\\\/\\\/www.focus.cat\\\/es\\\/germans-de-sang-empieza-la-cuenta-atras\\\/#primaryimage\"},\"image\":{\"@id\":\"https:\\\/\\\/www.focus.cat\\\/es\\\/germans-de-sang-empieza-la-cuenta-atras\\\/#primaryimage\"},\"thumbnailUrl\":\"https:\\\/\\\/www.focus.cat\\\/wp-content\\\/uploads\\\/2025\\\/12\\\/HORITZONTAL-WEB-FOCUS-18.png\",\"datePublished\":\"2025-12-03T16:32:38+00:00\",\"inLanguage\":\"ca\",\"potentialAction\":[{\"@type\":\"ReadAction\",\"target\":[\"https:\\\/\\\/www.focus.cat\\\/es\\\/germans-de-sang-empieza-la-cuenta-atras\\\/\"]}]},{\"@type\":\"ImageObject\",\"inLanguage\":\"ca\",\"@id\":\"https:\\\/\\\/www.focus.cat\\\/es\\\/germans-de-sang-empieza-la-cuenta-atras\\\/#primaryimage\",\"url\":\"https:\\\/\\\/www.focus.cat\\\/wp-content\\\/uploads\\\/2025\\\/12\\\/HORITZONTAL-WEB-FOCUS-18.png\",\"contentUrl\":\"https:\\\/\\\/www.focus.cat\\\/wp-content\\\/uploads\\\/2025\\\/12\\\/HORITZONTAL-WEB-FOCUS-18.png\",\"width\":1600,\"height\":900},{\"@type\":\"WebSite\",\"@id\":\"https:\\\/\\\/www.focus.cat\\\/#website\",\"url\":\"https:\\\/\\\/www.focus.cat\\\/\",\"name\":\"Focus\",\"description\":\"\",\"publisher\":{\"@id\":\"https:\\\/\\\/www.focus.cat\\\/#organization\"},\"potentialAction\":[{\"@type\":\"SearchAction\",\"target\":{\"@type\":\"EntryPoint\",\"urlTemplate\":\"https:\\\/\\\/www.focus.cat\\\/?s={search_term_string}\"},\"query-input\":{\"@type\":\"PropertyValueSpecification\",\"valueRequired\":true,\"valueName\":\"search_term_string\"}}],\"inLanguage\":\"ca\"},{\"@type\":\"Organization\",\"@id\":\"https:\\\/\\\/www.focus.cat\\\/#organization\",\"name\":\"Focus\",\"url\":\"https:\\\/\\\/www.focus.cat\\\/\",\"logo\":{\"@type\":\"ImageObject\",\"inLanguage\":\"ca\",\"@id\":\"https:\\\/\\\/www.focus.cat\\\/#\\\/schema\\\/logo\\\/image\\\/\",\"url\":\"https:\\\/\\\/www.focus.cat\\\/wp-content\\\/uploads\\\/2022\\\/01\\\/logo-focus-any-35.svg\",\"contentUrl\":\"https:\\\/\\\/www.focus.cat\\\/wp-content\\\/uploads\\\/2022\\\/01\\\/logo-focus-any-35.svg\",\"width\":1,\"height\":1,\"caption\":\"Focus\"},\"image\":{\"@id\":\"https:\\\/\\\/www.focus.cat\\\/#\\\/schema\\\/logo\\\/image\\\/\"}},{\"@type\":\"Person\",\"@id\":\"https:\\\/\\\/www.focus.cat\\\/#\\\/schema\\\/person\\\/25787cd8a9f611233a591129d4409df2\",\"name\":\"Lorena Gomez\",\"image\":{\"@type\":\"ImageObject\",\"inLanguage\":\"ca\",\"@id\":\"https:\\\/\\\/secure.gravatar.com\\\/avatar\\\/64d3b83ff659cc3326ce4fabf922d4944da28e324609edbde48590616e9b3a66?s=96&d=mm&r=g\",\"url\":\"https:\\\/\\\/secure.gravatar.com\\\/avatar\\\/64d3b83ff659cc3326ce4fabf922d4944da28e324609edbde48590616e9b3a66?s=96&d=mm&r=g\",\"contentUrl\":\"https:\\\/\\\/secure.gravatar.com\\\/avatar\\\/64d3b83ff659cc3326ce4fabf922d4944da28e324609edbde48590616e9b3a66?s=96&d=mm&r=g\",\"caption\":\"Lorena Gomez\"},\"url\":\"https:\\\/\\\/www.focus.cat\\\/author\\\/lorena-gomez\\\/\"}]}<\/script>\n<!-- \/ Yoast SEO plugin. -->","yoast_head_json":{"title":"GERMANS DE SANG - \u00a1Empieza la cuenta atr\u00e1s! - Focus","robots":{"index":"index","follow":"follow","max-snippet":"max-snippet:-1","max-image-preview":"max-image-preview:large","max-video-preview":"max-video-preview:-1"},"canonical":"https:\/\/www.focus.cat\/germans-de-sang-empieza-la-cuenta-atras\/","og_locale":"ca_ES","og_type":"article","og_title":"GERMANS DE SANG - \u00a1Empieza la cuenta atr\u00e1s! - Focus","og_description":"Quedan solo 7\u00a0d\u00edas para el inicio de funciones de Germans de sang y tanto el p\u00fablico como la comunidad art\u00edstica contienen la respiraci\u00f3n, expectantes. La compa\u00f1\u00eda ya ha comenzado los \u00faltimos ensayos en el Teatre Condal, donde se est\u00e1 levantando el montaje, implantando la escenograf\u00eda y el dise\u00f1o de luces y ultimando todo lo necesario ... Llegeix m\u00e9s","og_url":"https:\/\/www.focus.cat\/es\/germans-de-sang-empieza-la-cuenta-atras\/","og_site_name":"Focus","article_published_time":"2025-12-03T16:32:38+00:00","og_image":[{"width":1600,"height":900,"url":"https:\/\/www.focus.cat\/wp-content\/uploads\/2025\/12\/HORITZONTAL-WEB-FOCUS-13.png","type":"image\/png"}],"author":"Lorena Gomez","twitter_card":"summary_large_image","schema":{"@context":"https:\/\/schema.org","@graph":[{"@type":"Article","@id":"https:\/\/www.focus.cat\/es\/germans-de-sang-empieza-la-cuenta-atras\/#article","isPartOf":{"@id":"https:\/\/www.focus.cat\/es\/germans-de-sang-empieza-la-cuenta-atras\/"},"author":{"name":"Lorena Gomez","@id":"https:\/\/www.focus.cat\/#\/schema\/person\/25787cd8a9f611233a591129d4409df2"},"headline":"GERMANS DE SANG &#8211; \u00a1Empieza la cuenta atr\u00e1s!","datePublished":"2025-12-03T16:32:38+00:00","mainEntityOfPage":{"@id":"https:\/\/www.focus.cat\/es\/germans-de-sang-empieza-la-cuenta-atras\/"},"wordCount":123,"publisher":{"@id":"https:\/\/www.focus.cat\/#organization"},"image":{"@id":"https:\/\/www.focus.cat\/es\/germans-de-sang-empieza-la-cuenta-atras\/#primaryimage"},"thumbnailUrl":"https:\/\/www.focus.cat\/wp-content\/uploads\/2025\/12\/HORITZONTAL-WEB-FOCUS-18.png","articleSection":["Noticias"],"inLanguage":"ca"},{"@type":"WebPage","@id":"https:\/\/www.focus.cat\/es\/germans-de-sang-empieza-la-cuenta-atras\/","url":"https:\/\/www.focus.cat\/es\/germans-de-sang-empieza-la-cuenta-atras\/","name":"GERMANS DE SANG - \u00a1Empieza la cuenta atr\u00e1s! - Focus","isPartOf":{"@id":"https:\/\/www.focus.cat\/#website"},"primaryImageOfPage":{"@id":"https:\/\/www.focus.cat\/es\/germans-de-sang-empieza-la-cuenta-atras\/#primaryimage"},"image":{"@id":"https:\/\/www.focus.cat\/es\/germans-de-sang-empieza-la-cuenta-atras\/#primaryimage"},"thumbnailUrl":"https:\/\/www.focus.cat\/wp-content\/uploads\/2025\/12\/HORITZONTAL-WEB-FOCUS-18.png","datePublished":"2025-12-03T16:32:38+00:00","inLanguage":"ca","potentialAction":[{"@type":"ReadAction","target":["https:\/\/www.focus.cat\/es\/germans-de-sang-empieza-la-cuenta-atras\/"]}]},{"@type":"ImageObject","inLanguage":"ca","@id":"https:\/\/www.focus.cat\/es\/germans-de-sang-empieza-la-cuenta-atras\/#primaryimage","url":"https:\/\/www.focus.cat\/wp-content\/uploads\/2025\/12\/HORITZONTAL-WEB-FOCUS-18.png","contentUrl":"https:\/\/www.focus.cat\/wp-content\/uploads\/2025\/12\/HORITZONTAL-WEB-FOCUS-18.png","width":1600,"height":900},{"@type":"WebSite","@id":"https:\/\/www.focus.cat\/#website","url":"https:\/\/www.focus.cat\/","name":"Focus","description":"","publisher":{"@id":"https:\/\/www.focus.cat\/#organization"},"potentialAction":[{"@type":"SearchAction","target":{"@type":"EntryPoint","urlTemplate":"https:\/\/www.focus.cat\/?s={search_term_string}"},"query-input":{"@type":"PropertyValueSpecification","valueRequired":true,"valueName":"search_term_string"}}],"inLanguage":"ca"},{"@type":"Organization","@id":"https:\/\/www.focus.cat\/#organization","name":"Focus","url":"https:\/\/www.focus.cat\/","logo":{"@type":"ImageObject","inLanguage":"ca","@id":"https:\/\/www.focus.cat\/#\/schema\/logo\/image\/","url":"https:\/\/www.focus.cat\/wp-content\/uploads\/2022\/01\/logo-focus-any-35.svg","contentUrl":"https:\/\/www.focus.cat\/wp-content\/uploads\/2022\/01\/logo-focus-any-35.svg","width":1,"height":1,"caption":"Focus"},"image":{"@id":"https:\/\/www.focus.cat\/#\/schema\/logo\/image\/"}},{"@type":"Person","@id":"https:\/\/www.focus.cat\/#\/schema\/person\/25787cd8a9f611233a591129d4409df2","name":"Lorena Gomez","image":{"@type":"ImageObject","inLanguage":"ca","@id":"https:\/\/secure.gravatar.com\/avatar\/64d3b83ff659cc3326ce4fabf922d4944da28e324609edbde48590616e9b3a66?s=96&d=mm&r=g","url":"https:\/\/secure.gravatar.com\/avatar\/64d3b83ff659cc3326ce4fabf922d4944da28e324609edbde48590616e9b3a66?s=96&d=mm&r=g","contentUrl":"https:\/\/secure.gravatar.com\/avatar\/64d3b83ff659cc3326ce4fabf922d4944da28e324609edbde48590616e9b3a66?s=96&d=mm&r=g","caption":"Lorena Gomez"},"url":"https:\/\/www.focus.cat\/author\/lorena-gomez\/"}]}},"_links":{"self":[{"href":"https:\/\/www.focus.cat\/wp-json\/wp\/v2\/posts\/25360","targetHints":{"allow":["GET"]}}],"collection":[{"href":"https:\/\/www.focus.cat\/wp-json\/wp\/v2\/posts"}],"about":[{"href":"https:\/\/www.focus.cat\/wp-json\/wp\/v2\/types\/post"}],"author":[{"embeddable":true,"href":"https:\/\/www.focus.cat\/wp-json\/wp\/v2\/users\/17"}],"replies":[{"embeddable":true,"href":"https:\/\/www.focus.cat\/wp-json\/wp\/v2\/comments?post=25360"}],"version-history":[{"count":0,"href":"https:\/\/www.focus.cat\/wp-json\/wp\/v2\/posts\/25360\/revisions"}],"wp:featuredmedia":[{"embeddable":true,"href":"https:\/\/www.focus.cat\/wp-json\/wp\/v2\/media\/25549"}],"wp:attachment":[{"href":"https:\/\/www.focus.cat\/wp-json\/wp\/v2\/media?parent=25360"}],"wp:term":[{"taxonomy":"category","embeddable":true,"href":"https:\/\/www.focus.cat\/wp-json\/wp\/v2\/categories?post=25360"}],"curies":[{"name":"wp","href":"https:\/\/api.w.org\/{rel}","templated":true}]}}