{"id":25378,"date":"2025-12-03T16:44:26","date_gmt":"2025-12-03T16:44:26","guid":{"rendered":"https:\/\/www.focus.cat\/?p=25378"},"modified":"2025-12-03T16:47:10","modified_gmt":"2025-12-03T16:47:10","slug":"la-ma-ultimas-funciones-a-la-villarroel","status":"publish","type":"post","link":"https:\/\/www.focus.cat\/es\/la-ma-ultimas-funciones-a-la-villarroel\/","title":{"rendered":"LA M\u00c0 &#8211; \u00daltimas funciones a La Villarroel"},"content":{"rendered":"<p>El espect\u00e1culo <a href=\"https:\/\/www.lavillarroel.cat\/es\/ex\/la-ma\/\"><em><strong>La m\u00e0<\/strong><\/em><\/a> encara su recta final.<\/p>\n<p><strong>Despu\u00e9s de m\u00e1s de 40 funciones<\/strong> en un per\u00edodo de exhibici\u00f3n que comenz\u00f3 el 19 de octubre, el montaje dirigido por Pau Carri\u00f3 inicia sus <strong>dos \u00faltimas semanas<\/strong> sobre el escenario de <strong>La Villarroel<\/strong>.<\/p>\n<p>Y es que el texto de <strong>Martin McDonagh<\/strong> no ha dejado indiferente a nadie, presentando una historia truculenta y, a la vez, llena de humor, que retrata a unos personajes arquet\u00edpicos, miserables y perdidos en sus propias luchas internas.<\/p>\n<p>Una vez finalizada su representaci\u00f3n en Barcelona, esta producci\u00f3n de La Villarroel protagonizada por <strong>Pol L\u00f3pez, Albert Prat, Mia Sala-Patau y Soribah Ceesay<\/strong> continuar\u00e1 de gira, llevando a los escenarios de todo el territorio este cuento macabro y absurdo con regusto de comedia negra.<\/p>\n","protected":false},"excerpt":{"rendered":"<p>El espect\u00e1culo La m\u00e0 encara su recta final. Despu\u00e9s de m\u00e1s de 40 funciones en un per\u00edodo de exhibici\u00f3n que comenz\u00f3 el 19 de octubre, el montaje dirigido por Pau Carri\u00f3 inicia sus dos \u00faltimas semanas sobre el escenario de La Villarroel. Y es que el texto de Martin McDonagh no ha dejado indiferente a<a class=\"excerpt-read-more\" href=\"https:\/\/www.focus.cat\/es\/la-ma-ultimas-funciones-a-la-villarroel\/\" title=\"LlegeixLA M\u00c0 &#8211; \u00daltimas funciones a La Villarroel\"> &#8230; Llegeix m\u00e9s<\/a><\/p>\n","protected":false},"author":17,"featured_media":25376,"comment_status":"closed","ping_status":"closed","sticky":false,"template":"","format":"standard","meta":{"_acf_changed":false,"inline_featured_image":false,"footnotes":""},"categories":[4],"class_list":["post-25378","post","type-post","status-publish","format-standard","has-post-thumbnail","hentry","category-noticias"],"acf":[],"yoast_head":"<!-- This site is optimized with the Yoast SEO plugin v27.5 - https:\/\/yoast.com\/product\/yoast-seo-wordpress\/ -->\n<title>LA M\u00c0 - \u00daltimas funciones a La Villarroel - Focus<\/title>\n<meta name=\"robots\" content=\"index, follow, max-snippet:-1, max-image-preview:large, max-video-preview:-1\" \/>\n<link rel=\"canonical\" href=\"https:\/\/www.focus.cat\/la-ma-ultimas-funciones-a-la-villarroel\/\" \/>\n<meta property=\"og:locale\" content=\"ca_ES\" \/>\n<meta property=\"og:type\" content=\"article\" \/>\n<meta property=\"og:title\" content=\"LA M\u00c0 - \u00daltimas funciones a La Villarroel - Focus\" \/>\n<meta property=\"og:description\" content=\"El espect\u00e1culo La m\u00e0 encara su recta final. Despu\u00e9s de m\u00e1s de 40 funciones en un per\u00edodo de exhibici\u00f3n que comenz\u00f3 el 19 de octubre, el montaje dirigido por Pau Carri\u00f3 inicia sus dos \u00faltimas semanas sobre el escenario de La Villarroel. Y es que el texto de Martin McDonagh no ha dejado indiferente a ... Llegeix m\u00e9s\" \/>\n<meta property=\"og:url\" content=\"https:\/\/www.focus.cat\/es\/la-ma-ultimas-funciones-a-la-villarroel\/\" \/>\n<meta property=\"og:site_name\" content=\"Focus\" \/>\n<meta property=\"article:published_time\" content=\"2025-12-03T16:44:26+00:00\" \/>\n<meta property=\"article:modified_time\" content=\"2025-12-03T16:47:10+00:00\" \/>\n<meta property=\"og:image\" content=\"https:\/\/www.focus.cat\/wp-content\/uploads\/2025\/12\/QUADRAT-WEB-FOCUS-17.png\" \/>\n\t<meta property=\"og:image:width\" content=\"1080\" \/>\n\t<meta property=\"og:image:height\" content=\"1080\" \/>\n\t<meta property=\"og:image:type\" content=\"image\/png\" \/>\n<meta name=\"author\" content=\"Lorena Gomez\" \/>\n<meta name=\"twitter:card\" content=\"summary_large_image\" \/>\n<script type=\"application\/ld+json\" class=\"yoast-schema-graph\">{\"@context\":\"https:\\\/\\\/schema.org\",\"@graph\":[{\"@type\":\"Article\",\"@id\":\"https:\\\/\\\/www.focus.cat\\\/es\\\/la-ma-ultimas-funciones-a-la-villarroel\\\/#article\",\"isPartOf\":{\"@id\":\"https:\\\/\\\/www.focus.cat\\\/es\\\/la-ma-ultimas-funciones-a-la-villarroel\\\/\"},\"author\":{\"name\":\"Lorena Gomez\",\"@id\":\"https:\\\/\\\/www.focus.cat\\\/#\\\/schema\\\/person\\\/25787cd8a9f611233a591129d4409df2\"},\"headline\":\"LA M\u00c0 &#8211; \u00daltimas funciones a La Villarroel\",\"datePublished\":\"2025-12-03T16:44:26+00:00\",\"dateModified\":\"2025-12-03T16:47:10+00:00\",\"mainEntityOfPage\":{\"@id\":\"https:\\\/\\\/www.focus.cat\\\/es\\\/la-ma-ultimas-funciones-a-la-villarroel\\\/\"},\"wordCount\":140,\"publisher\":{\"@id\":\"https:\\\/\\\/www.focus.cat\\\/#organization\"},\"image\":{\"@id\":\"https:\\\/\\\/www.focus.cat\\\/es\\\/la-ma-ultimas-funciones-a-la-villarroel\\\/#primaryimage\"},\"thumbnailUrl\":\"https:\\\/\\\/www.focus.cat\\\/wp-content\\\/uploads\\\/2025\\\/12\\\/QUADRAT-WEB-FOCUS-17.png\",\"articleSection\":[\"Noticias\"],\"inLanguage\":\"ca\"},{\"@type\":\"WebPage\",\"@id\":\"https:\\\/\\\/www.focus.cat\\\/es\\\/la-ma-ultimas-funciones-a-la-villarroel\\\/\",\"url\":\"https:\\\/\\\/www.focus.cat\\\/es\\\/la-ma-ultimas-funciones-a-la-villarroel\\\/\",\"name\":\"LA M\u00c0 - \u00daltimas funciones a La Villarroel - Focus\",\"isPartOf\":{\"@id\":\"https:\\\/\\\/www.focus.cat\\\/#website\"},\"primaryImageOfPage\":{\"@id\":\"https:\\\/\\\/www.focus.cat\\\/es\\\/la-ma-ultimas-funciones-a-la-villarroel\\\/#primaryimage\"},\"image\":{\"@id\":\"https:\\\/\\\/www.focus.cat\\\/es\\\/la-ma-ultimas-funciones-a-la-villarroel\\\/#primaryimage\"},\"thumbnailUrl\":\"https:\\\/\\\/www.focus.cat\\\/wp-content\\\/uploads\\\/2025\\\/12\\\/QUADRAT-WEB-FOCUS-17.png\",\"datePublished\":\"2025-12-03T16:44:26+00:00\",\"dateModified\":\"2025-12-03T16:47:10+00:00\",\"inLanguage\":\"ca\",\"potentialAction\":[{\"@type\":\"ReadAction\",\"target\":[\"https:\\\/\\\/www.focus.cat\\\/es\\\/la-ma-ultimas-funciones-a-la-villarroel\\\/\"]}]},{\"@type\":\"ImageObject\",\"inLanguage\":\"ca\",\"@id\":\"https:\\\/\\\/www.focus.cat\\\/es\\\/la-ma-ultimas-funciones-a-la-villarroel\\\/#primaryimage\",\"url\":\"https:\\\/\\\/www.focus.cat\\\/wp-content\\\/uploads\\\/2025\\\/12\\\/QUADRAT-WEB-FOCUS-17.png\",\"contentUrl\":\"https:\\\/\\\/www.focus.cat\\\/wp-content\\\/uploads\\\/2025\\\/12\\\/QUADRAT-WEB-FOCUS-17.png\",\"width\":1080,\"height\":1080},{\"@type\":\"WebSite\",\"@id\":\"https:\\\/\\\/www.focus.cat\\\/#website\",\"url\":\"https:\\\/\\\/www.focus.cat\\\/\",\"name\":\"Focus\",\"description\":\"\",\"publisher\":{\"@id\":\"https:\\\/\\\/www.focus.cat\\\/#organization\"},\"potentialAction\":[{\"@type\":\"SearchAction\",\"target\":{\"@type\":\"EntryPoint\",\"urlTemplate\":\"https:\\\/\\\/www.focus.cat\\\/?s={search_term_string}\"},\"query-input\":{\"@type\":\"PropertyValueSpecification\",\"valueRequired\":true,\"valueName\":\"search_term_string\"}}],\"inLanguage\":\"ca\"},{\"@type\":\"Organization\",\"@id\":\"https:\\\/\\\/www.focus.cat\\\/#organization\",\"name\":\"Focus\",\"url\":\"https:\\\/\\\/www.focus.cat\\\/\",\"logo\":{\"@type\":\"ImageObject\",\"inLanguage\":\"ca\",\"@id\":\"https:\\\/\\\/www.focus.cat\\\/#\\\/schema\\\/logo\\\/image\\\/\",\"url\":\"https:\\\/\\\/www.focus.cat\\\/wp-content\\\/uploads\\\/2022\\\/01\\\/logo-focus-any-35.svg\",\"contentUrl\":\"https:\\\/\\\/www.focus.cat\\\/wp-content\\\/uploads\\\/2022\\\/01\\\/logo-focus-any-35.svg\",\"width\":1,\"height\":1,\"caption\":\"Focus\"},\"image\":{\"@id\":\"https:\\\/\\\/www.focus.cat\\\/#\\\/schema\\\/logo\\\/image\\\/\"}},{\"@type\":\"Person\",\"@id\":\"https:\\\/\\\/www.focus.cat\\\/#\\\/schema\\\/person\\\/25787cd8a9f611233a591129d4409df2\",\"name\":\"Lorena Gomez\",\"image\":{\"@type\":\"ImageObject\",\"inLanguage\":\"ca\",\"@id\":\"https:\\\/\\\/secure.gravatar.com\\\/avatar\\\/64d3b83ff659cc3326ce4fabf922d4944da28e324609edbde48590616e9b3a66?s=96&d=mm&r=g\",\"url\":\"https:\\\/\\\/secure.gravatar.com\\\/avatar\\\/64d3b83ff659cc3326ce4fabf922d4944da28e324609edbde48590616e9b3a66?s=96&d=mm&r=g\",\"contentUrl\":\"https:\\\/\\\/secure.gravatar.com\\\/avatar\\\/64d3b83ff659cc3326ce4fabf922d4944da28e324609edbde48590616e9b3a66?s=96&d=mm&r=g\",\"caption\":\"Lorena Gomez\"},\"url\":\"https:\\\/\\\/www.focus.cat\\\/author\\\/lorena-gomez\\\/\"}]}<\/script>\n<!-- \/ Yoast SEO plugin. -->","yoast_head_json":{"title":"LA M\u00c0 - \u00daltimas funciones a La Villarroel - Focus","robots":{"index":"index","follow":"follow","max-snippet":"max-snippet:-1","max-image-preview":"max-image-preview:large","max-video-preview":"max-video-preview:-1"},"canonical":"https:\/\/www.focus.cat\/la-ma-ultimas-funciones-a-la-villarroel\/","og_locale":"ca_ES","og_type":"article","og_title":"LA M\u00c0 - \u00daltimas funciones a La Villarroel - Focus","og_description":"El espect\u00e1culo La m\u00e0 encara su recta final. Despu\u00e9s de m\u00e1s de 40 funciones en un per\u00edodo de exhibici\u00f3n que comenz\u00f3 el 19 de octubre, el montaje dirigido por Pau Carri\u00f3 inicia sus dos \u00faltimas semanas sobre el escenario de La Villarroel. Y es que el texto de Martin McDonagh no ha dejado indiferente a ... Llegeix m\u00e9s","og_url":"https:\/\/www.focus.cat\/es\/la-ma-ultimas-funciones-a-la-villarroel\/","og_site_name":"Focus","article_published_time":"2025-12-03T16:44:26+00:00","article_modified_time":"2025-12-03T16:47:10+00:00","og_image":[{"width":1080,"height":1080,"url":"https:\/\/www.focus.cat\/wp-content\/uploads\/2025\/12\/QUADRAT-WEB-FOCUS-17.png","type":"image\/png"}],"author":"Lorena Gomez","twitter_card":"summary_large_image","schema":{"@context":"https:\/\/schema.org","@graph":[{"@type":"Article","@id":"https:\/\/www.focus.cat\/es\/la-ma-ultimas-funciones-a-la-villarroel\/#article","isPartOf":{"@id":"https:\/\/www.focus.cat\/es\/la-ma-ultimas-funciones-a-la-villarroel\/"},"author":{"name":"Lorena Gomez","@id":"https:\/\/www.focus.cat\/#\/schema\/person\/25787cd8a9f611233a591129d4409df2"},"headline":"LA M\u00c0 &#8211; \u00daltimas funciones a La Villarroel","datePublished":"2025-12-03T16:44:26+00:00","dateModified":"2025-12-03T16:47:10+00:00","mainEntityOfPage":{"@id":"https:\/\/www.focus.cat\/es\/la-ma-ultimas-funciones-a-la-villarroel\/"},"wordCount":140,"publisher":{"@id":"https:\/\/www.focus.cat\/#organization"},"image":{"@id":"https:\/\/www.focus.cat\/es\/la-ma-ultimas-funciones-a-la-villarroel\/#primaryimage"},"thumbnailUrl":"https:\/\/www.focus.cat\/wp-content\/uploads\/2025\/12\/QUADRAT-WEB-FOCUS-17.png","articleSection":["Noticias"],"inLanguage":"ca"},{"@type":"WebPage","@id":"https:\/\/www.focus.cat\/es\/la-ma-ultimas-funciones-a-la-villarroel\/","url":"https:\/\/www.focus.cat\/es\/la-ma-ultimas-funciones-a-la-villarroel\/","name":"LA M\u00c0 - \u00daltimas funciones a La Villarroel - Focus","isPartOf":{"@id":"https:\/\/www.focus.cat\/#website"},"primaryImageOfPage":{"@id":"https:\/\/www.focus.cat\/es\/la-ma-ultimas-funciones-a-la-villarroel\/#primaryimage"},"image":{"@id":"https:\/\/www.focus.cat\/es\/la-ma-ultimas-funciones-a-la-villarroel\/#primaryimage"},"thumbnailUrl":"https:\/\/www.focus.cat\/wp-content\/uploads\/2025\/12\/QUADRAT-WEB-FOCUS-17.png","datePublished":"2025-12-03T16:44:26+00:00","dateModified":"2025-12-03T16:47:10+00:00","inLanguage":"ca","potentialAction":[{"@type":"ReadAction","target":["https:\/\/www.focus.cat\/es\/la-ma-ultimas-funciones-a-la-villarroel\/"]}]},{"@type":"ImageObject","inLanguage":"ca","@id":"https:\/\/www.focus.cat\/es\/la-ma-ultimas-funciones-a-la-villarroel\/#primaryimage","url":"https:\/\/www.focus.cat\/wp-content\/uploads\/2025\/12\/QUADRAT-WEB-FOCUS-17.png","contentUrl":"https:\/\/www.focus.cat\/wp-content\/uploads\/2025\/12\/QUADRAT-WEB-FOCUS-17.png","width":1080,"height":1080},{"@type":"WebSite","@id":"https:\/\/www.focus.cat\/#website","url":"https:\/\/www.focus.cat\/","name":"Focus","description":"","publisher":{"@id":"https:\/\/www.focus.cat\/#organization"},"potentialAction":[{"@type":"SearchAction","target":{"@type":"EntryPoint","urlTemplate":"https:\/\/www.focus.cat\/?s={search_term_string}"},"query-input":{"@type":"PropertyValueSpecification","valueRequired":true,"valueName":"search_term_string"}}],"inLanguage":"ca"},{"@type":"Organization","@id":"https:\/\/www.focus.cat\/#organization","name":"Focus","url":"https:\/\/www.focus.cat\/","logo":{"@type":"ImageObject","inLanguage":"ca","@id":"https:\/\/www.focus.cat\/#\/schema\/logo\/image\/","url":"https:\/\/www.focus.cat\/wp-content\/uploads\/2022\/01\/logo-focus-any-35.svg","contentUrl":"https:\/\/www.focus.cat\/wp-content\/uploads\/2022\/01\/logo-focus-any-35.svg","width":1,"height":1,"caption":"Focus"},"image":{"@id":"https:\/\/www.focus.cat\/#\/schema\/logo\/image\/"}},{"@type":"Person","@id":"https:\/\/www.focus.cat\/#\/schema\/person\/25787cd8a9f611233a591129d4409df2","name":"Lorena Gomez","image":{"@type":"ImageObject","inLanguage":"ca","@id":"https:\/\/secure.gravatar.com\/avatar\/64d3b83ff659cc3326ce4fabf922d4944da28e324609edbde48590616e9b3a66?s=96&d=mm&r=g","url":"https:\/\/secure.gravatar.com\/avatar\/64d3b83ff659cc3326ce4fabf922d4944da28e324609edbde48590616e9b3a66?s=96&d=mm&r=g","contentUrl":"https:\/\/secure.gravatar.com\/avatar\/64d3b83ff659cc3326ce4fabf922d4944da28e324609edbde48590616e9b3a66?s=96&d=mm&r=g","caption":"Lorena Gomez"},"url":"https:\/\/www.focus.cat\/author\/lorena-gomez\/"}]}},"_links":{"self":[{"href":"https:\/\/www.focus.cat\/wp-json\/wp\/v2\/posts\/25378","targetHints":{"allow":["GET"]}}],"collection":[{"href":"https:\/\/www.focus.cat\/wp-json\/wp\/v2\/posts"}],"about":[{"href":"https:\/\/www.focus.cat\/wp-json\/wp\/v2\/types\/post"}],"author":[{"embeddable":true,"href":"https:\/\/www.focus.cat\/wp-json\/wp\/v2\/users\/17"}],"replies":[{"embeddable":true,"href":"https:\/\/www.focus.cat\/wp-json\/wp\/v2\/comments?post=25378"}],"version-history":[{"count":0,"href":"https:\/\/www.focus.cat\/wp-json\/wp\/v2\/posts\/25378\/revisions"}],"wp:featuredmedia":[{"embeddable":true,"href":"https:\/\/www.focus.cat\/wp-json\/wp\/v2\/media\/25376"}],"wp:attachment":[{"href":"https:\/\/www.focus.cat\/wp-json\/wp\/v2\/media?parent=25378"}],"wp:term":[{"taxonomy":"category","embeddable":true,"href":"https:\/\/www.focus.cat\/wp-json\/wp\/v2\/categories?post=25378"}],"curies":[{"name":"wp","href":"https:\/\/api.w.org\/{rel}","templated":true}]}}