{"id":25401,"date":"2025-12-03T16:58:10","date_gmt":"2025-12-03T16:58:10","guid":{"rendered":"https:\/\/www.focus.cat\/?p=25401"},"modified":"2025-12-03T16:58:10","modified_gmt":"2025-12-03T16:58:10","slug":"avui-no-plorare-el-nuevo-espectaculo-de-las-t-de-teatre-llega-al-teatre-goya","status":"publish","type":"post","link":"https:\/\/www.focus.cat\/es\/avui-no-plorare-el-nuevo-espectaculo-de-las-t-de-teatre-llega-al-teatre-goya\/","title":{"rendered":"AVUI NO PLORAR\u00c9 &#8211; El nuevo espect\u00e1culo de las T de Teatre llega al Teatre Goya"},"content":{"rendered":"<p>El pr\u00f3ximo 18 de diciembre comienzan las funciones del nuevo espect\u00e1culo de <strong>T de Teatre <a href=\"https:\/\/www.teatregoya.cat\/es\/ex\/avui-no-plorare\/\"><em>Avui no plorar\u00e9<\/em><\/a><\/strong>, una comedia \u00e1cida escrita y dirigida por <strong>Nelson Valente<\/strong> sobre las relaciones familiares y sobre c\u00f3mo la normalidad queda muy a menudo solo a flor de piel.<\/p>\n<p>Una coproducci\u00f3n de <strong>T de Teatre<\/strong> y <strong>Focus<\/strong>, la obra est\u00e1 protagonizada por <strong>Mamen Duch, Marta P\u00e9rez, Carme Pla, Jordi Rico, Albert Ribalta y \u00c0gata Roca<\/strong> y promete traernos el mejor humor de la m\u00edtica compa\u00f1\u00eda mientras aborda un tema tan actual como la salud mental.<\/p>\n","protected":false},"excerpt":{"rendered":"<p>El pr\u00f3ximo 18 de diciembre comienzan las funciones del nuevo espect\u00e1culo de T de Teatre Avui no plorar\u00e9, una comedia \u00e1cida escrita y dirigida por Nelson Valente sobre las relaciones familiares y sobre c\u00f3mo la normalidad queda muy a menudo solo a flor de piel. Una coproducci\u00f3n de T de Teatre y Focus, la obra<a class=\"excerpt-read-more\" href=\"https:\/\/www.focus.cat\/es\/avui-no-plorare-el-nuevo-espectaculo-de-las-t-de-teatre-llega-al-teatre-goya\/\" title=\"LlegeixAVUI NO PLORAR\u00c9 &#8211; El nuevo espect\u00e1culo de las T de Teatre llega al Teatre Goya\"> &#8230; Llegeix m\u00e9s<\/a><\/p>\n","protected":false},"author":17,"featured_media":25399,"comment_status":"closed","ping_status":"closed","sticky":false,"template":"","format":"standard","meta":{"_acf_changed":false,"inline_featured_image":false,"footnotes":""},"categories":[4],"class_list":["post-25401","post","type-post","status-publish","format-standard","has-post-thumbnail","hentry","category-noticias"],"acf":[],"yoast_head":"<!-- This site is optimized with the Yoast SEO plugin v27.5 - https:\/\/yoast.com\/product\/yoast-seo-wordpress\/ -->\n<title>AVUI NO PLORAR\u00c9 - El nuevo espect\u00e1culo de las T de Teatre llega al Teatre Goya - Focus<\/title>\n<meta name=\"robots\" content=\"index, follow, max-snippet:-1, max-image-preview:large, max-video-preview:-1\" \/>\n<link rel=\"canonical\" href=\"https:\/\/www.focus.cat\/avui-no-plorare-el-nuevo-espectaculo-de-las-t-de-teatre-llega-al-teatre-goya\/\" \/>\n<meta property=\"og:locale\" content=\"ca_ES\" \/>\n<meta property=\"og:type\" content=\"article\" \/>\n<meta property=\"og:title\" content=\"AVUI NO PLORAR\u00c9 - El nuevo espect\u00e1culo de las T de Teatre llega al Teatre Goya - Focus\" \/>\n<meta property=\"og:description\" content=\"El pr\u00f3ximo 18 de diciembre comienzan las funciones del nuevo espect\u00e1culo de T de Teatre Avui no plorar\u00e9, una comedia \u00e1cida escrita y dirigida por Nelson Valente sobre las relaciones familiares y sobre c\u00f3mo la normalidad queda muy a menudo solo a flor de piel. Una coproducci\u00f3n de T de Teatre y Focus, la obra ... Llegeix m\u00e9s\" \/>\n<meta property=\"og:url\" content=\"https:\/\/www.focus.cat\/es\/avui-no-plorare-el-nuevo-espectaculo-de-las-t-de-teatre-llega-al-teatre-goya\/\" \/>\n<meta property=\"og:site_name\" content=\"Focus\" \/>\n<meta property=\"article:published_time\" content=\"2025-12-03T16:58:10+00:00\" \/>\n<meta property=\"og:image\" content=\"https:\/\/www.focus.cat\/wp-content\/uploads\/2025\/12\/QUADRAT-WEB-FOCUS-19.png\" \/>\n\t<meta property=\"og:image:width\" content=\"1080\" \/>\n\t<meta property=\"og:image:height\" content=\"1080\" \/>\n\t<meta property=\"og:image:type\" content=\"image\/png\" \/>\n<meta name=\"author\" content=\"Lorena Gomez\" \/>\n<meta name=\"twitter:card\" content=\"summary_large_image\" \/>\n<script type=\"application\/ld+json\" class=\"yoast-schema-graph\">{\"@context\":\"https:\\\/\\\/schema.org\",\"@graph\":[{\"@type\":\"Article\",\"@id\":\"https:\\\/\\\/www.focus.cat\\\/es\\\/avui-no-plorare-el-nuevo-espectaculo-de-las-t-de-teatre-llega-al-teatre-goya\\\/#article\",\"isPartOf\":{\"@id\":\"https:\\\/\\\/www.focus.cat\\\/es\\\/avui-no-plorare-el-nuevo-espectaculo-de-las-t-de-teatre-llega-al-teatre-goya\\\/\"},\"author\":{\"name\":\"Lorena Gomez\",\"@id\":\"https:\\\/\\\/www.focus.cat\\\/#\\\/schema\\\/person\\\/25787cd8a9f611233a591129d4409df2\"},\"headline\":\"AVUI NO PLORAR\u00c9 &#8211; El nuevo espect\u00e1culo de las T de Teatre llega al Teatre Goya\",\"datePublished\":\"2025-12-03T16:58:10+00:00\",\"mainEntityOfPage\":{\"@id\":\"https:\\\/\\\/www.focus.cat\\\/es\\\/avui-no-plorare-el-nuevo-espectaculo-de-las-t-de-teatre-llega-al-teatre-goya\\\/\"},\"wordCount\":114,\"publisher\":{\"@id\":\"https:\\\/\\\/www.focus.cat\\\/#organization\"},\"image\":{\"@id\":\"https:\\\/\\\/www.focus.cat\\\/es\\\/avui-no-plorare-el-nuevo-espectaculo-de-las-t-de-teatre-llega-al-teatre-goya\\\/#primaryimage\"},\"thumbnailUrl\":\"https:\\\/\\\/www.focus.cat\\\/wp-content\\\/uploads\\\/2025\\\/12\\\/QUADRAT-WEB-FOCUS-19.png\",\"articleSection\":[\"Noticias\"],\"inLanguage\":\"ca\"},{\"@type\":\"WebPage\",\"@id\":\"https:\\\/\\\/www.focus.cat\\\/es\\\/avui-no-plorare-el-nuevo-espectaculo-de-las-t-de-teatre-llega-al-teatre-goya\\\/\",\"url\":\"https:\\\/\\\/www.focus.cat\\\/es\\\/avui-no-plorare-el-nuevo-espectaculo-de-las-t-de-teatre-llega-al-teatre-goya\\\/\",\"name\":\"AVUI NO PLORAR\u00c9 - El nuevo espect\u00e1culo de las T de Teatre llega al Teatre Goya - Focus\",\"isPartOf\":{\"@id\":\"https:\\\/\\\/www.focus.cat\\\/#website\"},\"primaryImageOfPage\":{\"@id\":\"https:\\\/\\\/www.focus.cat\\\/es\\\/avui-no-plorare-el-nuevo-espectaculo-de-las-t-de-teatre-llega-al-teatre-goya\\\/#primaryimage\"},\"image\":{\"@id\":\"https:\\\/\\\/www.focus.cat\\\/es\\\/avui-no-plorare-el-nuevo-espectaculo-de-las-t-de-teatre-llega-al-teatre-goya\\\/#primaryimage\"},\"thumbnailUrl\":\"https:\\\/\\\/www.focus.cat\\\/wp-content\\\/uploads\\\/2025\\\/12\\\/QUADRAT-WEB-FOCUS-19.png\",\"datePublished\":\"2025-12-03T16:58:10+00:00\",\"inLanguage\":\"ca\",\"potentialAction\":[{\"@type\":\"ReadAction\",\"target\":[\"https:\\\/\\\/www.focus.cat\\\/es\\\/avui-no-plorare-el-nuevo-espectaculo-de-las-t-de-teatre-llega-al-teatre-goya\\\/\"]}]},{\"@type\":\"ImageObject\",\"inLanguage\":\"ca\",\"@id\":\"https:\\\/\\\/www.focus.cat\\\/es\\\/avui-no-plorare-el-nuevo-espectaculo-de-las-t-de-teatre-llega-al-teatre-goya\\\/#primaryimage\",\"url\":\"https:\\\/\\\/www.focus.cat\\\/wp-content\\\/uploads\\\/2025\\\/12\\\/QUADRAT-WEB-FOCUS-19.png\",\"contentUrl\":\"https:\\\/\\\/www.focus.cat\\\/wp-content\\\/uploads\\\/2025\\\/12\\\/QUADRAT-WEB-FOCUS-19.png\",\"width\":1080,\"height\":1080},{\"@type\":\"WebSite\",\"@id\":\"https:\\\/\\\/www.focus.cat\\\/#website\",\"url\":\"https:\\\/\\\/www.focus.cat\\\/\",\"name\":\"Focus\",\"description\":\"\",\"publisher\":{\"@id\":\"https:\\\/\\\/www.focus.cat\\\/#organization\"},\"potentialAction\":[{\"@type\":\"SearchAction\",\"target\":{\"@type\":\"EntryPoint\",\"urlTemplate\":\"https:\\\/\\\/www.focus.cat\\\/?s={search_term_string}\"},\"query-input\":{\"@type\":\"PropertyValueSpecification\",\"valueRequired\":true,\"valueName\":\"search_term_string\"}}],\"inLanguage\":\"ca\"},{\"@type\":\"Organization\",\"@id\":\"https:\\\/\\\/www.focus.cat\\\/#organization\",\"name\":\"Focus\",\"url\":\"https:\\\/\\\/www.focus.cat\\\/\",\"logo\":{\"@type\":\"ImageObject\",\"inLanguage\":\"ca\",\"@id\":\"https:\\\/\\\/www.focus.cat\\\/#\\\/schema\\\/logo\\\/image\\\/\",\"url\":\"https:\\\/\\\/www.focus.cat\\\/wp-content\\\/uploads\\\/2022\\\/01\\\/logo-focus-any-35.svg\",\"contentUrl\":\"https:\\\/\\\/www.focus.cat\\\/wp-content\\\/uploads\\\/2022\\\/01\\\/logo-focus-any-35.svg\",\"width\":1,\"height\":1,\"caption\":\"Focus\"},\"image\":{\"@id\":\"https:\\\/\\\/www.focus.cat\\\/#\\\/schema\\\/logo\\\/image\\\/\"}},{\"@type\":\"Person\",\"@id\":\"https:\\\/\\\/www.focus.cat\\\/#\\\/schema\\\/person\\\/25787cd8a9f611233a591129d4409df2\",\"name\":\"Lorena Gomez\",\"image\":{\"@type\":\"ImageObject\",\"inLanguage\":\"ca\",\"@id\":\"https:\\\/\\\/secure.gravatar.com\\\/avatar\\\/64d3b83ff659cc3326ce4fabf922d4944da28e324609edbde48590616e9b3a66?s=96&d=mm&r=g\",\"url\":\"https:\\\/\\\/secure.gravatar.com\\\/avatar\\\/64d3b83ff659cc3326ce4fabf922d4944da28e324609edbde48590616e9b3a66?s=96&d=mm&r=g\",\"contentUrl\":\"https:\\\/\\\/secure.gravatar.com\\\/avatar\\\/64d3b83ff659cc3326ce4fabf922d4944da28e324609edbde48590616e9b3a66?s=96&d=mm&r=g\",\"caption\":\"Lorena Gomez\"},\"url\":\"https:\\\/\\\/www.focus.cat\\\/author\\\/lorena-gomez\\\/\"}]}<\/script>\n<!-- \/ Yoast SEO plugin. -->","yoast_head_json":{"title":"AVUI NO PLORAR\u00c9 - El nuevo espect\u00e1culo de las T de Teatre llega al Teatre Goya - Focus","robots":{"index":"index","follow":"follow","max-snippet":"max-snippet:-1","max-image-preview":"max-image-preview:large","max-video-preview":"max-video-preview:-1"},"canonical":"https:\/\/www.focus.cat\/avui-no-plorare-el-nuevo-espectaculo-de-las-t-de-teatre-llega-al-teatre-goya\/","og_locale":"ca_ES","og_type":"article","og_title":"AVUI NO PLORAR\u00c9 - El nuevo espect\u00e1culo de las T de Teatre llega al Teatre Goya - Focus","og_description":"El pr\u00f3ximo 18 de diciembre comienzan las funciones del nuevo espect\u00e1culo de T de Teatre Avui no plorar\u00e9, una comedia \u00e1cida escrita y dirigida por Nelson Valente sobre las relaciones familiares y sobre c\u00f3mo la normalidad queda muy a menudo solo a flor de piel. Una coproducci\u00f3n de T de Teatre y Focus, la obra ... Llegeix m\u00e9s","og_url":"https:\/\/www.focus.cat\/es\/avui-no-plorare-el-nuevo-espectaculo-de-las-t-de-teatre-llega-al-teatre-goya\/","og_site_name":"Focus","article_published_time":"2025-12-03T16:58:10+00:00","og_image":[{"width":1080,"height":1080,"url":"https:\/\/www.focus.cat\/wp-content\/uploads\/2025\/12\/QUADRAT-WEB-FOCUS-19.png","type":"image\/png"}],"author":"Lorena Gomez","twitter_card":"summary_large_image","schema":{"@context":"https:\/\/schema.org","@graph":[{"@type":"Article","@id":"https:\/\/www.focus.cat\/es\/avui-no-plorare-el-nuevo-espectaculo-de-las-t-de-teatre-llega-al-teatre-goya\/#article","isPartOf":{"@id":"https:\/\/www.focus.cat\/es\/avui-no-plorare-el-nuevo-espectaculo-de-las-t-de-teatre-llega-al-teatre-goya\/"},"author":{"name":"Lorena Gomez","@id":"https:\/\/www.focus.cat\/#\/schema\/person\/25787cd8a9f611233a591129d4409df2"},"headline":"AVUI NO PLORAR\u00c9 &#8211; El nuevo espect\u00e1culo de las T de Teatre llega al Teatre Goya","datePublished":"2025-12-03T16:58:10+00:00","mainEntityOfPage":{"@id":"https:\/\/www.focus.cat\/es\/avui-no-plorare-el-nuevo-espectaculo-de-las-t-de-teatre-llega-al-teatre-goya\/"},"wordCount":114,"publisher":{"@id":"https:\/\/www.focus.cat\/#organization"},"image":{"@id":"https:\/\/www.focus.cat\/es\/avui-no-plorare-el-nuevo-espectaculo-de-las-t-de-teatre-llega-al-teatre-goya\/#primaryimage"},"thumbnailUrl":"https:\/\/www.focus.cat\/wp-content\/uploads\/2025\/12\/QUADRAT-WEB-FOCUS-19.png","articleSection":["Noticias"],"inLanguage":"ca"},{"@type":"WebPage","@id":"https:\/\/www.focus.cat\/es\/avui-no-plorare-el-nuevo-espectaculo-de-las-t-de-teatre-llega-al-teatre-goya\/","url":"https:\/\/www.focus.cat\/es\/avui-no-plorare-el-nuevo-espectaculo-de-las-t-de-teatre-llega-al-teatre-goya\/","name":"AVUI NO PLORAR\u00c9 - El nuevo espect\u00e1culo de las T de Teatre llega al Teatre Goya - Focus","isPartOf":{"@id":"https:\/\/www.focus.cat\/#website"},"primaryImageOfPage":{"@id":"https:\/\/www.focus.cat\/es\/avui-no-plorare-el-nuevo-espectaculo-de-las-t-de-teatre-llega-al-teatre-goya\/#primaryimage"},"image":{"@id":"https:\/\/www.focus.cat\/es\/avui-no-plorare-el-nuevo-espectaculo-de-las-t-de-teatre-llega-al-teatre-goya\/#primaryimage"},"thumbnailUrl":"https:\/\/www.focus.cat\/wp-content\/uploads\/2025\/12\/QUADRAT-WEB-FOCUS-19.png","datePublished":"2025-12-03T16:58:10+00:00","inLanguage":"ca","potentialAction":[{"@type":"ReadAction","target":["https:\/\/www.focus.cat\/es\/avui-no-plorare-el-nuevo-espectaculo-de-las-t-de-teatre-llega-al-teatre-goya\/"]}]},{"@type":"ImageObject","inLanguage":"ca","@id":"https:\/\/www.focus.cat\/es\/avui-no-plorare-el-nuevo-espectaculo-de-las-t-de-teatre-llega-al-teatre-goya\/#primaryimage","url":"https:\/\/www.focus.cat\/wp-content\/uploads\/2025\/12\/QUADRAT-WEB-FOCUS-19.png","contentUrl":"https:\/\/www.focus.cat\/wp-content\/uploads\/2025\/12\/QUADRAT-WEB-FOCUS-19.png","width":1080,"height":1080},{"@type":"WebSite","@id":"https:\/\/www.focus.cat\/#website","url":"https:\/\/www.focus.cat\/","name":"Focus","description":"","publisher":{"@id":"https:\/\/www.focus.cat\/#organization"},"potentialAction":[{"@type":"SearchAction","target":{"@type":"EntryPoint","urlTemplate":"https:\/\/www.focus.cat\/?s={search_term_string}"},"query-input":{"@type":"PropertyValueSpecification","valueRequired":true,"valueName":"search_term_string"}}],"inLanguage":"ca"},{"@type":"Organization","@id":"https:\/\/www.focus.cat\/#organization","name":"Focus","url":"https:\/\/www.focus.cat\/","logo":{"@type":"ImageObject","inLanguage":"ca","@id":"https:\/\/www.focus.cat\/#\/schema\/logo\/image\/","url":"https:\/\/www.focus.cat\/wp-content\/uploads\/2022\/01\/logo-focus-any-35.svg","contentUrl":"https:\/\/www.focus.cat\/wp-content\/uploads\/2022\/01\/logo-focus-any-35.svg","width":1,"height":1,"caption":"Focus"},"image":{"@id":"https:\/\/www.focus.cat\/#\/schema\/logo\/image\/"}},{"@type":"Person","@id":"https:\/\/www.focus.cat\/#\/schema\/person\/25787cd8a9f611233a591129d4409df2","name":"Lorena Gomez","image":{"@type":"ImageObject","inLanguage":"ca","@id":"https:\/\/secure.gravatar.com\/avatar\/64d3b83ff659cc3326ce4fabf922d4944da28e324609edbde48590616e9b3a66?s=96&d=mm&r=g","url":"https:\/\/secure.gravatar.com\/avatar\/64d3b83ff659cc3326ce4fabf922d4944da28e324609edbde48590616e9b3a66?s=96&d=mm&r=g","contentUrl":"https:\/\/secure.gravatar.com\/avatar\/64d3b83ff659cc3326ce4fabf922d4944da28e324609edbde48590616e9b3a66?s=96&d=mm&r=g","caption":"Lorena Gomez"},"url":"https:\/\/www.focus.cat\/author\/lorena-gomez\/"}]}},"_links":{"self":[{"href":"https:\/\/www.focus.cat\/wp-json\/wp\/v2\/posts\/25401","targetHints":{"allow":["GET"]}}],"collection":[{"href":"https:\/\/www.focus.cat\/wp-json\/wp\/v2\/posts"}],"about":[{"href":"https:\/\/www.focus.cat\/wp-json\/wp\/v2\/types\/post"}],"author":[{"embeddable":true,"href":"https:\/\/www.focus.cat\/wp-json\/wp\/v2\/users\/17"}],"replies":[{"embeddable":true,"href":"https:\/\/www.focus.cat\/wp-json\/wp\/v2\/comments?post=25401"}],"version-history":[{"count":0,"href":"https:\/\/www.focus.cat\/wp-json\/wp\/v2\/posts\/25401\/revisions"}],"wp:featuredmedia":[{"embeddable":true,"href":"https:\/\/www.focus.cat\/wp-json\/wp\/v2\/media\/25399"}],"wp:attachment":[{"href":"https:\/\/www.focus.cat\/wp-json\/wp\/v2\/media?parent=25401"}],"wp:term":[{"taxonomy":"category","embeddable":true,"href":"https:\/\/www.focus.cat\/wp-json\/wp\/v2\/categories?post=25401"}],"curies":[{"name":"wp","href":"https:\/\/api.w.org\/{rel}","templated":true}]}}