{"id":25410,"date":"2025-12-03T17:04:44","date_gmt":"2025-12-03T17:04:44","guid":{"rendered":"https:\/\/www.focus.cat\/?p=25410"},"modified":"2025-12-03T17:04:44","modified_gmt":"2025-12-03T17:04:44","slug":"terra-alta-la-nueva-serie-coproducida-por-focus-studios","status":"publish","type":"post","link":"https:\/\/www.focus.cat\/es\/terra-alta-la-nueva-serie-coproducida-por-focus-studios\/","title":{"rendered":"TERRA ALTA &#8211; La nueva serie coproducida por Focus Studios"},"content":{"rendered":"<p>La serie<em><strong> Terra Alta<\/strong><\/em>, una adaptaci\u00f3n de la novela hom\u00f3nima de Javier Cercas, galardonada con el Premio Planeta 2019, se estrenar\u00e1 este pr\u00f3ximo jueves 4 de diciembre en <strong>Movistar Plus+<\/strong>.<\/p>\n<p><em><strong>Terra Alta<\/strong><\/em>, coproducida por <strong>Focus Studios<\/strong> y <strong>Secuoya<\/strong>, es un thriller policiaco de seis cap\u00edtulos cuyo punto de partida es el asesinato de dos importantes empresarios en Catalu\u00f1a y en el que un polic\u00eda con un pasado oculto se har\u00e1 cargo de la investigaci\u00f3n de estos cr\u00edmenes.<\/p>\n<p><em><strong>Terra Alta<\/strong><\/em>\u202fcuenta con un elenco art\u00edstico cuidadosamente seleccionado. El reparto est\u00e1 encabezado por Miguel Bernardeau, que interpreta a Melchor Mar\u00edn. Lo acompa\u00f1an Iv\u00e1n Massagu\u00e9, Marta Etura, Bea Segura, Goya Toledo, Pere Ponce, Pablo Derqui, Manel Barcel\u00f3, Jordi Mart\u00ednez y la colaboraci\u00f3n especial de Francesc Orella, entre otros.<\/p>\n<p>La serie est\u00e1 creada por Eligio R. Montero (<em>Bu\u00f1uel en el laberinto de las tortugas<\/em>), dirigida por Eduard Cort\u00e9s (<em>Dime qui\u00e9n soy<\/em>) y escrita por Eligio R. Montero y Carmen L\u00f3pez-Area (<em>La chica invisible<\/em>).<\/p>\n","protected":false},"excerpt":{"rendered":"<p>La serie Terra Alta, una adaptaci\u00f3n de la novela hom\u00f3nima de Javier Cercas, galardonada con el Premio Planeta 2019, se estrenar\u00e1 este pr\u00f3ximo jueves 4 de diciembre en Movistar Plus+. Terra Alta, coproducida por Focus Studios y Secuoya, es un thriller policiaco de seis cap\u00edtulos cuyo punto de partida es el asesinato de dos importantes<a class=\"excerpt-read-more\" href=\"https:\/\/www.focus.cat\/es\/terra-alta-la-nueva-serie-coproducida-por-focus-studios\/\" title=\"LlegeixTERRA ALTA &#8211; La nueva serie coproducida por Focus Studios\"> &#8230; Llegeix m\u00e9s<\/a><\/p>\n","protected":false},"author":17,"featured_media":25408,"comment_status":"closed","ping_status":"closed","sticky":false,"template":"","format":"standard","meta":{"_acf_changed":false,"inline_featured_image":false,"footnotes":""},"categories":[4],"class_list":["post-25410","post","type-post","status-publish","format-standard","has-post-thumbnail","hentry","category-noticias"],"acf":[],"yoast_head":"<!-- This site is optimized with the Yoast SEO plugin v27.4 - https:\/\/yoast.com\/product\/yoast-seo-wordpress\/ -->\n<title>TERRA ALTA - La nueva serie coproducida por Focus Studios - Focus<\/title>\n<meta name=\"robots\" content=\"index, follow, max-snippet:-1, max-image-preview:large, max-video-preview:-1\" \/>\n<link rel=\"canonical\" href=\"https:\/\/www.focus.cat\/terra-alta-la-nueva-serie-coproducida-por-focus-studios\/\" \/>\n<meta property=\"og:locale\" content=\"ca_ES\" \/>\n<meta property=\"og:type\" content=\"article\" \/>\n<meta property=\"og:title\" content=\"TERRA ALTA - La nueva serie coproducida por Focus Studios - Focus\" \/>\n<meta property=\"og:description\" content=\"La serie Terra Alta, una adaptaci\u00f3n de la novela hom\u00f3nima de Javier Cercas, galardonada con el Premio Planeta 2019, se estrenar\u00e1 este pr\u00f3ximo jueves 4 de diciembre en Movistar Plus+. Terra Alta, coproducida por Focus Studios y Secuoya, es un thriller policiaco de seis cap\u00edtulos cuyo punto de partida es el asesinato de dos importantes ... Llegeix m\u00e9s\" \/>\n<meta property=\"og:url\" content=\"https:\/\/www.focus.cat\/es\/terra-alta-la-nueva-serie-coproducida-por-focus-studios\/\" \/>\n<meta property=\"og:site_name\" content=\"Focus\" \/>\n<meta property=\"article:published_time\" content=\"2025-12-03T17:04:44+00:00\" \/>\n<meta property=\"og:image\" content=\"https:\/\/www.focus.cat\/wp-content\/uploads\/2025\/12\/QUADRAT-WEB-FOCUS-20.png\" \/>\n\t<meta property=\"og:image:width\" content=\"1080\" \/>\n\t<meta property=\"og:image:height\" content=\"1080\" \/>\n\t<meta property=\"og:image:type\" content=\"image\/png\" \/>\n<meta name=\"author\" content=\"Lorena Gomez\" \/>\n<meta name=\"twitter:card\" content=\"summary_large_image\" \/>\n<script type=\"application\/ld+json\" class=\"yoast-schema-graph\">{\"@context\":\"https:\\\/\\\/schema.org\",\"@graph\":[{\"@type\":\"Article\",\"@id\":\"https:\\\/\\\/www.focus.cat\\\/es\\\/terra-alta-la-nueva-serie-coproducida-por-focus-studios\\\/#article\",\"isPartOf\":{\"@id\":\"https:\\\/\\\/www.focus.cat\\\/es\\\/terra-alta-la-nueva-serie-coproducida-por-focus-studios\\\/\"},\"author\":{\"name\":\"Lorena Gomez\",\"@id\":\"https:\\\/\\\/www.focus.cat\\\/#\\\/schema\\\/person\\\/25787cd8a9f611233a591129d4409df2\"},\"headline\":\"TERRA ALTA &#8211; La nueva serie coproducida por Focus Studios\",\"datePublished\":\"2025-12-03T17:04:44+00:00\",\"mainEntityOfPage\":{\"@id\":\"https:\\\/\\\/www.focus.cat\\\/es\\\/terra-alta-la-nueva-serie-coproducida-por-focus-studios\\\/\"},\"wordCount\":185,\"publisher\":{\"@id\":\"https:\\\/\\\/www.focus.cat\\\/#organization\"},\"image\":{\"@id\":\"https:\\\/\\\/www.focus.cat\\\/es\\\/terra-alta-la-nueva-serie-coproducida-por-focus-studios\\\/#primaryimage\"},\"thumbnailUrl\":\"https:\\\/\\\/www.focus.cat\\\/wp-content\\\/uploads\\\/2025\\\/12\\\/QUADRAT-WEB-FOCUS-20.png\",\"articleSection\":[\"Noticias\"],\"inLanguage\":\"ca\"},{\"@type\":\"WebPage\",\"@id\":\"https:\\\/\\\/www.focus.cat\\\/es\\\/terra-alta-la-nueva-serie-coproducida-por-focus-studios\\\/\",\"url\":\"https:\\\/\\\/www.focus.cat\\\/es\\\/terra-alta-la-nueva-serie-coproducida-por-focus-studios\\\/\",\"name\":\"TERRA ALTA - La nueva serie coproducida por Focus Studios - Focus\",\"isPartOf\":{\"@id\":\"https:\\\/\\\/www.focus.cat\\\/#website\"},\"primaryImageOfPage\":{\"@id\":\"https:\\\/\\\/www.focus.cat\\\/es\\\/terra-alta-la-nueva-serie-coproducida-por-focus-studios\\\/#primaryimage\"},\"image\":{\"@id\":\"https:\\\/\\\/www.focus.cat\\\/es\\\/terra-alta-la-nueva-serie-coproducida-por-focus-studios\\\/#primaryimage\"},\"thumbnailUrl\":\"https:\\\/\\\/www.focus.cat\\\/wp-content\\\/uploads\\\/2025\\\/12\\\/QUADRAT-WEB-FOCUS-20.png\",\"datePublished\":\"2025-12-03T17:04:44+00:00\",\"inLanguage\":\"ca\",\"potentialAction\":[{\"@type\":\"ReadAction\",\"target\":[\"https:\\\/\\\/www.focus.cat\\\/es\\\/terra-alta-la-nueva-serie-coproducida-por-focus-studios\\\/\"]}]},{\"@type\":\"ImageObject\",\"inLanguage\":\"ca\",\"@id\":\"https:\\\/\\\/www.focus.cat\\\/es\\\/terra-alta-la-nueva-serie-coproducida-por-focus-studios\\\/#primaryimage\",\"url\":\"https:\\\/\\\/www.focus.cat\\\/wp-content\\\/uploads\\\/2025\\\/12\\\/QUADRAT-WEB-FOCUS-20.png\",\"contentUrl\":\"https:\\\/\\\/www.focus.cat\\\/wp-content\\\/uploads\\\/2025\\\/12\\\/QUADRAT-WEB-FOCUS-20.png\",\"width\":1080,\"height\":1080},{\"@type\":\"WebSite\",\"@id\":\"https:\\\/\\\/www.focus.cat\\\/#website\",\"url\":\"https:\\\/\\\/www.focus.cat\\\/\",\"name\":\"Focus\",\"description\":\"\",\"publisher\":{\"@id\":\"https:\\\/\\\/www.focus.cat\\\/#organization\"},\"potentialAction\":[{\"@type\":\"SearchAction\",\"target\":{\"@type\":\"EntryPoint\",\"urlTemplate\":\"https:\\\/\\\/www.focus.cat\\\/?s={search_term_string}\"},\"query-input\":{\"@type\":\"PropertyValueSpecification\",\"valueRequired\":true,\"valueName\":\"search_term_string\"}}],\"inLanguage\":\"ca\"},{\"@type\":\"Organization\",\"@id\":\"https:\\\/\\\/www.focus.cat\\\/#organization\",\"name\":\"Focus\",\"url\":\"https:\\\/\\\/www.focus.cat\\\/\",\"logo\":{\"@type\":\"ImageObject\",\"inLanguage\":\"ca\",\"@id\":\"https:\\\/\\\/www.focus.cat\\\/#\\\/schema\\\/logo\\\/image\\\/\",\"url\":\"https:\\\/\\\/www.focus.cat\\\/wp-content\\\/uploads\\\/2022\\\/01\\\/logo-focus-any-35.svg\",\"contentUrl\":\"https:\\\/\\\/www.focus.cat\\\/wp-content\\\/uploads\\\/2022\\\/01\\\/logo-focus-any-35.svg\",\"width\":1,\"height\":1,\"caption\":\"Focus\"},\"image\":{\"@id\":\"https:\\\/\\\/www.focus.cat\\\/#\\\/schema\\\/logo\\\/image\\\/\"}},{\"@type\":\"Person\",\"@id\":\"https:\\\/\\\/www.focus.cat\\\/#\\\/schema\\\/person\\\/25787cd8a9f611233a591129d4409df2\",\"name\":\"Lorena Gomez\",\"image\":{\"@type\":\"ImageObject\",\"inLanguage\":\"ca\",\"@id\":\"https:\\\/\\\/secure.gravatar.com\\\/avatar\\\/64d3b83ff659cc3326ce4fabf922d4944da28e324609edbde48590616e9b3a66?s=96&d=mm&r=g\",\"url\":\"https:\\\/\\\/secure.gravatar.com\\\/avatar\\\/64d3b83ff659cc3326ce4fabf922d4944da28e324609edbde48590616e9b3a66?s=96&d=mm&r=g\",\"contentUrl\":\"https:\\\/\\\/secure.gravatar.com\\\/avatar\\\/64d3b83ff659cc3326ce4fabf922d4944da28e324609edbde48590616e9b3a66?s=96&d=mm&r=g\",\"caption\":\"Lorena Gomez\"},\"url\":\"https:\\\/\\\/www.focus.cat\\\/author\\\/lorena-gomez\\\/\"}]}<\/script>\n<!-- \/ Yoast SEO plugin. -->","yoast_head_json":{"title":"TERRA ALTA - La nueva serie coproducida por Focus Studios - Focus","robots":{"index":"index","follow":"follow","max-snippet":"max-snippet:-1","max-image-preview":"max-image-preview:large","max-video-preview":"max-video-preview:-1"},"canonical":"https:\/\/www.focus.cat\/terra-alta-la-nueva-serie-coproducida-por-focus-studios\/","og_locale":"ca_ES","og_type":"article","og_title":"TERRA ALTA - La nueva serie coproducida por Focus Studios - Focus","og_description":"La serie Terra Alta, una adaptaci\u00f3n de la novela hom\u00f3nima de Javier Cercas, galardonada con el Premio Planeta 2019, se estrenar\u00e1 este pr\u00f3ximo jueves 4 de diciembre en Movistar Plus+. Terra Alta, coproducida por Focus Studios y Secuoya, es un thriller policiaco de seis cap\u00edtulos cuyo punto de partida es el asesinato de dos importantes ... Llegeix m\u00e9s","og_url":"https:\/\/www.focus.cat\/es\/terra-alta-la-nueva-serie-coproducida-por-focus-studios\/","og_site_name":"Focus","article_published_time":"2025-12-03T17:04:44+00:00","og_image":[{"width":1080,"height":1080,"url":"https:\/\/www.focus.cat\/wp-content\/uploads\/2025\/12\/QUADRAT-WEB-FOCUS-20.png","type":"image\/png"}],"author":"Lorena Gomez","twitter_card":"summary_large_image","schema":{"@context":"https:\/\/schema.org","@graph":[{"@type":"Article","@id":"https:\/\/www.focus.cat\/es\/terra-alta-la-nueva-serie-coproducida-por-focus-studios\/#article","isPartOf":{"@id":"https:\/\/www.focus.cat\/es\/terra-alta-la-nueva-serie-coproducida-por-focus-studios\/"},"author":{"name":"Lorena Gomez","@id":"https:\/\/www.focus.cat\/#\/schema\/person\/25787cd8a9f611233a591129d4409df2"},"headline":"TERRA ALTA &#8211; La nueva serie coproducida por Focus Studios","datePublished":"2025-12-03T17:04:44+00:00","mainEntityOfPage":{"@id":"https:\/\/www.focus.cat\/es\/terra-alta-la-nueva-serie-coproducida-por-focus-studios\/"},"wordCount":185,"publisher":{"@id":"https:\/\/www.focus.cat\/#organization"},"image":{"@id":"https:\/\/www.focus.cat\/es\/terra-alta-la-nueva-serie-coproducida-por-focus-studios\/#primaryimage"},"thumbnailUrl":"https:\/\/www.focus.cat\/wp-content\/uploads\/2025\/12\/QUADRAT-WEB-FOCUS-20.png","articleSection":["Noticias"],"inLanguage":"ca"},{"@type":"WebPage","@id":"https:\/\/www.focus.cat\/es\/terra-alta-la-nueva-serie-coproducida-por-focus-studios\/","url":"https:\/\/www.focus.cat\/es\/terra-alta-la-nueva-serie-coproducida-por-focus-studios\/","name":"TERRA ALTA - La nueva serie coproducida por Focus Studios - Focus","isPartOf":{"@id":"https:\/\/www.focus.cat\/#website"},"primaryImageOfPage":{"@id":"https:\/\/www.focus.cat\/es\/terra-alta-la-nueva-serie-coproducida-por-focus-studios\/#primaryimage"},"image":{"@id":"https:\/\/www.focus.cat\/es\/terra-alta-la-nueva-serie-coproducida-por-focus-studios\/#primaryimage"},"thumbnailUrl":"https:\/\/www.focus.cat\/wp-content\/uploads\/2025\/12\/QUADRAT-WEB-FOCUS-20.png","datePublished":"2025-12-03T17:04:44+00:00","inLanguage":"ca","potentialAction":[{"@type":"ReadAction","target":["https:\/\/www.focus.cat\/es\/terra-alta-la-nueva-serie-coproducida-por-focus-studios\/"]}]},{"@type":"ImageObject","inLanguage":"ca","@id":"https:\/\/www.focus.cat\/es\/terra-alta-la-nueva-serie-coproducida-por-focus-studios\/#primaryimage","url":"https:\/\/www.focus.cat\/wp-content\/uploads\/2025\/12\/QUADRAT-WEB-FOCUS-20.png","contentUrl":"https:\/\/www.focus.cat\/wp-content\/uploads\/2025\/12\/QUADRAT-WEB-FOCUS-20.png","width":1080,"height":1080},{"@type":"WebSite","@id":"https:\/\/www.focus.cat\/#website","url":"https:\/\/www.focus.cat\/","name":"Focus","description":"","publisher":{"@id":"https:\/\/www.focus.cat\/#organization"},"potentialAction":[{"@type":"SearchAction","target":{"@type":"EntryPoint","urlTemplate":"https:\/\/www.focus.cat\/?s={search_term_string}"},"query-input":{"@type":"PropertyValueSpecification","valueRequired":true,"valueName":"search_term_string"}}],"inLanguage":"ca"},{"@type":"Organization","@id":"https:\/\/www.focus.cat\/#organization","name":"Focus","url":"https:\/\/www.focus.cat\/","logo":{"@type":"ImageObject","inLanguage":"ca","@id":"https:\/\/www.focus.cat\/#\/schema\/logo\/image\/","url":"https:\/\/www.focus.cat\/wp-content\/uploads\/2022\/01\/logo-focus-any-35.svg","contentUrl":"https:\/\/www.focus.cat\/wp-content\/uploads\/2022\/01\/logo-focus-any-35.svg","width":1,"height":1,"caption":"Focus"},"image":{"@id":"https:\/\/www.focus.cat\/#\/schema\/logo\/image\/"}},{"@type":"Person","@id":"https:\/\/www.focus.cat\/#\/schema\/person\/25787cd8a9f611233a591129d4409df2","name":"Lorena Gomez","image":{"@type":"ImageObject","inLanguage":"ca","@id":"https:\/\/secure.gravatar.com\/avatar\/64d3b83ff659cc3326ce4fabf922d4944da28e324609edbde48590616e9b3a66?s=96&d=mm&r=g","url":"https:\/\/secure.gravatar.com\/avatar\/64d3b83ff659cc3326ce4fabf922d4944da28e324609edbde48590616e9b3a66?s=96&d=mm&r=g","contentUrl":"https:\/\/secure.gravatar.com\/avatar\/64d3b83ff659cc3326ce4fabf922d4944da28e324609edbde48590616e9b3a66?s=96&d=mm&r=g","caption":"Lorena Gomez"},"url":"https:\/\/www.focus.cat\/author\/lorena-gomez\/"}]}},"_links":{"self":[{"href":"https:\/\/www.focus.cat\/wp-json\/wp\/v2\/posts\/25410","targetHints":{"allow":["GET"]}}],"collection":[{"href":"https:\/\/www.focus.cat\/wp-json\/wp\/v2\/posts"}],"about":[{"href":"https:\/\/www.focus.cat\/wp-json\/wp\/v2\/types\/post"}],"author":[{"embeddable":true,"href":"https:\/\/www.focus.cat\/wp-json\/wp\/v2\/users\/17"}],"replies":[{"embeddable":true,"href":"https:\/\/www.focus.cat\/wp-json\/wp\/v2\/comments?post=25410"}],"version-history":[{"count":0,"href":"https:\/\/www.focus.cat\/wp-json\/wp\/v2\/posts\/25410\/revisions"}],"wp:featuredmedia":[{"embeddable":true,"href":"https:\/\/www.focus.cat\/wp-json\/wp\/v2\/media\/25408"}],"wp:attachment":[{"href":"https:\/\/www.focus.cat\/wp-json\/wp\/v2\/media?parent=25410"}],"wp:term":[{"taxonomy":"category","embeddable":true,"href":"https:\/\/www.focus.cat\/wp-json\/wp\/v2\/categories?post=25410"}],"curies":[{"name":"wp","href":"https:\/\/api.w.org\/{rel}","templated":true}]}}