{"id":25828,"date":"2026-01-15T15:34:42","date_gmt":"2026-01-15T15:34:42","guid":{"rendered":"https:\/\/www.focus.cat\/?p=25828"},"modified":"2026-02-11T12:45:55","modified_gmt":"2026-02-11T12:45:55","slug":"vania-un-monologo-protagonizado-por-joel-joan","status":"publish","type":"post","link":"https:\/\/www.focus.cat\/es\/vania-un-monologo-protagonizado-por-joel-joan\/","title":{"rendered":"V\u00c0NIA \u2013 Un mon\u00f3logo protagonizado por Joel Joan"},"content":{"rendered":"<p>El pr\u00f3ximo 24 de febrero, llega al <a href=\"https:\/\/www.teatreromea.cat\/es\/ex\/vania\/\">Teatre Romea<\/a> <em>V\u00e0nia<\/em>, una revisi\u00f3n contempor\u00e1nea del cl\u00e1sico de Ch\u00e9jov protagonizada por Joel Joan y dirigida por Nelson Valente. <em>V\u00e0nia<\/em> es una versi\u00f3n en formato mon\u00f3logo del texto de Simon Stephens que ha tenido una gran acogida internacional, con una producci\u00f3n en el West End de Londres, protagonizada por Andrew Scott y galardonada con el WhatsOnStage Award a Best Revival y el Olivier Award a Best Revival.<\/p>\n<p><img decoding=\"async\" class=\"wp-image-26382 aligncenter\" src=\"https:\/\/www.focus.cat\/wp-content\/uploads\/2026\/01\/PORTADA-VIDEO_vania-1124x632.jpg\" alt=\"\" width=\"887\" height=\"499\" srcset=\"https:\/\/www.focus.cat\/wp-content\/uploads\/2026\/01\/PORTADA-VIDEO_vania-1124x632.jpg 1124w, https:\/\/www.focus.cat\/wp-content\/uploads\/2026\/01\/PORTADA-VIDEO_vania-300x169.jpg 300w, https:\/\/www.focus.cat\/wp-content\/uploads\/2026\/01\/PORTADA-VIDEO_vania-150x84.jpg 150w, https:\/\/www.focus.cat\/wp-content\/uploads\/2026\/01\/PORTADA-VIDEO_vania-800x450.jpg 800w, https:\/\/www.focus.cat\/wp-content\/uploads\/2026\/01\/PORTADA-VIDEO_vania-1536x864.jpg 1536w, https:\/\/www.focus.cat\/wp-content\/uploads\/2026\/01\/PORTADA-VIDEO_vania-1500x844.jpg 1500w, https:\/\/www.focus.cat\/wp-content\/uploads\/2026\/01\/PORTADA-VIDEO_vania.jpg 1920w\" sizes=\"(max-width: 887px) 100vw, 887px\" \/><\/p>\n","protected":false},"excerpt":{"rendered":"<p>El pr\u00f3ximo 24 de febrero, llega al Teatre Romea V\u00e0nia, una revisi\u00f3n contempor\u00e1nea del cl\u00e1sico de Ch\u00e9jov protagonizada por Joel Joan y dirigida por Nelson Valente. V\u00e0nia es una versi\u00f3n en formato mon\u00f3logo del texto de Simon Stephens que ha tenido una gran acogida internacional, con una producci\u00f3n en el West End de Londres, protagonizada<a class=\"excerpt-read-more\" href=\"https:\/\/www.focus.cat\/es\/vania-un-monologo-protagonizado-por-joel-joan\/\" title=\"LlegeixV\u00c0NIA \u2013 Un mon\u00f3logo protagonizado por Joel Joan\"> &#8230; Llegeix m\u00e9s<\/a><\/p>\n","protected":false},"author":20,"featured_media":26376,"comment_status":"closed","ping_status":"closed","sticky":false,"template":"","format":"standard","meta":{"_acf_changed":false,"inline_featured_image":false,"footnotes":""},"categories":[4],"class_list":["post-25828","post","type-post","status-publish","format-standard","has-post-thumbnail","hentry","category-noticias"],"acf":[],"yoast_head":"<!-- This site is optimized with the Yoast SEO plugin v27.5 - https:\/\/yoast.com\/product\/yoast-seo-wordpress\/ -->\n<title>V\u00c0NIA \u2013 Un mon\u00f3logo protagonizado por Joel Joan - Focus<\/title>\n<meta name=\"robots\" content=\"index, follow, max-snippet:-1, max-image-preview:large, max-video-preview:-1\" \/>\n<link rel=\"canonical\" href=\"https:\/\/www.focus.cat\/vania-un-monologo-protagonizado-por-joel-joan\/\" \/>\n<meta property=\"og:locale\" content=\"ca_ES\" \/>\n<meta property=\"og:type\" content=\"article\" \/>\n<meta property=\"og:title\" content=\"V\u00c0NIA \u2013 Un mon\u00f3logo protagonizado por Joel Joan - Focus\" \/>\n<meta property=\"og:description\" content=\"El pr\u00f3ximo 24 de febrero, llega al Teatre Romea V\u00e0nia, una revisi\u00f3n contempor\u00e1nea del cl\u00e1sico de Ch\u00e9jov protagonizada por Joel Joan y dirigida por Nelson Valente. V\u00e0nia es una versi\u00f3n en formato mon\u00f3logo del texto de Simon Stephens que ha tenido una gran acogida internacional, con una producci\u00f3n en el West End de Londres, protagonizada ... Llegeix m\u00e9s\" \/>\n<meta property=\"og:url\" content=\"https:\/\/www.focus.cat\/es\/vania-un-monologo-protagonizado-por-joel-joan\/\" \/>\n<meta property=\"og:site_name\" content=\"Focus\" \/>\n<meta property=\"article:published_time\" content=\"2026-01-15T15:34:42+00:00\" \/>\n<meta property=\"article:modified_time\" content=\"2026-02-11T12:45:55+00:00\" \/>\n<meta property=\"og:image\" content=\"https:\/\/www.focus.cat\/wp-content\/uploads\/2026\/01\/QUADRAT-WEB-FOCUS-39.png\" \/>\n\t<meta property=\"og:image:width\" content=\"1080\" \/>\n\t<meta property=\"og:image:height\" content=\"1080\" \/>\n\t<meta property=\"og:image:type\" content=\"image\/png\" \/>\n<meta name=\"author\" content=\"Anna P\u00e9rez\" \/>\n<meta name=\"twitter:card\" content=\"summary_large_image\" \/>\n<script type=\"application\/ld+json\" class=\"yoast-schema-graph\">{\"@context\":\"https:\\\/\\\/schema.org\",\"@graph\":[{\"@type\":\"Article\",\"@id\":\"https:\\\/\\\/www.focus.cat\\\/es\\\/vania-un-monologo-protagonizado-por-joel-joan\\\/#article\",\"isPartOf\":{\"@id\":\"https:\\\/\\\/www.focus.cat\\\/es\\\/vania-un-monologo-protagonizado-por-joel-joan\\\/\"},\"author\":{\"name\":\"Anna P\u00e9rez\",\"@id\":\"https:\\\/\\\/www.focus.cat\\\/#\\\/schema\\\/person\\\/9e66abd668dd0c1279ae3914c3d74f90\"},\"headline\":\"V\u00c0NIA \u2013 Un mon\u00f3logo protagonizado por Joel Joan\",\"datePublished\":\"2026-01-15T15:34:42+00:00\",\"dateModified\":\"2026-02-11T12:45:55+00:00\",\"mainEntityOfPage\":{\"@id\":\"https:\\\/\\\/www.focus.cat\\\/es\\\/vania-un-monologo-protagonizado-por-joel-joan\\\/\"},\"wordCount\":92,\"publisher\":{\"@id\":\"https:\\\/\\\/www.focus.cat\\\/#organization\"},\"image\":{\"@id\":\"https:\\\/\\\/www.focus.cat\\\/es\\\/vania-un-monologo-protagonizado-por-joel-joan\\\/#primaryimage\"},\"thumbnailUrl\":\"https:\\\/\\\/www.focus.cat\\\/wp-content\\\/uploads\\\/2026\\\/01\\\/QUADRAT-WEB-FOCUS-39.png\",\"articleSection\":[\"Noticias\"],\"inLanguage\":\"ca\"},{\"@type\":\"WebPage\",\"@id\":\"https:\\\/\\\/www.focus.cat\\\/es\\\/vania-un-monologo-protagonizado-por-joel-joan\\\/\",\"url\":\"https:\\\/\\\/www.focus.cat\\\/es\\\/vania-un-monologo-protagonizado-por-joel-joan\\\/\",\"name\":\"V\u00c0NIA \u2013 Un mon\u00f3logo protagonizado por Joel Joan - Focus\",\"isPartOf\":{\"@id\":\"https:\\\/\\\/www.focus.cat\\\/#website\"},\"primaryImageOfPage\":{\"@id\":\"https:\\\/\\\/www.focus.cat\\\/es\\\/vania-un-monologo-protagonizado-por-joel-joan\\\/#primaryimage\"},\"image\":{\"@id\":\"https:\\\/\\\/www.focus.cat\\\/es\\\/vania-un-monologo-protagonizado-por-joel-joan\\\/#primaryimage\"},\"thumbnailUrl\":\"https:\\\/\\\/www.focus.cat\\\/wp-content\\\/uploads\\\/2026\\\/01\\\/QUADRAT-WEB-FOCUS-39.png\",\"datePublished\":\"2026-01-15T15:34:42+00:00\",\"dateModified\":\"2026-02-11T12:45:55+00:00\",\"inLanguage\":\"ca\",\"potentialAction\":[{\"@type\":\"ReadAction\",\"target\":[\"https:\\\/\\\/www.focus.cat\\\/es\\\/vania-un-monologo-protagonizado-por-joel-joan\\\/\"]}]},{\"@type\":\"ImageObject\",\"inLanguage\":\"ca\",\"@id\":\"https:\\\/\\\/www.focus.cat\\\/es\\\/vania-un-monologo-protagonizado-por-joel-joan\\\/#primaryimage\",\"url\":\"https:\\\/\\\/www.focus.cat\\\/wp-content\\\/uploads\\\/2026\\\/01\\\/QUADRAT-WEB-FOCUS-39.png\",\"contentUrl\":\"https:\\\/\\\/www.focus.cat\\\/wp-content\\\/uploads\\\/2026\\\/01\\\/QUADRAT-WEB-FOCUS-39.png\",\"width\":1080,\"height\":1080},{\"@type\":\"WebSite\",\"@id\":\"https:\\\/\\\/www.focus.cat\\\/#website\",\"url\":\"https:\\\/\\\/www.focus.cat\\\/\",\"name\":\"Focus\",\"description\":\"\",\"publisher\":{\"@id\":\"https:\\\/\\\/www.focus.cat\\\/#organization\"},\"potentialAction\":[{\"@type\":\"SearchAction\",\"target\":{\"@type\":\"EntryPoint\",\"urlTemplate\":\"https:\\\/\\\/www.focus.cat\\\/?s={search_term_string}\"},\"query-input\":{\"@type\":\"PropertyValueSpecification\",\"valueRequired\":true,\"valueName\":\"search_term_string\"}}],\"inLanguage\":\"ca\"},{\"@type\":\"Organization\",\"@id\":\"https:\\\/\\\/www.focus.cat\\\/#organization\",\"name\":\"Focus\",\"url\":\"https:\\\/\\\/www.focus.cat\\\/\",\"logo\":{\"@type\":\"ImageObject\",\"inLanguage\":\"ca\",\"@id\":\"https:\\\/\\\/www.focus.cat\\\/#\\\/schema\\\/logo\\\/image\\\/\",\"url\":\"https:\\\/\\\/www.focus.cat\\\/wp-content\\\/uploads\\\/2022\\\/01\\\/logo-focus-any-35.svg\",\"contentUrl\":\"https:\\\/\\\/www.focus.cat\\\/wp-content\\\/uploads\\\/2022\\\/01\\\/logo-focus-any-35.svg\",\"width\":1,\"height\":1,\"caption\":\"Focus\"},\"image\":{\"@id\":\"https:\\\/\\\/www.focus.cat\\\/#\\\/schema\\\/logo\\\/image\\\/\"}},{\"@type\":\"Person\",\"@id\":\"https:\\\/\\\/www.focus.cat\\\/#\\\/schema\\\/person\\\/9e66abd668dd0c1279ae3914c3d74f90\",\"name\":\"Anna P\u00e9rez\",\"image\":{\"@type\":\"ImageObject\",\"inLanguage\":\"ca\",\"@id\":\"https:\\\/\\\/secure.gravatar.com\\\/avatar\\\/5dbe7a45b452a34f066c1aff3317898a63481e4439c4015a48149f6288b5280d?s=96&d=mm&r=g\",\"url\":\"https:\\\/\\\/secure.gravatar.com\\\/avatar\\\/5dbe7a45b452a34f066c1aff3317898a63481e4439c4015a48149f6288b5280d?s=96&d=mm&r=g\",\"contentUrl\":\"https:\\\/\\\/secure.gravatar.com\\\/avatar\\\/5dbe7a45b452a34f066c1aff3317898a63481e4439c4015a48149f6288b5280d?s=96&d=mm&r=g\",\"caption\":\"Anna P\u00e9rez\"},\"url\":\"https:\\\/\\\/www.focus.cat\\\/author\\\/anna-perez\\\/\"}]}<\/script>\n<!-- \/ Yoast SEO plugin. -->","yoast_head_json":{"title":"V\u00c0NIA \u2013 Un mon\u00f3logo protagonizado por Joel Joan - Focus","robots":{"index":"index","follow":"follow","max-snippet":"max-snippet:-1","max-image-preview":"max-image-preview:large","max-video-preview":"max-video-preview:-1"},"canonical":"https:\/\/www.focus.cat\/vania-un-monologo-protagonizado-por-joel-joan\/","og_locale":"ca_ES","og_type":"article","og_title":"V\u00c0NIA \u2013 Un mon\u00f3logo protagonizado por Joel Joan - Focus","og_description":"El pr\u00f3ximo 24 de febrero, llega al Teatre Romea V\u00e0nia, una revisi\u00f3n contempor\u00e1nea del cl\u00e1sico de Ch\u00e9jov protagonizada por Joel Joan y dirigida por Nelson Valente. V\u00e0nia es una versi\u00f3n en formato mon\u00f3logo del texto de Simon Stephens que ha tenido una gran acogida internacional, con una producci\u00f3n en el West End de Londres, protagonizada ... Llegeix m\u00e9s","og_url":"https:\/\/www.focus.cat\/es\/vania-un-monologo-protagonizado-por-joel-joan\/","og_site_name":"Focus","article_published_time":"2026-01-15T15:34:42+00:00","article_modified_time":"2026-02-11T12:45:55+00:00","og_image":[{"width":1080,"height":1080,"url":"https:\/\/www.focus.cat\/wp-content\/uploads\/2026\/01\/QUADRAT-WEB-FOCUS-39.png","type":"image\/png"}],"author":"Anna P\u00e9rez","twitter_card":"summary_large_image","schema":{"@context":"https:\/\/schema.org","@graph":[{"@type":"Article","@id":"https:\/\/www.focus.cat\/es\/vania-un-monologo-protagonizado-por-joel-joan\/#article","isPartOf":{"@id":"https:\/\/www.focus.cat\/es\/vania-un-monologo-protagonizado-por-joel-joan\/"},"author":{"name":"Anna P\u00e9rez","@id":"https:\/\/www.focus.cat\/#\/schema\/person\/9e66abd668dd0c1279ae3914c3d74f90"},"headline":"V\u00c0NIA \u2013 Un mon\u00f3logo protagonizado por Joel Joan","datePublished":"2026-01-15T15:34:42+00:00","dateModified":"2026-02-11T12:45:55+00:00","mainEntityOfPage":{"@id":"https:\/\/www.focus.cat\/es\/vania-un-monologo-protagonizado-por-joel-joan\/"},"wordCount":92,"publisher":{"@id":"https:\/\/www.focus.cat\/#organization"},"image":{"@id":"https:\/\/www.focus.cat\/es\/vania-un-monologo-protagonizado-por-joel-joan\/#primaryimage"},"thumbnailUrl":"https:\/\/www.focus.cat\/wp-content\/uploads\/2026\/01\/QUADRAT-WEB-FOCUS-39.png","articleSection":["Noticias"],"inLanguage":"ca"},{"@type":"WebPage","@id":"https:\/\/www.focus.cat\/es\/vania-un-monologo-protagonizado-por-joel-joan\/","url":"https:\/\/www.focus.cat\/es\/vania-un-monologo-protagonizado-por-joel-joan\/","name":"V\u00c0NIA \u2013 Un mon\u00f3logo protagonizado por Joel Joan - Focus","isPartOf":{"@id":"https:\/\/www.focus.cat\/#website"},"primaryImageOfPage":{"@id":"https:\/\/www.focus.cat\/es\/vania-un-monologo-protagonizado-por-joel-joan\/#primaryimage"},"image":{"@id":"https:\/\/www.focus.cat\/es\/vania-un-monologo-protagonizado-por-joel-joan\/#primaryimage"},"thumbnailUrl":"https:\/\/www.focus.cat\/wp-content\/uploads\/2026\/01\/QUADRAT-WEB-FOCUS-39.png","datePublished":"2026-01-15T15:34:42+00:00","dateModified":"2026-02-11T12:45:55+00:00","inLanguage":"ca","potentialAction":[{"@type":"ReadAction","target":["https:\/\/www.focus.cat\/es\/vania-un-monologo-protagonizado-por-joel-joan\/"]}]},{"@type":"ImageObject","inLanguage":"ca","@id":"https:\/\/www.focus.cat\/es\/vania-un-monologo-protagonizado-por-joel-joan\/#primaryimage","url":"https:\/\/www.focus.cat\/wp-content\/uploads\/2026\/01\/QUADRAT-WEB-FOCUS-39.png","contentUrl":"https:\/\/www.focus.cat\/wp-content\/uploads\/2026\/01\/QUADRAT-WEB-FOCUS-39.png","width":1080,"height":1080},{"@type":"WebSite","@id":"https:\/\/www.focus.cat\/#website","url":"https:\/\/www.focus.cat\/","name":"Focus","description":"","publisher":{"@id":"https:\/\/www.focus.cat\/#organization"},"potentialAction":[{"@type":"SearchAction","target":{"@type":"EntryPoint","urlTemplate":"https:\/\/www.focus.cat\/?s={search_term_string}"},"query-input":{"@type":"PropertyValueSpecification","valueRequired":true,"valueName":"search_term_string"}}],"inLanguage":"ca"},{"@type":"Organization","@id":"https:\/\/www.focus.cat\/#organization","name":"Focus","url":"https:\/\/www.focus.cat\/","logo":{"@type":"ImageObject","inLanguage":"ca","@id":"https:\/\/www.focus.cat\/#\/schema\/logo\/image\/","url":"https:\/\/www.focus.cat\/wp-content\/uploads\/2022\/01\/logo-focus-any-35.svg","contentUrl":"https:\/\/www.focus.cat\/wp-content\/uploads\/2022\/01\/logo-focus-any-35.svg","width":1,"height":1,"caption":"Focus"},"image":{"@id":"https:\/\/www.focus.cat\/#\/schema\/logo\/image\/"}},{"@type":"Person","@id":"https:\/\/www.focus.cat\/#\/schema\/person\/9e66abd668dd0c1279ae3914c3d74f90","name":"Anna P\u00e9rez","image":{"@type":"ImageObject","inLanguage":"ca","@id":"https:\/\/secure.gravatar.com\/avatar\/5dbe7a45b452a34f066c1aff3317898a63481e4439c4015a48149f6288b5280d?s=96&d=mm&r=g","url":"https:\/\/secure.gravatar.com\/avatar\/5dbe7a45b452a34f066c1aff3317898a63481e4439c4015a48149f6288b5280d?s=96&d=mm&r=g","contentUrl":"https:\/\/secure.gravatar.com\/avatar\/5dbe7a45b452a34f066c1aff3317898a63481e4439c4015a48149f6288b5280d?s=96&d=mm&r=g","caption":"Anna P\u00e9rez"},"url":"https:\/\/www.focus.cat\/author\/anna-perez\/"}]}},"_links":{"self":[{"href":"https:\/\/www.focus.cat\/wp-json\/wp\/v2\/posts\/25828","targetHints":{"allow":["GET"]}}],"collection":[{"href":"https:\/\/www.focus.cat\/wp-json\/wp\/v2\/posts"}],"about":[{"href":"https:\/\/www.focus.cat\/wp-json\/wp\/v2\/types\/post"}],"author":[{"embeddable":true,"href":"https:\/\/www.focus.cat\/wp-json\/wp\/v2\/users\/20"}],"replies":[{"embeddable":true,"href":"https:\/\/www.focus.cat\/wp-json\/wp\/v2\/comments?post=25828"}],"version-history":[{"count":0,"href":"https:\/\/www.focus.cat\/wp-json\/wp\/v2\/posts\/25828\/revisions"}],"wp:featuredmedia":[{"embeddable":true,"href":"https:\/\/www.focus.cat\/wp-json\/wp\/v2\/media\/26376"}],"wp:attachment":[{"href":"https:\/\/www.focus.cat\/wp-json\/wp\/v2\/media?parent=25828"}],"wp:term":[{"taxonomy":"category","embeddable":true,"href":"https:\/\/www.focus.cat\/wp-json\/wp\/v2\/categories?post=25828"}],"curies":[{"name":"wp","href":"https:\/\/api.w.org\/{rel}","templated":true}]}}