{"id":25885,"date":"2026-01-20T10:46:00","date_gmt":"2026-01-20T10:46:00","guid":{"rendered":"https:\/\/www.focus.cat\/?p=25885"},"modified":"2026-01-21T14:13:02","modified_gmt":"2026-01-21T14:13:02","slug":"focus-inicia-las-celebraciones-de-su-40-o-aniversario-presentando-oficialmente-el-proyecto-genesis","status":"publish","type":"post","link":"https:\/\/www.focus.cat\/es\/focus-inicia-las-celebraciones-de-su-40-o-aniversario-presentando-oficialmente-el-proyecto-genesis\/","title":{"rendered":"Focus inicia las celebraciones de su 40.\u00ba aniversario presentando oficialmente el Proyecto G\u00e9nesis"},"content":{"rendered":"<p>Ayer, lunes 19 de enero, en su sede central de la calle \u00c1vila, Focus conmemor\u00f3 sus <a href=\"https:\/\/youtu.be\/fJFlVDeKvH0\">40 a\u00f1os de actividad con un acto p\u00fablico<\/a> que sirvi\u00f3 para repasar la trayectoria del grupo y presentar oficialmente\u00a0<strong>G\u00e9nesis<\/strong>, el proyecto de transformaci\u00f3n de la compa\u00f1\u00eda para los pr\u00f3ximos a\u00f1os.<\/p>\n<p>La ceremonia cont\u00f3 con la presencia de representantes institucionales, como el presidente de la Generalitat, Salvador Illa, y el alcalde de Barcelona, Jaume\u00a0Collboni, as\u00ed como de diversas personalidades del mundo de la cultura. El acto estuvo conducido por Daniel Mart\u00ednez de Obreg\u00f3n, presidente del\u00a0Grup\u00a0Focus; Isabel Vidal, directora general; y Cesar Mart\u00ednez, director general de Artes y Contenidos.<\/p>\n<p>En el marco del aniversario, Focus reivindic\u00f3 los valores fundacionales del proyecto, nacido en 1986 como una empresa cultural vinculada a la vocaci\u00f3n art\u00edstica y con voluntad de continuidad, independencia y responsabilidad social. El grupo resumi\u00f3 tambi\u00e9n su recorrido con datos de actividad y dimensi\u00f3n empresarial, con 18 empresas y cientos de producciones y servicios vinculados al \u00e1mbito esc\u00e9nico y audiovisual.<\/p>\n<p>La principal novedad fue el impulso de\u00a0<strong>G\u00e9nesis<\/strong>, un plan de renovaci\u00f3n integral de la sede con una inversi\u00f3n de 11 millones de euros y un plazo aproximado de 20 meses de obras, que duplicar\u00e1 la superficie del edificio hasta los 6.000 m\u00b2 para convertirlo en un nuevo equipamiento cultural. El proyecto incluir\u00e1 un teatro con capacidad para unas 500 personas, dotado de tecnolog\u00eda esc\u00e9nica de \u00faltima generaci\u00f3n, y una escuela superior de artes y oficios esc\u00e9nicos con capacidad para m\u00e1s de 600 alumnos, estructurada en \u00e1reas art\u00edstica, t\u00e9cnica y de gesti\u00f3n. Focus present\u00f3 tambi\u00e9n el estudio de arquitectura que colaborar\u00e1 en el desarrollo del proyecto y la maqueta del futuro edificio, con el horizonte puesto en su puesta en marcha en 2028.<\/p>\n<p><img decoding=\"async\" class=\"wp-image-25880 aligncenter\" src=\"https:\/\/www.focus.cat\/wp-content\/uploads\/2026\/01\/HORITZONTAL-WEB-FOCUS-24-1124x632.png\" alt=\"\" width=\"770\" height=\"433\" srcset=\"https:\/\/www.focus.cat\/wp-content\/uploads\/2026\/01\/HORITZONTAL-WEB-FOCUS-24-1124x632.png 1124w, https:\/\/www.focus.cat\/wp-content\/uploads\/2026\/01\/HORITZONTAL-WEB-FOCUS-24-300x169.png 300w, https:\/\/www.focus.cat\/wp-content\/uploads\/2026\/01\/HORITZONTAL-WEB-FOCUS-24-150x84.png 150w, https:\/\/www.focus.cat\/wp-content\/uploads\/2026\/01\/HORITZONTAL-WEB-FOCUS-24-800x450.png 800w, https:\/\/www.focus.cat\/wp-content\/uploads\/2026\/01\/HORITZONTAL-WEB-FOCUS-24-1536x864.png 1536w, https:\/\/www.focus.cat\/wp-content\/uploads\/2026\/01\/HORITZONTAL-WEB-FOCUS-24-1500x844.png 1500w, https:\/\/www.focus.cat\/wp-content\/uploads\/2026\/01\/HORITZONTAL-WEB-FOCUS-24.png 1600w\" sizes=\"(max-width: 770px) 100vw, 770px\" \/><\/p>\n","protected":false},"excerpt":{"rendered":"<p>Ayer, lunes 19 de enero, en su sede central de la calle \u00c1vila, Focus conmemor\u00f3 sus 40 a\u00f1os de actividad con un acto p\u00fablico que sirvi\u00f3 para repasar la trayectoria del grupo y presentar oficialmente\u00a0G\u00e9nesis, el proyecto de transformaci\u00f3n de la compa\u00f1\u00eda para los pr\u00f3ximos a\u00f1os. La ceremonia cont\u00f3 con la presencia de representantes institucionales,<a class=\"excerpt-read-more\" href=\"https:\/\/www.focus.cat\/es\/focus-inicia-las-celebraciones-de-su-40-o-aniversario-presentando-oficialmente-el-proyecto-genesis\/\" title=\"LlegeixFocus inicia las celebraciones de su 40.\u00ba aniversario presentando oficialmente el Proyecto G\u00e9nesis\"> &#8230; Llegeix m\u00e9s<\/a><\/p>\n","protected":false},"author":20,"featured_media":25880,"comment_status":"closed","ping_status":"closed","sticky":false,"template":"","format":"standard","meta":{"_acf_changed":false,"inline_featured_image":false,"footnotes":""},"categories":[4],"class_list":["post-25885","post","type-post","status-publish","format-standard","has-post-thumbnail","hentry","category-noticias"],"acf":[],"yoast_head":"<!-- This site is optimized with the Yoast SEO plugin v27.4 - https:\/\/yoast.com\/product\/yoast-seo-wordpress\/ -->\n<title>Focus inicia las celebraciones de su 40.\u00ba aniversario presentando oficialmente el Proyecto G\u00e9nesis - Focus<\/title>\n<meta name=\"robots\" content=\"index, follow, max-snippet:-1, max-image-preview:large, max-video-preview:-1\" \/>\n<link rel=\"canonical\" href=\"https:\/\/www.focus.cat\/focus-inicia-las-celebraciones-de-su-40-o-aniversario-presentando-oficialmente-el-proyecto-genesis\/\" \/>\n<meta property=\"og:locale\" content=\"ca_ES\" \/>\n<meta property=\"og:type\" content=\"article\" \/>\n<meta property=\"og:title\" content=\"Focus inicia las celebraciones de su 40.\u00ba aniversario presentando oficialmente el Proyecto G\u00e9nesis - Focus\" \/>\n<meta property=\"og:description\" content=\"Ayer, lunes 19 de enero, en su sede central de la calle \u00c1vila, Focus conmemor\u00f3 sus 40 a\u00f1os de actividad con un acto p\u00fablico que sirvi\u00f3 para repasar la trayectoria del grupo y presentar oficialmente\u00a0G\u00e9nesis, el proyecto de transformaci\u00f3n de la compa\u00f1\u00eda para los pr\u00f3ximos a\u00f1os. La ceremonia cont\u00f3 con la presencia de representantes institucionales, ... Llegeix m\u00e9s\" \/>\n<meta property=\"og:url\" content=\"https:\/\/www.focus.cat\/es\/focus-inicia-las-celebraciones-de-su-40-o-aniversario-presentando-oficialmente-el-proyecto-genesis\/\" \/>\n<meta property=\"og:site_name\" content=\"Focus\" \/>\n<meta property=\"article:published_time\" content=\"2026-01-20T10:46:00+00:00\" \/>\n<meta property=\"article:modified_time\" content=\"2026-01-21T14:13:02+00:00\" \/>\n<meta property=\"og:image\" content=\"https:\/\/www.focus.cat\/wp-content\/uploads\/2026\/01\/HORITZONTAL-WEB-FOCUS-24.png\" \/>\n\t<meta property=\"og:image:width\" content=\"1600\" \/>\n\t<meta property=\"og:image:height\" content=\"900\" \/>\n\t<meta property=\"og:image:type\" content=\"image\/png\" \/>\n<meta name=\"author\" content=\"Anna P\u00e9rez\" \/>\n<meta name=\"twitter:card\" content=\"summary_large_image\" \/>\n<script type=\"application\/ld+json\" class=\"yoast-schema-graph\">{\"@context\":\"https:\\\/\\\/schema.org\",\"@graph\":[{\"@type\":\"Article\",\"@id\":\"https:\\\/\\\/www.focus.cat\\\/es\\\/focus-inicia-las-celebraciones-de-su-40-o-aniversario-presentando-oficialmente-el-proyecto-genesis\\\/#article\",\"isPartOf\":{\"@id\":\"https:\\\/\\\/www.focus.cat\\\/es\\\/focus-inicia-las-celebraciones-de-su-40-o-aniversario-presentando-oficialmente-el-proyecto-genesis\\\/\"},\"author\":{\"name\":\"Anna P\u00e9rez\",\"@id\":\"https:\\\/\\\/www.focus.cat\\\/#\\\/schema\\\/person\\\/9e66abd668dd0c1279ae3914c3d74f90\"},\"headline\":\"Focus inicia las celebraciones de su 40.\u00ba aniversario presentando oficialmente el Proyecto G\u00e9nesis\",\"datePublished\":\"2026-01-20T10:46:00+00:00\",\"dateModified\":\"2026-01-21T14:13:02+00:00\",\"mainEntityOfPage\":{\"@id\":\"https:\\\/\\\/www.focus.cat\\\/es\\\/focus-inicia-las-celebraciones-de-su-40-o-aniversario-presentando-oficialmente-el-proyecto-genesis\\\/\"},\"wordCount\":321,\"publisher\":{\"@id\":\"https:\\\/\\\/www.focus.cat\\\/#organization\"},\"image\":{\"@id\":\"https:\\\/\\\/www.focus.cat\\\/es\\\/focus-inicia-las-celebraciones-de-su-40-o-aniversario-presentando-oficialmente-el-proyecto-genesis\\\/#primaryimage\"},\"thumbnailUrl\":\"https:\\\/\\\/www.focus.cat\\\/wp-content\\\/uploads\\\/2026\\\/01\\\/HORITZONTAL-WEB-FOCUS-24.png\",\"articleSection\":[\"Noticias\"],\"inLanguage\":\"ca\"},{\"@type\":\"WebPage\",\"@id\":\"https:\\\/\\\/www.focus.cat\\\/es\\\/focus-inicia-las-celebraciones-de-su-40-o-aniversario-presentando-oficialmente-el-proyecto-genesis\\\/\",\"url\":\"https:\\\/\\\/www.focus.cat\\\/es\\\/focus-inicia-las-celebraciones-de-su-40-o-aniversario-presentando-oficialmente-el-proyecto-genesis\\\/\",\"name\":\"Focus inicia las celebraciones de su 40.\u00ba aniversario presentando oficialmente el Proyecto G\u00e9nesis - Focus\",\"isPartOf\":{\"@id\":\"https:\\\/\\\/www.focus.cat\\\/#website\"},\"primaryImageOfPage\":{\"@id\":\"https:\\\/\\\/www.focus.cat\\\/es\\\/focus-inicia-las-celebraciones-de-su-40-o-aniversario-presentando-oficialmente-el-proyecto-genesis\\\/#primaryimage\"},\"image\":{\"@id\":\"https:\\\/\\\/www.focus.cat\\\/es\\\/focus-inicia-las-celebraciones-de-su-40-o-aniversario-presentando-oficialmente-el-proyecto-genesis\\\/#primaryimage\"},\"thumbnailUrl\":\"https:\\\/\\\/www.focus.cat\\\/wp-content\\\/uploads\\\/2026\\\/01\\\/HORITZONTAL-WEB-FOCUS-24.png\",\"datePublished\":\"2026-01-20T10:46:00+00:00\",\"dateModified\":\"2026-01-21T14:13:02+00:00\",\"inLanguage\":\"ca\",\"potentialAction\":[{\"@type\":\"ReadAction\",\"target\":[\"https:\\\/\\\/www.focus.cat\\\/es\\\/focus-inicia-las-celebraciones-de-su-40-o-aniversario-presentando-oficialmente-el-proyecto-genesis\\\/\"]}]},{\"@type\":\"ImageObject\",\"inLanguage\":\"ca\",\"@id\":\"https:\\\/\\\/www.focus.cat\\\/es\\\/focus-inicia-las-celebraciones-de-su-40-o-aniversario-presentando-oficialmente-el-proyecto-genesis\\\/#primaryimage\",\"url\":\"https:\\\/\\\/www.focus.cat\\\/wp-content\\\/uploads\\\/2026\\\/01\\\/HORITZONTAL-WEB-FOCUS-24.png\",\"contentUrl\":\"https:\\\/\\\/www.focus.cat\\\/wp-content\\\/uploads\\\/2026\\\/01\\\/HORITZONTAL-WEB-FOCUS-24.png\",\"width\":1600,\"height\":900},{\"@type\":\"WebSite\",\"@id\":\"https:\\\/\\\/www.focus.cat\\\/#website\",\"url\":\"https:\\\/\\\/www.focus.cat\\\/\",\"name\":\"Focus\",\"description\":\"\",\"publisher\":{\"@id\":\"https:\\\/\\\/www.focus.cat\\\/#organization\"},\"potentialAction\":[{\"@type\":\"SearchAction\",\"target\":{\"@type\":\"EntryPoint\",\"urlTemplate\":\"https:\\\/\\\/www.focus.cat\\\/?s={search_term_string}\"},\"query-input\":{\"@type\":\"PropertyValueSpecification\",\"valueRequired\":true,\"valueName\":\"search_term_string\"}}],\"inLanguage\":\"ca\"},{\"@type\":\"Organization\",\"@id\":\"https:\\\/\\\/www.focus.cat\\\/#organization\",\"name\":\"Focus\",\"url\":\"https:\\\/\\\/www.focus.cat\\\/\",\"logo\":{\"@type\":\"ImageObject\",\"inLanguage\":\"ca\",\"@id\":\"https:\\\/\\\/www.focus.cat\\\/#\\\/schema\\\/logo\\\/image\\\/\",\"url\":\"https:\\\/\\\/www.focus.cat\\\/wp-content\\\/uploads\\\/2022\\\/01\\\/logo-focus-any-35.svg\",\"contentUrl\":\"https:\\\/\\\/www.focus.cat\\\/wp-content\\\/uploads\\\/2022\\\/01\\\/logo-focus-any-35.svg\",\"width\":1,\"height\":1,\"caption\":\"Focus\"},\"image\":{\"@id\":\"https:\\\/\\\/www.focus.cat\\\/#\\\/schema\\\/logo\\\/image\\\/\"}},{\"@type\":\"Person\",\"@id\":\"https:\\\/\\\/www.focus.cat\\\/#\\\/schema\\\/person\\\/9e66abd668dd0c1279ae3914c3d74f90\",\"name\":\"Anna P\u00e9rez\",\"image\":{\"@type\":\"ImageObject\",\"inLanguage\":\"ca\",\"@id\":\"https:\\\/\\\/secure.gravatar.com\\\/avatar\\\/5dbe7a45b452a34f066c1aff3317898a63481e4439c4015a48149f6288b5280d?s=96&d=mm&r=g\",\"url\":\"https:\\\/\\\/secure.gravatar.com\\\/avatar\\\/5dbe7a45b452a34f066c1aff3317898a63481e4439c4015a48149f6288b5280d?s=96&d=mm&r=g\",\"contentUrl\":\"https:\\\/\\\/secure.gravatar.com\\\/avatar\\\/5dbe7a45b452a34f066c1aff3317898a63481e4439c4015a48149f6288b5280d?s=96&d=mm&r=g\",\"caption\":\"Anna P\u00e9rez\"},\"url\":\"https:\\\/\\\/www.focus.cat\\\/author\\\/anna-perez\\\/\"}]}<\/script>\n<!-- \/ Yoast SEO plugin. -->","yoast_head_json":{"title":"Focus inicia las celebraciones de su 40.\u00ba aniversario presentando oficialmente el Proyecto G\u00e9nesis - Focus","robots":{"index":"index","follow":"follow","max-snippet":"max-snippet:-1","max-image-preview":"max-image-preview:large","max-video-preview":"max-video-preview:-1"},"canonical":"https:\/\/www.focus.cat\/focus-inicia-las-celebraciones-de-su-40-o-aniversario-presentando-oficialmente-el-proyecto-genesis\/","og_locale":"ca_ES","og_type":"article","og_title":"Focus inicia las celebraciones de su 40.\u00ba aniversario presentando oficialmente el Proyecto G\u00e9nesis - Focus","og_description":"Ayer, lunes 19 de enero, en su sede central de la calle \u00c1vila, Focus conmemor\u00f3 sus 40 a\u00f1os de actividad con un acto p\u00fablico que sirvi\u00f3 para repasar la trayectoria del grupo y presentar oficialmente\u00a0G\u00e9nesis, el proyecto de transformaci\u00f3n de la compa\u00f1\u00eda para los pr\u00f3ximos a\u00f1os. La ceremonia cont\u00f3 con la presencia de representantes institucionales, ... Llegeix m\u00e9s","og_url":"https:\/\/www.focus.cat\/es\/focus-inicia-las-celebraciones-de-su-40-o-aniversario-presentando-oficialmente-el-proyecto-genesis\/","og_site_name":"Focus","article_published_time":"2026-01-20T10:46:00+00:00","article_modified_time":"2026-01-21T14:13:02+00:00","og_image":[{"width":1600,"height":900,"url":"https:\/\/www.focus.cat\/wp-content\/uploads\/2026\/01\/HORITZONTAL-WEB-FOCUS-24.png","type":"image\/png"}],"author":"Anna P\u00e9rez","twitter_card":"summary_large_image","schema":{"@context":"https:\/\/schema.org","@graph":[{"@type":"Article","@id":"https:\/\/www.focus.cat\/es\/focus-inicia-las-celebraciones-de-su-40-o-aniversario-presentando-oficialmente-el-proyecto-genesis\/#article","isPartOf":{"@id":"https:\/\/www.focus.cat\/es\/focus-inicia-las-celebraciones-de-su-40-o-aniversario-presentando-oficialmente-el-proyecto-genesis\/"},"author":{"name":"Anna P\u00e9rez","@id":"https:\/\/www.focus.cat\/#\/schema\/person\/9e66abd668dd0c1279ae3914c3d74f90"},"headline":"Focus inicia las celebraciones de su 40.\u00ba aniversario presentando oficialmente el Proyecto G\u00e9nesis","datePublished":"2026-01-20T10:46:00+00:00","dateModified":"2026-01-21T14:13:02+00:00","mainEntityOfPage":{"@id":"https:\/\/www.focus.cat\/es\/focus-inicia-las-celebraciones-de-su-40-o-aniversario-presentando-oficialmente-el-proyecto-genesis\/"},"wordCount":321,"publisher":{"@id":"https:\/\/www.focus.cat\/#organization"},"image":{"@id":"https:\/\/www.focus.cat\/es\/focus-inicia-las-celebraciones-de-su-40-o-aniversario-presentando-oficialmente-el-proyecto-genesis\/#primaryimage"},"thumbnailUrl":"https:\/\/www.focus.cat\/wp-content\/uploads\/2026\/01\/HORITZONTAL-WEB-FOCUS-24.png","articleSection":["Noticias"],"inLanguage":"ca"},{"@type":"WebPage","@id":"https:\/\/www.focus.cat\/es\/focus-inicia-las-celebraciones-de-su-40-o-aniversario-presentando-oficialmente-el-proyecto-genesis\/","url":"https:\/\/www.focus.cat\/es\/focus-inicia-las-celebraciones-de-su-40-o-aniversario-presentando-oficialmente-el-proyecto-genesis\/","name":"Focus inicia las celebraciones de su 40.\u00ba aniversario presentando oficialmente el Proyecto G\u00e9nesis - Focus","isPartOf":{"@id":"https:\/\/www.focus.cat\/#website"},"primaryImageOfPage":{"@id":"https:\/\/www.focus.cat\/es\/focus-inicia-las-celebraciones-de-su-40-o-aniversario-presentando-oficialmente-el-proyecto-genesis\/#primaryimage"},"image":{"@id":"https:\/\/www.focus.cat\/es\/focus-inicia-las-celebraciones-de-su-40-o-aniversario-presentando-oficialmente-el-proyecto-genesis\/#primaryimage"},"thumbnailUrl":"https:\/\/www.focus.cat\/wp-content\/uploads\/2026\/01\/HORITZONTAL-WEB-FOCUS-24.png","datePublished":"2026-01-20T10:46:00+00:00","dateModified":"2026-01-21T14:13:02+00:00","inLanguage":"ca","potentialAction":[{"@type":"ReadAction","target":["https:\/\/www.focus.cat\/es\/focus-inicia-las-celebraciones-de-su-40-o-aniversario-presentando-oficialmente-el-proyecto-genesis\/"]}]},{"@type":"ImageObject","inLanguage":"ca","@id":"https:\/\/www.focus.cat\/es\/focus-inicia-las-celebraciones-de-su-40-o-aniversario-presentando-oficialmente-el-proyecto-genesis\/#primaryimage","url":"https:\/\/www.focus.cat\/wp-content\/uploads\/2026\/01\/HORITZONTAL-WEB-FOCUS-24.png","contentUrl":"https:\/\/www.focus.cat\/wp-content\/uploads\/2026\/01\/HORITZONTAL-WEB-FOCUS-24.png","width":1600,"height":900},{"@type":"WebSite","@id":"https:\/\/www.focus.cat\/#website","url":"https:\/\/www.focus.cat\/","name":"Focus","description":"","publisher":{"@id":"https:\/\/www.focus.cat\/#organization"},"potentialAction":[{"@type":"SearchAction","target":{"@type":"EntryPoint","urlTemplate":"https:\/\/www.focus.cat\/?s={search_term_string}"},"query-input":{"@type":"PropertyValueSpecification","valueRequired":true,"valueName":"search_term_string"}}],"inLanguage":"ca"},{"@type":"Organization","@id":"https:\/\/www.focus.cat\/#organization","name":"Focus","url":"https:\/\/www.focus.cat\/","logo":{"@type":"ImageObject","inLanguage":"ca","@id":"https:\/\/www.focus.cat\/#\/schema\/logo\/image\/","url":"https:\/\/www.focus.cat\/wp-content\/uploads\/2022\/01\/logo-focus-any-35.svg","contentUrl":"https:\/\/www.focus.cat\/wp-content\/uploads\/2022\/01\/logo-focus-any-35.svg","width":1,"height":1,"caption":"Focus"},"image":{"@id":"https:\/\/www.focus.cat\/#\/schema\/logo\/image\/"}},{"@type":"Person","@id":"https:\/\/www.focus.cat\/#\/schema\/person\/9e66abd668dd0c1279ae3914c3d74f90","name":"Anna P\u00e9rez","image":{"@type":"ImageObject","inLanguage":"ca","@id":"https:\/\/secure.gravatar.com\/avatar\/5dbe7a45b452a34f066c1aff3317898a63481e4439c4015a48149f6288b5280d?s=96&d=mm&r=g","url":"https:\/\/secure.gravatar.com\/avatar\/5dbe7a45b452a34f066c1aff3317898a63481e4439c4015a48149f6288b5280d?s=96&d=mm&r=g","contentUrl":"https:\/\/secure.gravatar.com\/avatar\/5dbe7a45b452a34f066c1aff3317898a63481e4439c4015a48149f6288b5280d?s=96&d=mm&r=g","caption":"Anna P\u00e9rez"},"url":"https:\/\/www.focus.cat\/author\/anna-perez\/"}]}},"_links":{"self":[{"href":"https:\/\/www.focus.cat\/wp-json\/wp\/v2\/posts\/25885","targetHints":{"allow":["GET"]}}],"collection":[{"href":"https:\/\/www.focus.cat\/wp-json\/wp\/v2\/posts"}],"about":[{"href":"https:\/\/www.focus.cat\/wp-json\/wp\/v2\/types\/post"}],"author":[{"embeddable":true,"href":"https:\/\/www.focus.cat\/wp-json\/wp\/v2\/users\/20"}],"replies":[{"embeddable":true,"href":"https:\/\/www.focus.cat\/wp-json\/wp\/v2\/comments?post=25885"}],"version-history":[{"count":0,"href":"https:\/\/www.focus.cat\/wp-json\/wp\/v2\/posts\/25885\/revisions"}],"wp:featuredmedia":[{"embeddable":true,"href":"https:\/\/www.focus.cat\/wp-json\/wp\/v2\/media\/25880"}],"wp:attachment":[{"href":"https:\/\/www.focus.cat\/wp-json\/wp\/v2\/media?parent=25885"}],"wp:term":[{"taxonomy":"category","embeddable":true,"href":"https:\/\/www.focus.cat\/wp-json\/wp\/v2\/categories?post=25885"}],"curies":[{"name":"wp","href":"https:\/\/api.w.org\/{rel}","templated":true}]}}