{"id":26694,"date":"2026-03-10T11:16:58","date_gmt":"2026-03-10T11:16:58","guid":{"rendered":"https:\/\/www.focus.cat\/?p=26694"},"modified":"2026-03-10T11:16:58","modified_gmt":"2026-03-10T11:16:58","slug":"llega-una-idea-genial-al-teatre-condal","status":"publish","type":"post","link":"https:\/\/www.focus.cat\/es\/llega-una-idea-genial-al-teatre-condal\/","title":{"rendered":"Llega &#8216;Una idea genial&#8217; al Teatre Condal"},"content":{"rendered":"<p>Despu\u00e9s del \u00e9xito de <em>Germans de sang<\/em>, el <a href=\"https:\/\/www.teatrecondal.cat\/es\/ex\/una-idea-genial\/\"><strong>Teatre Condal<\/strong><\/a> ya se prepara para acoger la nueva producci\u00f3n de Focus, la comedia <em><strong>Una idea genial<\/strong><\/em>.<\/p>\n<p>La obra, escrita por <strong>S\u00e9bastien Castro<\/strong>, ha sido adaptada por <strong>Susanna Garachana<\/strong> y cuenta con la direcci\u00f3n de<strong> Xavier Ricart<\/strong>. Est\u00e1 protagonizada por <strong>Llu\u00eds Villanueva, Xavi Mira, Susanna Garachana y Anna Azcona<\/strong>.<\/p>\n<p>La obra es una comedia de dobles identidades, ganadora de dos premios Moli\u00e8re, los m\u00e1ximos galardones del teatro franc\u00e9s. El espect\u00e1culo cuenta la historia de Arnau, un hombre que sospecha que Mariona, su mujer, tiene un affaire con Oriol, el agente inmobiliario que les busca piso. Cuando Arnau conoce a Tom\u00e0s, un actor aficionado id\u00e9ntico al agente, lo contrata para que lo suplante en una cena y as\u00ed poder descubrir si su sospecha es real o no. Parece una idea genial\u2026 hasta que el agente, su doble y el hermano gemelo del doble \u2014un fontanero que viene a reparar una fuga\u2014 se encuentran. Tres hombres id\u00e9nticos y una vecina indiscreta har\u00e1n que, quiz\u00e1, la idea no parezca tan genial.<\/p>\n<p><img decoding=\"async\" class=\"wp-image-26686 aligncenter\" src=\"https:\/\/www.focus.cat\/wp-content\/uploads\/2026\/03\/HORITZONTAL-WEB-FOCUS-1-1-1124x632.png\" alt=\"\" width=\"841\" height=\"473\" srcset=\"https:\/\/www.focus.cat\/wp-content\/uploads\/2026\/03\/HORITZONTAL-WEB-FOCUS-1-1-1124x632.png 1124w, https:\/\/www.focus.cat\/wp-content\/uploads\/2026\/03\/HORITZONTAL-WEB-FOCUS-1-1-300x169.png 300w, https:\/\/www.focus.cat\/wp-content\/uploads\/2026\/03\/HORITZONTAL-WEB-FOCUS-1-1-150x84.png 150w, https:\/\/www.focus.cat\/wp-content\/uploads\/2026\/03\/HORITZONTAL-WEB-FOCUS-1-1-800x450.png 800w, https:\/\/www.focus.cat\/wp-content\/uploads\/2026\/03\/HORITZONTAL-WEB-FOCUS-1-1-1536x864.png 1536w, https:\/\/www.focus.cat\/wp-content\/uploads\/2026\/03\/HORITZONTAL-WEB-FOCUS-1-1-1500x844.png 1500w, https:\/\/www.focus.cat\/wp-content\/uploads\/2026\/03\/HORITZONTAL-WEB-FOCUS-1-1.png 1600w\" sizes=\"(max-width: 841px) 100vw, 841px\" \/><\/p>\n","protected":false},"excerpt":{"rendered":"<p>Despu\u00e9s del \u00e9xito de Germans de sang, el Teatre Condal ya se prepara para acoger la nueva producci\u00f3n de Focus, la comedia Una idea genial. La obra, escrita por S\u00e9bastien Castro, ha sido adaptada por Susanna Garachana y cuenta con la direcci\u00f3n de Xavier Ricart. Est\u00e1 protagonizada por Llu\u00eds Villanueva, Xavi Mira, Susanna Garachana y<a class=\"excerpt-read-more\" href=\"https:\/\/www.focus.cat\/es\/llega-una-idea-genial-al-teatre-condal\/\" title=\"LlegeixLlega &#8216;Una idea genial&#8217; al Teatre Condal\"> &#8230; Llegeix m\u00e9s<\/a><\/p>\n","protected":false},"author":19,"featured_media":26686,"comment_status":"closed","ping_status":"closed","sticky":false,"template":"","format":"standard","meta":{"_acf_changed":false,"inline_featured_image":false,"footnotes":""},"categories":[4],"class_list":["post-26694","post","type-post","status-publish","format-standard","has-post-thumbnail","hentry","category-noticias"],"acf":[],"yoast_head":"<!-- This site is optimized with the Yoast SEO plugin v27.5 - https:\/\/yoast.com\/product\/yoast-seo-wordpress\/ -->\n<title>Llega &#039;Una idea genial&#039; al Teatre Condal - Focus<\/title>\n<meta name=\"robots\" content=\"index, follow, max-snippet:-1, max-image-preview:large, max-video-preview:-1\" \/>\n<link rel=\"canonical\" href=\"https:\/\/www.focus.cat\/llega-una-idea-genial-al-teatre-condal\/\" \/>\n<meta property=\"og:locale\" content=\"ca_ES\" \/>\n<meta property=\"og:type\" content=\"article\" \/>\n<meta property=\"og:title\" content=\"Llega &#039;Una idea genial&#039; al Teatre Condal - Focus\" \/>\n<meta property=\"og:description\" content=\"Despu\u00e9s del \u00e9xito de Germans de sang, el Teatre Condal ya se prepara para acoger la nueva producci\u00f3n de Focus, la comedia Una idea genial. La obra, escrita por S\u00e9bastien Castro, ha sido adaptada por Susanna Garachana y cuenta con la direcci\u00f3n de Xavier Ricart. Est\u00e1 protagonizada por Llu\u00eds Villanueva, Xavi Mira, Susanna Garachana y ... Llegeix m\u00e9s\" \/>\n<meta property=\"og:url\" content=\"https:\/\/www.focus.cat\/es\/llega-una-idea-genial-al-teatre-condal\/\" \/>\n<meta property=\"og:site_name\" content=\"Focus\" \/>\n<meta property=\"article:published_time\" content=\"2026-03-10T11:16:58+00:00\" \/>\n<meta property=\"og:image\" content=\"https:\/\/www.focus.cat\/wp-content\/uploads\/2026\/03\/HORITZONTAL-WEB-FOCUS-1-1.png\" \/>\n\t<meta property=\"og:image:width\" content=\"1600\" \/>\n\t<meta property=\"og:image:height\" content=\"900\" \/>\n\t<meta property=\"og:image:type\" content=\"image\/png\" \/>\n<meta name=\"author\" content=\"Ariadna Salt\u00f3 Mestre\" \/>\n<meta name=\"twitter:card\" content=\"summary_large_image\" \/>\n<script type=\"application\/ld+json\" class=\"yoast-schema-graph\">{\"@context\":\"https:\\\/\\\/schema.org\",\"@graph\":[{\"@type\":\"Article\",\"@id\":\"https:\\\/\\\/www.focus.cat\\\/es\\\/llega-una-idea-genial-al-teatre-condal\\\/#article\",\"isPartOf\":{\"@id\":\"https:\\\/\\\/www.focus.cat\\\/es\\\/llega-una-idea-genial-al-teatre-condal\\\/\"},\"author\":{\"name\":\"Ariadna Salt\u00f3 Mestre\",\"@id\":\"https:\\\/\\\/www.focus.cat\\\/#\\\/schema\\\/person\\\/7737ab3698e7e9fca218d954ca8cb594\"},\"headline\":\"Llega &#8216;Una idea genial&#8217; al Teatre Condal\",\"datePublished\":\"2026-03-10T11:16:58+00:00\",\"mainEntityOfPage\":{\"@id\":\"https:\\\/\\\/www.focus.cat\\\/es\\\/llega-una-idea-genial-al-teatre-condal\\\/\"},\"wordCount\":196,\"publisher\":{\"@id\":\"https:\\\/\\\/www.focus.cat\\\/#organization\"},\"image\":{\"@id\":\"https:\\\/\\\/www.focus.cat\\\/es\\\/llega-una-idea-genial-al-teatre-condal\\\/#primaryimage\"},\"thumbnailUrl\":\"https:\\\/\\\/www.focus.cat\\\/wp-content\\\/uploads\\\/2026\\\/03\\\/HORITZONTAL-WEB-FOCUS-1-1.png\",\"articleSection\":[\"Noticias\"],\"inLanguage\":\"ca\"},{\"@type\":\"WebPage\",\"@id\":\"https:\\\/\\\/www.focus.cat\\\/es\\\/llega-una-idea-genial-al-teatre-condal\\\/\",\"url\":\"https:\\\/\\\/www.focus.cat\\\/es\\\/llega-una-idea-genial-al-teatre-condal\\\/\",\"name\":\"Llega 'Una idea genial' al Teatre Condal - Focus\",\"isPartOf\":{\"@id\":\"https:\\\/\\\/www.focus.cat\\\/#website\"},\"primaryImageOfPage\":{\"@id\":\"https:\\\/\\\/www.focus.cat\\\/es\\\/llega-una-idea-genial-al-teatre-condal\\\/#primaryimage\"},\"image\":{\"@id\":\"https:\\\/\\\/www.focus.cat\\\/es\\\/llega-una-idea-genial-al-teatre-condal\\\/#primaryimage\"},\"thumbnailUrl\":\"https:\\\/\\\/www.focus.cat\\\/wp-content\\\/uploads\\\/2026\\\/03\\\/HORITZONTAL-WEB-FOCUS-1-1.png\",\"datePublished\":\"2026-03-10T11:16:58+00:00\",\"inLanguage\":\"ca\",\"potentialAction\":[{\"@type\":\"ReadAction\",\"target\":[\"https:\\\/\\\/www.focus.cat\\\/es\\\/llega-una-idea-genial-al-teatre-condal\\\/\"]}]},{\"@type\":\"ImageObject\",\"inLanguage\":\"ca\",\"@id\":\"https:\\\/\\\/www.focus.cat\\\/es\\\/llega-una-idea-genial-al-teatre-condal\\\/#primaryimage\",\"url\":\"https:\\\/\\\/www.focus.cat\\\/wp-content\\\/uploads\\\/2026\\\/03\\\/HORITZONTAL-WEB-FOCUS-1-1.png\",\"contentUrl\":\"https:\\\/\\\/www.focus.cat\\\/wp-content\\\/uploads\\\/2026\\\/03\\\/HORITZONTAL-WEB-FOCUS-1-1.png\",\"width\":1600,\"height\":900},{\"@type\":\"WebSite\",\"@id\":\"https:\\\/\\\/www.focus.cat\\\/#website\",\"url\":\"https:\\\/\\\/www.focus.cat\\\/\",\"name\":\"Focus\",\"description\":\"\",\"publisher\":{\"@id\":\"https:\\\/\\\/www.focus.cat\\\/#organization\"},\"potentialAction\":[{\"@type\":\"SearchAction\",\"target\":{\"@type\":\"EntryPoint\",\"urlTemplate\":\"https:\\\/\\\/www.focus.cat\\\/?s={search_term_string}\"},\"query-input\":{\"@type\":\"PropertyValueSpecification\",\"valueRequired\":true,\"valueName\":\"search_term_string\"}}],\"inLanguage\":\"ca\"},{\"@type\":\"Organization\",\"@id\":\"https:\\\/\\\/www.focus.cat\\\/#organization\",\"name\":\"Focus\",\"url\":\"https:\\\/\\\/www.focus.cat\\\/\",\"logo\":{\"@type\":\"ImageObject\",\"inLanguage\":\"ca\",\"@id\":\"https:\\\/\\\/www.focus.cat\\\/#\\\/schema\\\/logo\\\/image\\\/\",\"url\":\"https:\\\/\\\/www.focus.cat\\\/wp-content\\\/uploads\\\/2022\\\/01\\\/logo-focus-any-35.svg\",\"contentUrl\":\"https:\\\/\\\/www.focus.cat\\\/wp-content\\\/uploads\\\/2022\\\/01\\\/logo-focus-any-35.svg\",\"width\":1,\"height\":1,\"caption\":\"Focus\"},\"image\":{\"@id\":\"https:\\\/\\\/www.focus.cat\\\/#\\\/schema\\\/logo\\\/image\\\/\"}},{\"@type\":\"Person\",\"@id\":\"https:\\\/\\\/www.focus.cat\\\/#\\\/schema\\\/person\\\/7737ab3698e7e9fca218d954ca8cb594\",\"name\":\"Ariadna Salt\u00f3 Mestre\",\"image\":{\"@type\":\"ImageObject\",\"inLanguage\":\"ca\",\"@id\":\"https:\\\/\\\/secure.gravatar.com\\\/avatar\\\/8afaaec7ec449dd5ea0afea1c7be560946d894693567ef25f2212a5648d545f4?s=96&d=mm&r=g\",\"url\":\"https:\\\/\\\/secure.gravatar.com\\\/avatar\\\/8afaaec7ec449dd5ea0afea1c7be560946d894693567ef25f2212a5648d545f4?s=96&d=mm&r=g\",\"contentUrl\":\"https:\\\/\\\/secure.gravatar.com\\\/avatar\\\/8afaaec7ec449dd5ea0afea1c7be560946d894693567ef25f2212a5648d545f4?s=96&d=mm&r=g\",\"caption\":\"Ariadna Salt\u00f3 Mestre\"},\"url\":\"https:\\\/\\\/www.focus.cat\\\/author\\\/ariadna-salto-mestre\\\/\"}]}<\/script>\n<!-- \/ Yoast SEO plugin. -->","yoast_head_json":{"title":"Llega 'Una idea genial' al Teatre Condal - Focus","robots":{"index":"index","follow":"follow","max-snippet":"max-snippet:-1","max-image-preview":"max-image-preview:large","max-video-preview":"max-video-preview:-1"},"canonical":"https:\/\/www.focus.cat\/llega-una-idea-genial-al-teatre-condal\/","og_locale":"ca_ES","og_type":"article","og_title":"Llega 'Una idea genial' al Teatre Condal - Focus","og_description":"Despu\u00e9s del \u00e9xito de Germans de sang, el Teatre Condal ya se prepara para acoger la nueva producci\u00f3n de Focus, la comedia Una idea genial. La obra, escrita por S\u00e9bastien Castro, ha sido adaptada por Susanna Garachana y cuenta con la direcci\u00f3n de Xavier Ricart. Est\u00e1 protagonizada por Llu\u00eds Villanueva, Xavi Mira, Susanna Garachana y ... Llegeix m\u00e9s","og_url":"https:\/\/www.focus.cat\/es\/llega-una-idea-genial-al-teatre-condal\/","og_site_name":"Focus","article_published_time":"2026-03-10T11:16:58+00:00","og_image":[{"width":1600,"height":900,"url":"https:\/\/www.focus.cat\/wp-content\/uploads\/2026\/03\/HORITZONTAL-WEB-FOCUS-1-1.png","type":"image\/png"}],"author":"Ariadna Salt\u00f3 Mestre","twitter_card":"summary_large_image","schema":{"@context":"https:\/\/schema.org","@graph":[{"@type":"Article","@id":"https:\/\/www.focus.cat\/es\/llega-una-idea-genial-al-teatre-condal\/#article","isPartOf":{"@id":"https:\/\/www.focus.cat\/es\/llega-una-idea-genial-al-teatre-condal\/"},"author":{"name":"Ariadna Salt\u00f3 Mestre","@id":"https:\/\/www.focus.cat\/#\/schema\/person\/7737ab3698e7e9fca218d954ca8cb594"},"headline":"Llega &#8216;Una idea genial&#8217; al Teatre Condal","datePublished":"2026-03-10T11:16:58+00:00","mainEntityOfPage":{"@id":"https:\/\/www.focus.cat\/es\/llega-una-idea-genial-al-teatre-condal\/"},"wordCount":196,"publisher":{"@id":"https:\/\/www.focus.cat\/#organization"},"image":{"@id":"https:\/\/www.focus.cat\/es\/llega-una-idea-genial-al-teatre-condal\/#primaryimage"},"thumbnailUrl":"https:\/\/www.focus.cat\/wp-content\/uploads\/2026\/03\/HORITZONTAL-WEB-FOCUS-1-1.png","articleSection":["Noticias"],"inLanguage":"ca"},{"@type":"WebPage","@id":"https:\/\/www.focus.cat\/es\/llega-una-idea-genial-al-teatre-condal\/","url":"https:\/\/www.focus.cat\/es\/llega-una-idea-genial-al-teatre-condal\/","name":"Llega 'Una idea genial' al Teatre Condal - Focus","isPartOf":{"@id":"https:\/\/www.focus.cat\/#website"},"primaryImageOfPage":{"@id":"https:\/\/www.focus.cat\/es\/llega-una-idea-genial-al-teatre-condal\/#primaryimage"},"image":{"@id":"https:\/\/www.focus.cat\/es\/llega-una-idea-genial-al-teatre-condal\/#primaryimage"},"thumbnailUrl":"https:\/\/www.focus.cat\/wp-content\/uploads\/2026\/03\/HORITZONTAL-WEB-FOCUS-1-1.png","datePublished":"2026-03-10T11:16:58+00:00","inLanguage":"ca","potentialAction":[{"@type":"ReadAction","target":["https:\/\/www.focus.cat\/es\/llega-una-idea-genial-al-teatre-condal\/"]}]},{"@type":"ImageObject","inLanguage":"ca","@id":"https:\/\/www.focus.cat\/es\/llega-una-idea-genial-al-teatre-condal\/#primaryimage","url":"https:\/\/www.focus.cat\/wp-content\/uploads\/2026\/03\/HORITZONTAL-WEB-FOCUS-1-1.png","contentUrl":"https:\/\/www.focus.cat\/wp-content\/uploads\/2026\/03\/HORITZONTAL-WEB-FOCUS-1-1.png","width":1600,"height":900},{"@type":"WebSite","@id":"https:\/\/www.focus.cat\/#website","url":"https:\/\/www.focus.cat\/","name":"Focus","description":"","publisher":{"@id":"https:\/\/www.focus.cat\/#organization"},"potentialAction":[{"@type":"SearchAction","target":{"@type":"EntryPoint","urlTemplate":"https:\/\/www.focus.cat\/?s={search_term_string}"},"query-input":{"@type":"PropertyValueSpecification","valueRequired":true,"valueName":"search_term_string"}}],"inLanguage":"ca"},{"@type":"Organization","@id":"https:\/\/www.focus.cat\/#organization","name":"Focus","url":"https:\/\/www.focus.cat\/","logo":{"@type":"ImageObject","inLanguage":"ca","@id":"https:\/\/www.focus.cat\/#\/schema\/logo\/image\/","url":"https:\/\/www.focus.cat\/wp-content\/uploads\/2022\/01\/logo-focus-any-35.svg","contentUrl":"https:\/\/www.focus.cat\/wp-content\/uploads\/2022\/01\/logo-focus-any-35.svg","width":1,"height":1,"caption":"Focus"},"image":{"@id":"https:\/\/www.focus.cat\/#\/schema\/logo\/image\/"}},{"@type":"Person","@id":"https:\/\/www.focus.cat\/#\/schema\/person\/7737ab3698e7e9fca218d954ca8cb594","name":"Ariadna Salt\u00f3 Mestre","image":{"@type":"ImageObject","inLanguage":"ca","@id":"https:\/\/secure.gravatar.com\/avatar\/8afaaec7ec449dd5ea0afea1c7be560946d894693567ef25f2212a5648d545f4?s=96&d=mm&r=g","url":"https:\/\/secure.gravatar.com\/avatar\/8afaaec7ec449dd5ea0afea1c7be560946d894693567ef25f2212a5648d545f4?s=96&d=mm&r=g","contentUrl":"https:\/\/secure.gravatar.com\/avatar\/8afaaec7ec449dd5ea0afea1c7be560946d894693567ef25f2212a5648d545f4?s=96&d=mm&r=g","caption":"Ariadna Salt\u00f3 Mestre"},"url":"https:\/\/www.focus.cat\/author\/ariadna-salto-mestre\/"}]}},"_links":{"self":[{"href":"https:\/\/www.focus.cat\/wp-json\/wp\/v2\/posts\/26694","targetHints":{"allow":["GET"]}}],"collection":[{"href":"https:\/\/www.focus.cat\/wp-json\/wp\/v2\/posts"}],"about":[{"href":"https:\/\/www.focus.cat\/wp-json\/wp\/v2\/types\/post"}],"author":[{"embeddable":true,"href":"https:\/\/www.focus.cat\/wp-json\/wp\/v2\/users\/19"}],"replies":[{"embeddable":true,"href":"https:\/\/www.focus.cat\/wp-json\/wp\/v2\/comments?post=26694"}],"version-history":[{"count":0,"href":"https:\/\/www.focus.cat\/wp-json\/wp\/v2\/posts\/26694\/revisions"}],"wp:featuredmedia":[{"embeddable":true,"href":"https:\/\/www.focus.cat\/wp-json\/wp\/v2\/media\/26686"}],"wp:attachment":[{"href":"https:\/\/www.focus.cat\/wp-json\/wp\/v2\/media?parent=26694"}],"wp:term":[{"taxonomy":"category","embeddable":true,"href":"https:\/\/www.focus.cat\/wp-json\/wp\/v2\/categories?post=26694"}],"curies":[{"name":"wp","href":"https:\/\/api.w.org\/{rel}","templated":true}]}}