{"id":26718,"date":"2026-03-10T11:57:41","date_gmt":"2026-03-10T11:57:41","guid":{"rendered":"https:\/\/www.focus.cat\/?p=26718"},"modified":"2026-03-10T11:57:41","modified_gmt":"2026-03-10T11:57:41","slug":"la-libreria-ona-acoge-la-presentacion-de-passeig-de-gracia-la-novela-ganadora-del-premi-santa-eulalia","status":"publish","type":"post","link":"https:\/\/www.focus.cat\/es\/la-libreria-ona-acoge-la-presentacion-de-passeig-de-gracia-la-novela-ganadora-del-premi-santa-eulalia\/","title":{"rendered":"La librer\u00eda Ona acoge la presentaci\u00f3n de &#8216;Passeig de Gr\u00e0cia&#8217;, la novela ganadora del Premi Santa Eul\u00e0lia"},"content":{"rendered":"<p>El pasado martes 3 de marzo, la librer\u00eda Ona de Barcelona acogi\u00f3 la presentaci\u00f3n oficial de <em><strong>Passeig de Gr\u00e0cia<\/strong><\/em>, de <strong>Roger Bastida<\/strong>, la novela ganadora de la cuarta edici\u00f3n del <strong>Premi Santa Eul\u00e0lia de Novel\u00b7la de Barcelona<\/strong>, convocado por <strong>Comanegra<\/strong> y <strong>\u00c0fora Focus Edicions<\/strong>.<\/p>\n<p>En <em><strong>Passeig de Gr\u00e0cia<\/strong><\/em>, los destinos de tres estirpes catalanas \u2014nobles, burgueses y obreros\u2014 se funden en un excepcional retablo hist\u00f3rico marcado por el poder, el lujo y la discordia. El resultado: la gran novela del paseo de Gracia.<\/p>\n<p><img decoding=\"async\" class=\"wp-image-26716 aligncenter\" src=\"https:\/\/www.focus.cat\/wp-content\/uploads\/2026\/03\/QUADRAT-WEB-FOCUS-3.png\" alt=\"\" width=\"423\" height=\"423\" srcset=\"https:\/\/www.focus.cat\/wp-content\/uploads\/2026\/03\/QUADRAT-WEB-FOCUS-3.png 1080w, https:\/\/www.focus.cat\/wp-content\/uploads\/2026\/03\/QUADRAT-WEB-FOCUS-3-300x300.png 300w, https:\/\/www.focus.cat\/wp-content\/uploads\/2026\/03\/QUADRAT-WEB-FOCUS-3-150x150.png 150w, https:\/\/www.focus.cat\/wp-content\/uploads\/2026\/03\/QUADRAT-WEB-FOCUS-3-800x800.png 800w, https:\/\/www.focus.cat\/wp-content\/uploads\/2026\/03\/QUADRAT-WEB-FOCUS-3-125x125.png 125w\" sizes=\"(max-width: 423px) 100vw, 423px\" \/><\/p>\n","protected":false},"excerpt":{"rendered":"<p>El pasado martes 3 de marzo, la librer\u00eda Ona de Barcelona acogi\u00f3 la presentaci\u00f3n oficial de Passeig de Gr\u00e0cia, de Roger Bastida, la novela ganadora de la cuarta edici\u00f3n del Premi Santa Eul\u00e0lia de Novel\u00b7la de Barcelona, convocado por Comanegra y \u00c0fora Focus Edicions. En Passeig de Gr\u00e0cia, los destinos de tres estirpes catalanas \u2014nobles,<a class=\"excerpt-read-more\" href=\"https:\/\/www.focus.cat\/es\/la-libreria-ona-acoge-la-presentacion-de-passeig-de-gracia-la-novela-ganadora-del-premi-santa-eulalia\/\" title=\"LlegeixLa librer\u00eda Ona acoge la presentaci\u00f3n de &#8216;Passeig de Gr\u00e0cia&#8217;, la novela ganadora del Premi Santa Eul\u00e0lia\"> &#8230; Llegeix m\u00e9s<\/a><\/p>\n","protected":false},"author":19,"featured_media":26716,"comment_status":"closed","ping_status":"closed","sticky":false,"template":"","format":"standard","meta":{"_acf_changed":false,"inline_featured_image":false,"footnotes":""},"categories":[4,51],"class_list":["post-26718","post","type-post","status-publish","format-standard","has-post-thumbnail","hentry","category-noticias","category-afora-ediciones"],"acf":[],"yoast_head":"<!-- This site is optimized with the Yoast SEO plugin v27.5 - https:\/\/yoast.com\/product\/yoast-seo-wordpress\/ -->\n<title>La librer\u00eda Ona acoge la presentaci\u00f3n de &#039;Passeig de Gr\u00e0cia&#039;, la novela ganadora del Premi Santa Eul\u00e0lia - Focus<\/title>\n<meta name=\"robots\" content=\"index, follow, max-snippet:-1, max-image-preview:large, max-video-preview:-1\" \/>\n<link rel=\"canonical\" href=\"https:\/\/www.focus.cat\/la-libreria-ona-acoge-la-presentacion-de-passeig-de-gracia-la-novela-ganadora-del-premi-santa-eulalia\/\" \/>\n<meta property=\"og:locale\" content=\"ca_ES\" \/>\n<meta property=\"og:type\" content=\"article\" \/>\n<meta property=\"og:title\" content=\"La librer\u00eda Ona acoge la presentaci\u00f3n de &#039;Passeig de Gr\u00e0cia&#039;, la novela ganadora del Premi Santa Eul\u00e0lia - Focus\" \/>\n<meta property=\"og:description\" content=\"El pasado martes 3 de marzo, la librer\u00eda Ona de Barcelona acogi\u00f3 la presentaci\u00f3n oficial de Passeig de Gr\u00e0cia, de Roger Bastida, la novela ganadora de la cuarta edici\u00f3n del Premi Santa Eul\u00e0lia de Novel\u00b7la de Barcelona, convocado por Comanegra y \u00c0fora Focus Edicions. En Passeig de Gr\u00e0cia, los destinos de tres estirpes catalanas \u2014nobles, ... Llegeix m\u00e9s\" \/>\n<meta property=\"og:url\" content=\"https:\/\/www.focus.cat\/es\/la-libreria-ona-acoge-la-presentacion-de-passeig-de-gracia-la-novela-ganadora-del-premi-santa-eulalia\/\" \/>\n<meta property=\"og:site_name\" content=\"Focus\" \/>\n<meta property=\"article:published_time\" content=\"2026-03-10T11:57:41+00:00\" \/>\n<meta property=\"og:image\" content=\"https:\/\/www.focus.cat\/wp-content\/uploads\/2026\/03\/QUADRAT-WEB-FOCUS-3.png\" \/>\n\t<meta property=\"og:image:width\" content=\"1080\" \/>\n\t<meta property=\"og:image:height\" content=\"1080\" \/>\n\t<meta property=\"og:image:type\" content=\"image\/png\" \/>\n<meta name=\"author\" content=\"Ariadna Salt\u00f3 Mestre\" \/>\n<meta name=\"twitter:card\" content=\"summary_large_image\" \/>\n<script type=\"application\/ld+json\" class=\"yoast-schema-graph\">{\"@context\":\"https:\\\/\\\/schema.org\",\"@graph\":[{\"@type\":\"Article\",\"@id\":\"https:\\\/\\\/www.focus.cat\\\/es\\\/la-libreria-ona-acoge-la-presentacion-de-passeig-de-gracia-la-novela-ganadora-del-premi-santa-eulalia\\\/#article\",\"isPartOf\":{\"@id\":\"https:\\\/\\\/www.focus.cat\\\/es\\\/la-libreria-ona-acoge-la-presentacion-de-passeig-de-gracia-la-novela-ganadora-del-premi-santa-eulalia\\\/\"},\"author\":{\"name\":\"Ariadna Salt\u00f3 Mestre\",\"@id\":\"https:\\\/\\\/www.focus.cat\\\/#\\\/schema\\\/person\\\/7737ab3698e7e9fca218d954ca8cb594\"},\"headline\":\"La librer\u00eda Ona acoge la presentaci\u00f3n de &#8216;Passeig de Gr\u00e0cia&#8217;, la novela ganadora del Premi Santa Eul\u00e0lia\",\"datePublished\":\"2026-03-10T11:57:41+00:00\",\"mainEntityOfPage\":{\"@id\":\"https:\\\/\\\/www.focus.cat\\\/es\\\/la-libreria-ona-acoge-la-presentacion-de-passeig-de-gracia-la-novela-ganadora-del-premi-santa-eulalia\\\/\"},\"wordCount\":111,\"publisher\":{\"@id\":\"https:\\\/\\\/www.focus.cat\\\/#organization\"},\"image\":{\"@id\":\"https:\\\/\\\/www.focus.cat\\\/es\\\/la-libreria-ona-acoge-la-presentacion-de-passeig-de-gracia-la-novela-ganadora-del-premi-santa-eulalia\\\/#primaryimage\"},\"thumbnailUrl\":\"https:\\\/\\\/www.focus.cat\\\/wp-content\\\/uploads\\\/2026\\\/03\\\/QUADRAT-WEB-FOCUS-3.png\",\"articleSection\":[\"Noticias\",\"\u00c1fora Ediciones\"],\"inLanguage\":\"ca\"},{\"@type\":\"WebPage\",\"@id\":\"https:\\\/\\\/www.focus.cat\\\/es\\\/la-libreria-ona-acoge-la-presentacion-de-passeig-de-gracia-la-novela-ganadora-del-premi-santa-eulalia\\\/\",\"url\":\"https:\\\/\\\/www.focus.cat\\\/es\\\/la-libreria-ona-acoge-la-presentacion-de-passeig-de-gracia-la-novela-ganadora-del-premi-santa-eulalia\\\/\",\"name\":\"La librer\u00eda Ona acoge la presentaci\u00f3n de 'Passeig de Gr\u00e0cia', la novela ganadora del Premi Santa Eul\u00e0lia - Focus\",\"isPartOf\":{\"@id\":\"https:\\\/\\\/www.focus.cat\\\/#website\"},\"primaryImageOfPage\":{\"@id\":\"https:\\\/\\\/www.focus.cat\\\/es\\\/la-libreria-ona-acoge-la-presentacion-de-passeig-de-gracia-la-novela-ganadora-del-premi-santa-eulalia\\\/#primaryimage\"},\"image\":{\"@id\":\"https:\\\/\\\/www.focus.cat\\\/es\\\/la-libreria-ona-acoge-la-presentacion-de-passeig-de-gracia-la-novela-ganadora-del-premi-santa-eulalia\\\/#primaryimage\"},\"thumbnailUrl\":\"https:\\\/\\\/www.focus.cat\\\/wp-content\\\/uploads\\\/2026\\\/03\\\/QUADRAT-WEB-FOCUS-3.png\",\"datePublished\":\"2026-03-10T11:57:41+00:00\",\"inLanguage\":\"ca\",\"potentialAction\":[{\"@type\":\"ReadAction\",\"target\":[\"https:\\\/\\\/www.focus.cat\\\/es\\\/la-libreria-ona-acoge-la-presentacion-de-passeig-de-gracia-la-novela-ganadora-del-premi-santa-eulalia\\\/\"]}]},{\"@type\":\"ImageObject\",\"inLanguage\":\"ca\",\"@id\":\"https:\\\/\\\/www.focus.cat\\\/es\\\/la-libreria-ona-acoge-la-presentacion-de-passeig-de-gracia-la-novela-ganadora-del-premi-santa-eulalia\\\/#primaryimage\",\"url\":\"https:\\\/\\\/www.focus.cat\\\/wp-content\\\/uploads\\\/2026\\\/03\\\/QUADRAT-WEB-FOCUS-3.png\",\"contentUrl\":\"https:\\\/\\\/www.focus.cat\\\/wp-content\\\/uploads\\\/2026\\\/03\\\/QUADRAT-WEB-FOCUS-3.png\",\"width\":1080,\"height\":1080},{\"@type\":\"WebSite\",\"@id\":\"https:\\\/\\\/www.focus.cat\\\/#website\",\"url\":\"https:\\\/\\\/www.focus.cat\\\/\",\"name\":\"Focus\",\"description\":\"\",\"publisher\":{\"@id\":\"https:\\\/\\\/www.focus.cat\\\/#organization\"},\"potentialAction\":[{\"@type\":\"SearchAction\",\"target\":{\"@type\":\"EntryPoint\",\"urlTemplate\":\"https:\\\/\\\/www.focus.cat\\\/?s={search_term_string}\"},\"query-input\":{\"@type\":\"PropertyValueSpecification\",\"valueRequired\":true,\"valueName\":\"search_term_string\"}}],\"inLanguage\":\"ca\"},{\"@type\":\"Organization\",\"@id\":\"https:\\\/\\\/www.focus.cat\\\/#organization\",\"name\":\"Focus\",\"url\":\"https:\\\/\\\/www.focus.cat\\\/\",\"logo\":{\"@type\":\"ImageObject\",\"inLanguage\":\"ca\",\"@id\":\"https:\\\/\\\/www.focus.cat\\\/#\\\/schema\\\/logo\\\/image\\\/\",\"url\":\"https:\\\/\\\/www.focus.cat\\\/wp-content\\\/uploads\\\/2022\\\/01\\\/logo-focus-any-35.svg\",\"contentUrl\":\"https:\\\/\\\/www.focus.cat\\\/wp-content\\\/uploads\\\/2022\\\/01\\\/logo-focus-any-35.svg\",\"width\":1,\"height\":1,\"caption\":\"Focus\"},\"image\":{\"@id\":\"https:\\\/\\\/www.focus.cat\\\/#\\\/schema\\\/logo\\\/image\\\/\"}},{\"@type\":\"Person\",\"@id\":\"https:\\\/\\\/www.focus.cat\\\/#\\\/schema\\\/person\\\/7737ab3698e7e9fca218d954ca8cb594\",\"name\":\"Ariadna Salt\u00f3 Mestre\",\"image\":{\"@type\":\"ImageObject\",\"inLanguage\":\"ca\",\"@id\":\"https:\\\/\\\/secure.gravatar.com\\\/avatar\\\/8afaaec7ec449dd5ea0afea1c7be560946d894693567ef25f2212a5648d545f4?s=96&d=mm&r=g\",\"url\":\"https:\\\/\\\/secure.gravatar.com\\\/avatar\\\/8afaaec7ec449dd5ea0afea1c7be560946d894693567ef25f2212a5648d545f4?s=96&d=mm&r=g\",\"contentUrl\":\"https:\\\/\\\/secure.gravatar.com\\\/avatar\\\/8afaaec7ec449dd5ea0afea1c7be560946d894693567ef25f2212a5648d545f4?s=96&d=mm&r=g\",\"caption\":\"Ariadna Salt\u00f3 Mestre\"},\"url\":\"https:\\\/\\\/www.focus.cat\\\/author\\\/ariadna-salto-mestre\\\/\"}]}<\/script>\n<!-- \/ Yoast SEO plugin. -->","yoast_head_json":{"title":"La librer\u00eda Ona acoge la presentaci\u00f3n de 'Passeig de Gr\u00e0cia', la novela ganadora del Premi Santa Eul\u00e0lia - Focus","robots":{"index":"index","follow":"follow","max-snippet":"max-snippet:-1","max-image-preview":"max-image-preview:large","max-video-preview":"max-video-preview:-1"},"canonical":"https:\/\/www.focus.cat\/la-libreria-ona-acoge-la-presentacion-de-passeig-de-gracia-la-novela-ganadora-del-premi-santa-eulalia\/","og_locale":"ca_ES","og_type":"article","og_title":"La librer\u00eda Ona acoge la presentaci\u00f3n de 'Passeig de Gr\u00e0cia', la novela ganadora del Premi Santa Eul\u00e0lia - Focus","og_description":"El pasado martes 3 de marzo, la librer\u00eda Ona de Barcelona acogi\u00f3 la presentaci\u00f3n oficial de Passeig de Gr\u00e0cia, de Roger Bastida, la novela ganadora de la cuarta edici\u00f3n del Premi Santa Eul\u00e0lia de Novel\u00b7la de Barcelona, convocado por Comanegra y \u00c0fora Focus Edicions. En Passeig de Gr\u00e0cia, los destinos de tres estirpes catalanas \u2014nobles, ... Llegeix m\u00e9s","og_url":"https:\/\/www.focus.cat\/es\/la-libreria-ona-acoge-la-presentacion-de-passeig-de-gracia-la-novela-ganadora-del-premi-santa-eulalia\/","og_site_name":"Focus","article_published_time":"2026-03-10T11:57:41+00:00","og_image":[{"width":1080,"height":1080,"url":"https:\/\/www.focus.cat\/wp-content\/uploads\/2026\/03\/QUADRAT-WEB-FOCUS-3.png","type":"image\/png"}],"author":"Ariadna Salt\u00f3 Mestre","twitter_card":"summary_large_image","schema":{"@context":"https:\/\/schema.org","@graph":[{"@type":"Article","@id":"https:\/\/www.focus.cat\/es\/la-libreria-ona-acoge-la-presentacion-de-passeig-de-gracia-la-novela-ganadora-del-premi-santa-eulalia\/#article","isPartOf":{"@id":"https:\/\/www.focus.cat\/es\/la-libreria-ona-acoge-la-presentacion-de-passeig-de-gracia-la-novela-ganadora-del-premi-santa-eulalia\/"},"author":{"name":"Ariadna Salt\u00f3 Mestre","@id":"https:\/\/www.focus.cat\/#\/schema\/person\/7737ab3698e7e9fca218d954ca8cb594"},"headline":"La librer\u00eda Ona acoge la presentaci\u00f3n de &#8216;Passeig de Gr\u00e0cia&#8217;, la novela ganadora del Premi Santa Eul\u00e0lia","datePublished":"2026-03-10T11:57:41+00:00","mainEntityOfPage":{"@id":"https:\/\/www.focus.cat\/es\/la-libreria-ona-acoge-la-presentacion-de-passeig-de-gracia-la-novela-ganadora-del-premi-santa-eulalia\/"},"wordCount":111,"publisher":{"@id":"https:\/\/www.focus.cat\/#organization"},"image":{"@id":"https:\/\/www.focus.cat\/es\/la-libreria-ona-acoge-la-presentacion-de-passeig-de-gracia-la-novela-ganadora-del-premi-santa-eulalia\/#primaryimage"},"thumbnailUrl":"https:\/\/www.focus.cat\/wp-content\/uploads\/2026\/03\/QUADRAT-WEB-FOCUS-3.png","articleSection":["Noticias","\u00c1fora Ediciones"],"inLanguage":"ca"},{"@type":"WebPage","@id":"https:\/\/www.focus.cat\/es\/la-libreria-ona-acoge-la-presentacion-de-passeig-de-gracia-la-novela-ganadora-del-premi-santa-eulalia\/","url":"https:\/\/www.focus.cat\/es\/la-libreria-ona-acoge-la-presentacion-de-passeig-de-gracia-la-novela-ganadora-del-premi-santa-eulalia\/","name":"La librer\u00eda Ona acoge la presentaci\u00f3n de 'Passeig de Gr\u00e0cia', la novela ganadora del Premi Santa Eul\u00e0lia - Focus","isPartOf":{"@id":"https:\/\/www.focus.cat\/#website"},"primaryImageOfPage":{"@id":"https:\/\/www.focus.cat\/es\/la-libreria-ona-acoge-la-presentacion-de-passeig-de-gracia-la-novela-ganadora-del-premi-santa-eulalia\/#primaryimage"},"image":{"@id":"https:\/\/www.focus.cat\/es\/la-libreria-ona-acoge-la-presentacion-de-passeig-de-gracia-la-novela-ganadora-del-premi-santa-eulalia\/#primaryimage"},"thumbnailUrl":"https:\/\/www.focus.cat\/wp-content\/uploads\/2026\/03\/QUADRAT-WEB-FOCUS-3.png","datePublished":"2026-03-10T11:57:41+00:00","inLanguage":"ca","potentialAction":[{"@type":"ReadAction","target":["https:\/\/www.focus.cat\/es\/la-libreria-ona-acoge-la-presentacion-de-passeig-de-gracia-la-novela-ganadora-del-premi-santa-eulalia\/"]}]},{"@type":"ImageObject","inLanguage":"ca","@id":"https:\/\/www.focus.cat\/es\/la-libreria-ona-acoge-la-presentacion-de-passeig-de-gracia-la-novela-ganadora-del-premi-santa-eulalia\/#primaryimage","url":"https:\/\/www.focus.cat\/wp-content\/uploads\/2026\/03\/QUADRAT-WEB-FOCUS-3.png","contentUrl":"https:\/\/www.focus.cat\/wp-content\/uploads\/2026\/03\/QUADRAT-WEB-FOCUS-3.png","width":1080,"height":1080},{"@type":"WebSite","@id":"https:\/\/www.focus.cat\/#website","url":"https:\/\/www.focus.cat\/","name":"Focus","description":"","publisher":{"@id":"https:\/\/www.focus.cat\/#organization"},"potentialAction":[{"@type":"SearchAction","target":{"@type":"EntryPoint","urlTemplate":"https:\/\/www.focus.cat\/?s={search_term_string}"},"query-input":{"@type":"PropertyValueSpecification","valueRequired":true,"valueName":"search_term_string"}}],"inLanguage":"ca"},{"@type":"Organization","@id":"https:\/\/www.focus.cat\/#organization","name":"Focus","url":"https:\/\/www.focus.cat\/","logo":{"@type":"ImageObject","inLanguage":"ca","@id":"https:\/\/www.focus.cat\/#\/schema\/logo\/image\/","url":"https:\/\/www.focus.cat\/wp-content\/uploads\/2022\/01\/logo-focus-any-35.svg","contentUrl":"https:\/\/www.focus.cat\/wp-content\/uploads\/2022\/01\/logo-focus-any-35.svg","width":1,"height":1,"caption":"Focus"},"image":{"@id":"https:\/\/www.focus.cat\/#\/schema\/logo\/image\/"}},{"@type":"Person","@id":"https:\/\/www.focus.cat\/#\/schema\/person\/7737ab3698e7e9fca218d954ca8cb594","name":"Ariadna Salt\u00f3 Mestre","image":{"@type":"ImageObject","inLanguage":"ca","@id":"https:\/\/secure.gravatar.com\/avatar\/8afaaec7ec449dd5ea0afea1c7be560946d894693567ef25f2212a5648d545f4?s=96&d=mm&r=g","url":"https:\/\/secure.gravatar.com\/avatar\/8afaaec7ec449dd5ea0afea1c7be560946d894693567ef25f2212a5648d545f4?s=96&d=mm&r=g","contentUrl":"https:\/\/secure.gravatar.com\/avatar\/8afaaec7ec449dd5ea0afea1c7be560946d894693567ef25f2212a5648d545f4?s=96&d=mm&r=g","caption":"Ariadna Salt\u00f3 Mestre"},"url":"https:\/\/www.focus.cat\/author\/ariadna-salto-mestre\/"}]}},"_links":{"self":[{"href":"https:\/\/www.focus.cat\/wp-json\/wp\/v2\/posts\/26718","targetHints":{"allow":["GET"]}}],"collection":[{"href":"https:\/\/www.focus.cat\/wp-json\/wp\/v2\/posts"}],"about":[{"href":"https:\/\/www.focus.cat\/wp-json\/wp\/v2\/types\/post"}],"author":[{"embeddable":true,"href":"https:\/\/www.focus.cat\/wp-json\/wp\/v2\/users\/19"}],"replies":[{"embeddable":true,"href":"https:\/\/www.focus.cat\/wp-json\/wp\/v2\/comments?post=26718"}],"version-history":[{"count":0,"href":"https:\/\/www.focus.cat\/wp-json\/wp\/v2\/posts\/26718\/revisions"}],"wp:featuredmedia":[{"embeddable":true,"href":"https:\/\/www.focus.cat\/wp-json\/wp\/v2\/media\/26716"}],"wp:attachment":[{"href":"https:\/\/www.focus.cat\/wp-json\/wp\/v2\/media?parent=26718"}],"wp:term":[{"taxonomy":"category","embeddable":true,"href":"https:\/\/www.focus.cat\/wp-json\/wp\/v2\/categories?post=26718"}],"curies":[{"name":"wp","href":"https:\/\/api.w.org\/{rel}","templated":true}]}}