{"id":26829,"date":"2026-03-18T15:49:39","date_gmt":"2026-03-18T15:49:39","guid":{"rendered":"https:\/\/www.focus.cat\/?p=26829"},"modified":"2026-03-18T15:49:39","modified_gmt":"2026-03-18T15:49:39","slug":"llega-la-tercera-edicion-de-cap-butaca-buida","status":"publish","type":"post","link":"https:\/\/www.focus.cat\/es\/llega-la-tercera-edicion-de-cap-butaca-buida\/","title":{"rendered":"LLEGA LA TERCERA EDICI\u00d3N DE CAP BUTACA BUIDA"},"content":{"rendered":"<p>El pr\u00f3ximo 21 de marzo se celebrar\u00e1 la tercera edici\u00f3n de <strong>Cap Butaca Buida<\/strong>, una iniciativa impulsada por Adetca, Time Out y la Corporaci\u00f3 Catalana de Mitjans Audiovisuals (CCMA), con el apoyo de la Generalitat de Catalunya, el Ayuntamiento de Barcelona y las diputaciones de Barcelona, Tarragona, Girona y Lleida, que quiere convertir Catalunya en la capital mundial de las artes esc\u00e9nicas llenando todas las butacas de los teatros, ateneos y centros c\u00edvicos adheridos.<\/p>\n<p>Los teatros de Focus se han sumado con una programaci\u00f3n variada y completa. El <strong>Teatre Romea<\/strong> acoger\u00e1 la pen\u00faltima funci\u00f3n de <a href=\"https:\/\/www.teatreromea.cat\/es\/ex\/vania\/\"><em><strong>V\u00e0nia<\/strong><\/em><\/a>, el tour de force actoral de Joel Joan bajo la direcci\u00f3n de Nelson Valente. El <strong>Teatre Condal<\/strong> acoger\u00e1 una doble funci\u00f3n de <a href=\"https:\/\/www.teatrecondal.cat\/es\/ex\/una-idea-genial\/\"><em><strong>Una idea genial<\/strong><\/em><\/a>, la comedia de S\u00e9bastian Castro dirigida por Xavier Ricart que empieza funciones esta misma semana en el teatro del Paral\u00b7lel. El <strong>Teatre Goya<\/strong> tendr\u00e1 programaci\u00f3n a lo largo de toda la jornada: <a href=\"https:\/\/www.teatregoya.cat\/es\/ex\/fills-no-deu-ser-tan-dificil\/\"><em><strong>Fills, no deu ser tant dif\u00edcil!<\/strong><\/em><\/a>, el mon\u00f3logo de M\u00edriam Tirado, podr\u00e1 verse en horario matinal; <a href=\"https:\/\/www.teatregoya.cat\/es\/ex\/mejor-no-decirlo\/\"><em><strong>Mejor no decirlo<\/strong><\/em><\/a>, la comedia protagonizada por Imanol Arias y Mar\u00eda Barranco, har\u00e1 doble funci\u00f3n con todas las localidades agotadas, y cerrar\u00e1 la jornada <a href=\"https:\/\/www.teatregoya.cat\/es\/ex\/buenrollistas\/\"><em><strong>Buenrollistas<\/strong><\/em><\/a>, de V\u00edctor Parrado. Y, finalmente, <strong>La Villarroel<\/strong> acoger\u00e1 una funci\u00f3n matinal de <a href=\"https:\/\/www.lavillarroel.cat\/es\/ex\/un-poyo-rojo\/\"><em><strong>Un poyo rojo<\/strong><\/em><\/a>, el explosivo espect\u00e1culo de teatro f\u00edsico llegado de Argentina, y una doble funci\u00f3n, tambi\u00e9n con todas las entradas agotadas, de <a href=\"https:\/\/www.lavillarroel.cat\/es\/ex\/els-fills\/\"><em><strong>Els fills<\/strong><\/em><\/a>, la obra de Lucy Kirkwood dirigida por David Selvas y protagonizada por Merc\u00e8 Ar\u00e1nega, Jordi Boixaderas y Emma Vilarasau.<\/p>\n<p>Una oferta, pues, amplia y para todo tipo de p\u00fablicos para celebrar esta nueva edici\u00f3n de la gran jornada teatral de nuestro pa\u00eds.<\/p>\n<p><img decoding=\"async\" class=\"wp-image-26824 aligncenter\" src=\"https:\/\/www.focus.cat\/wp-content\/uploads\/2026\/03\/HORITZONTAL-WEB-FOCUS-3-1124x632.png\" alt=\"\" width=\"686\" height=\"386\" srcset=\"https:\/\/www.focus.cat\/wp-content\/uploads\/2026\/03\/HORITZONTAL-WEB-FOCUS-3-1124x632.png 1124w, https:\/\/www.focus.cat\/wp-content\/uploads\/2026\/03\/HORITZONTAL-WEB-FOCUS-3-300x169.png 300w, https:\/\/www.focus.cat\/wp-content\/uploads\/2026\/03\/HORITZONTAL-WEB-FOCUS-3-150x84.png 150w, https:\/\/www.focus.cat\/wp-content\/uploads\/2026\/03\/HORITZONTAL-WEB-FOCUS-3-800x450.png 800w, https:\/\/www.focus.cat\/wp-content\/uploads\/2026\/03\/HORITZONTAL-WEB-FOCUS-3-1536x864.png 1536w, https:\/\/www.focus.cat\/wp-content\/uploads\/2026\/03\/HORITZONTAL-WEB-FOCUS-3-1500x844.png 1500w, https:\/\/www.focus.cat\/wp-content\/uploads\/2026\/03\/HORITZONTAL-WEB-FOCUS-3.png 1600w\" sizes=\"(max-width: 686px) 100vw, 686px\" \/><\/p>\n","protected":false},"excerpt":{"rendered":"<p>El pr\u00f3ximo 21 de marzo se celebrar\u00e1 la tercera edici\u00f3n de Cap Butaca Buida, una iniciativa impulsada por Adetca, Time Out y la Corporaci\u00f3 Catalana de Mitjans Audiovisuals (CCMA), con el apoyo de la Generalitat de Catalunya, el Ayuntamiento de Barcelona y las diputaciones de Barcelona, Tarragona, Girona y Lleida, que quiere convertir Catalunya en<a class=\"excerpt-read-more\" href=\"https:\/\/www.focus.cat\/es\/llega-la-tercera-edicion-de-cap-butaca-buida\/\" title=\"LlegeixLLEGA LA TERCERA EDICI\u00d3N DE CAP BUTACA BUIDA\"> &#8230; Llegeix m\u00e9s<\/a><\/p>\n","protected":false},"author":19,"featured_media":26824,"comment_status":"closed","ping_status":"closed","sticky":false,"template":"","format":"standard","meta":{"_acf_changed":false,"inline_featured_image":false,"footnotes":""},"categories":[4],"class_list":["post-26829","post","type-post","status-publish","format-standard","has-post-thumbnail","hentry","category-noticias"],"acf":[],"yoast_head":"<!-- This site is optimized with the Yoast SEO plugin v27.5 - https:\/\/yoast.com\/product\/yoast-seo-wordpress\/ -->\n<title>LLEGA LA TERCERA EDICI\u00d3N DE CAP BUTACA BUIDA - Focus<\/title>\n<meta name=\"robots\" content=\"index, follow, max-snippet:-1, max-image-preview:large, max-video-preview:-1\" \/>\n<link rel=\"canonical\" href=\"https:\/\/www.focus.cat\/llega-la-tercera-edicion-de-cap-butaca-buida\/\" \/>\n<meta property=\"og:locale\" content=\"ca_ES\" \/>\n<meta property=\"og:type\" content=\"article\" \/>\n<meta property=\"og:title\" content=\"LLEGA LA TERCERA EDICI\u00d3N DE CAP BUTACA BUIDA - Focus\" \/>\n<meta property=\"og:description\" content=\"El pr\u00f3ximo 21 de marzo se celebrar\u00e1 la tercera edici\u00f3n de Cap Butaca Buida, una iniciativa impulsada por Adetca, Time Out y la Corporaci\u00f3 Catalana de Mitjans Audiovisuals (CCMA), con el apoyo de la Generalitat de Catalunya, el Ayuntamiento de Barcelona y las diputaciones de Barcelona, Tarragona, Girona y Lleida, que quiere convertir Catalunya en ... Llegeix m\u00e9s\" \/>\n<meta property=\"og:url\" content=\"https:\/\/www.focus.cat\/es\/llega-la-tercera-edicion-de-cap-butaca-buida\/\" \/>\n<meta property=\"og:site_name\" content=\"Focus\" \/>\n<meta property=\"article:published_time\" content=\"2026-03-18T15:49:39+00:00\" \/>\n<meta property=\"og:image\" content=\"https:\/\/www.focus.cat\/wp-content\/uploads\/2026\/03\/HORITZONTAL-WEB-FOCUS-3.png\" \/>\n\t<meta property=\"og:image:width\" content=\"1600\" \/>\n\t<meta property=\"og:image:height\" content=\"900\" \/>\n\t<meta property=\"og:image:type\" content=\"image\/png\" \/>\n<meta name=\"author\" content=\"Ariadna Salt\u00f3 Mestre\" \/>\n<meta name=\"twitter:card\" content=\"summary_large_image\" \/>\n<script type=\"application\/ld+json\" class=\"yoast-schema-graph\">{\"@context\":\"https:\\\/\\\/schema.org\",\"@graph\":[{\"@type\":\"Article\",\"@id\":\"https:\\\/\\\/www.focus.cat\\\/es\\\/llega-la-tercera-edicion-de-cap-butaca-buida\\\/#article\",\"isPartOf\":{\"@id\":\"https:\\\/\\\/www.focus.cat\\\/es\\\/llega-la-tercera-edicion-de-cap-butaca-buida\\\/\"},\"author\":{\"name\":\"Ariadna Salt\u00f3 Mestre\",\"@id\":\"https:\\\/\\\/www.focus.cat\\\/#\\\/schema\\\/person\\\/7737ab3698e7e9fca218d954ca8cb594\"},\"headline\":\"LLEGA LA TERCERA EDICI\u00d3N DE CAP BUTACA BUIDA\",\"datePublished\":\"2026-03-18T15:49:39+00:00\",\"mainEntityOfPage\":{\"@id\":\"https:\\\/\\\/www.focus.cat\\\/es\\\/llega-la-tercera-edicion-de-cap-butaca-buida\\\/\"},\"wordCount\":309,\"publisher\":{\"@id\":\"https:\\\/\\\/www.focus.cat\\\/#organization\"},\"image\":{\"@id\":\"https:\\\/\\\/www.focus.cat\\\/es\\\/llega-la-tercera-edicion-de-cap-butaca-buida\\\/#primaryimage\"},\"thumbnailUrl\":\"https:\\\/\\\/www.focus.cat\\\/wp-content\\\/uploads\\\/2026\\\/03\\\/HORITZONTAL-WEB-FOCUS-3.png\",\"articleSection\":[\"Noticias\"],\"inLanguage\":\"ca\"},{\"@type\":\"WebPage\",\"@id\":\"https:\\\/\\\/www.focus.cat\\\/es\\\/llega-la-tercera-edicion-de-cap-butaca-buida\\\/\",\"url\":\"https:\\\/\\\/www.focus.cat\\\/es\\\/llega-la-tercera-edicion-de-cap-butaca-buida\\\/\",\"name\":\"LLEGA LA TERCERA EDICI\u00d3N DE CAP BUTACA BUIDA - Focus\",\"isPartOf\":{\"@id\":\"https:\\\/\\\/www.focus.cat\\\/#website\"},\"primaryImageOfPage\":{\"@id\":\"https:\\\/\\\/www.focus.cat\\\/es\\\/llega-la-tercera-edicion-de-cap-butaca-buida\\\/#primaryimage\"},\"image\":{\"@id\":\"https:\\\/\\\/www.focus.cat\\\/es\\\/llega-la-tercera-edicion-de-cap-butaca-buida\\\/#primaryimage\"},\"thumbnailUrl\":\"https:\\\/\\\/www.focus.cat\\\/wp-content\\\/uploads\\\/2026\\\/03\\\/HORITZONTAL-WEB-FOCUS-3.png\",\"datePublished\":\"2026-03-18T15:49:39+00:00\",\"inLanguage\":\"ca\",\"potentialAction\":[{\"@type\":\"ReadAction\",\"target\":[\"https:\\\/\\\/www.focus.cat\\\/es\\\/llega-la-tercera-edicion-de-cap-butaca-buida\\\/\"]}]},{\"@type\":\"ImageObject\",\"inLanguage\":\"ca\",\"@id\":\"https:\\\/\\\/www.focus.cat\\\/es\\\/llega-la-tercera-edicion-de-cap-butaca-buida\\\/#primaryimage\",\"url\":\"https:\\\/\\\/www.focus.cat\\\/wp-content\\\/uploads\\\/2026\\\/03\\\/HORITZONTAL-WEB-FOCUS-3.png\",\"contentUrl\":\"https:\\\/\\\/www.focus.cat\\\/wp-content\\\/uploads\\\/2026\\\/03\\\/HORITZONTAL-WEB-FOCUS-3.png\",\"width\":1600,\"height\":900},{\"@type\":\"WebSite\",\"@id\":\"https:\\\/\\\/www.focus.cat\\\/#website\",\"url\":\"https:\\\/\\\/www.focus.cat\\\/\",\"name\":\"Focus\",\"description\":\"\",\"publisher\":{\"@id\":\"https:\\\/\\\/www.focus.cat\\\/#organization\"},\"potentialAction\":[{\"@type\":\"SearchAction\",\"target\":{\"@type\":\"EntryPoint\",\"urlTemplate\":\"https:\\\/\\\/www.focus.cat\\\/?s={search_term_string}\"},\"query-input\":{\"@type\":\"PropertyValueSpecification\",\"valueRequired\":true,\"valueName\":\"search_term_string\"}}],\"inLanguage\":\"ca\"},{\"@type\":\"Organization\",\"@id\":\"https:\\\/\\\/www.focus.cat\\\/#organization\",\"name\":\"Focus\",\"url\":\"https:\\\/\\\/www.focus.cat\\\/\",\"logo\":{\"@type\":\"ImageObject\",\"inLanguage\":\"ca\",\"@id\":\"https:\\\/\\\/www.focus.cat\\\/#\\\/schema\\\/logo\\\/image\\\/\",\"url\":\"https:\\\/\\\/www.focus.cat\\\/wp-content\\\/uploads\\\/2022\\\/01\\\/logo-focus-any-35.svg\",\"contentUrl\":\"https:\\\/\\\/www.focus.cat\\\/wp-content\\\/uploads\\\/2022\\\/01\\\/logo-focus-any-35.svg\",\"width\":1,\"height\":1,\"caption\":\"Focus\"},\"image\":{\"@id\":\"https:\\\/\\\/www.focus.cat\\\/#\\\/schema\\\/logo\\\/image\\\/\"}},{\"@type\":\"Person\",\"@id\":\"https:\\\/\\\/www.focus.cat\\\/#\\\/schema\\\/person\\\/7737ab3698e7e9fca218d954ca8cb594\",\"name\":\"Ariadna Salt\u00f3 Mestre\",\"image\":{\"@type\":\"ImageObject\",\"inLanguage\":\"ca\",\"@id\":\"https:\\\/\\\/secure.gravatar.com\\\/avatar\\\/8afaaec7ec449dd5ea0afea1c7be560946d894693567ef25f2212a5648d545f4?s=96&d=mm&r=g\",\"url\":\"https:\\\/\\\/secure.gravatar.com\\\/avatar\\\/8afaaec7ec449dd5ea0afea1c7be560946d894693567ef25f2212a5648d545f4?s=96&d=mm&r=g\",\"contentUrl\":\"https:\\\/\\\/secure.gravatar.com\\\/avatar\\\/8afaaec7ec449dd5ea0afea1c7be560946d894693567ef25f2212a5648d545f4?s=96&d=mm&r=g\",\"caption\":\"Ariadna Salt\u00f3 Mestre\"},\"url\":\"https:\\\/\\\/www.focus.cat\\\/author\\\/ariadna-salto-mestre\\\/\"}]}<\/script>\n<!-- \/ Yoast SEO plugin. -->","yoast_head_json":{"title":"LLEGA LA TERCERA EDICI\u00d3N DE CAP BUTACA BUIDA - Focus","robots":{"index":"index","follow":"follow","max-snippet":"max-snippet:-1","max-image-preview":"max-image-preview:large","max-video-preview":"max-video-preview:-1"},"canonical":"https:\/\/www.focus.cat\/llega-la-tercera-edicion-de-cap-butaca-buida\/","og_locale":"ca_ES","og_type":"article","og_title":"LLEGA LA TERCERA EDICI\u00d3N DE CAP BUTACA BUIDA - Focus","og_description":"El pr\u00f3ximo 21 de marzo se celebrar\u00e1 la tercera edici\u00f3n de Cap Butaca Buida, una iniciativa impulsada por Adetca, Time Out y la Corporaci\u00f3 Catalana de Mitjans Audiovisuals (CCMA), con el apoyo de la Generalitat de Catalunya, el Ayuntamiento de Barcelona y las diputaciones de Barcelona, Tarragona, Girona y Lleida, que quiere convertir Catalunya en ... Llegeix m\u00e9s","og_url":"https:\/\/www.focus.cat\/es\/llega-la-tercera-edicion-de-cap-butaca-buida\/","og_site_name":"Focus","article_published_time":"2026-03-18T15:49:39+00:00","og_image":[{"width":1600,"height":900,"url":"https:\/\/www.focus.cat\/wp-content\/uploads\/2026\/03\/HORITZONTAL-WEB-FOCUS-3.png","type":"image\/png"}],"author":"Ariadna Salt\u00f3 Mestre","twitter_card":"summary_large_image","schema":{"@context":"https:\/\/schema.org","@graph":[{"@type":"Article","@id":"https:\/\/www.focus.cat\/es\/llega-la-tercera-edicion-de-cap-butaca-buida\/#article","isPartOf":{"@id":"https:\/\/www.focus.cat\/es\/llega-la-tercera-edicion-de-cap-butaca-buida\/"},"author":{"name":"Ariadna Salt\u00f3 Mestre","@id":"https:\/\/www.focus.cat\/#\/schema\/person\/7737ab3698e7e9fca218d954ca8cb594"},"headline":"LLEGA LA TERCERA EDICI\u00d3N DE CAP BUTACA BUIDA","datePublished":"2026-03-18T15:49:39+00:00","mainEntityOfPage":{"@id":"https:\/\/www.focus.cat\/es\/llega-la-tercera-edicion-de-cap-butaca-buida\/"},"wordCount":309,"publisher":{"@id":"https:\/\/www.focus.cat\/#organization"},"image":{"@id":"https:\/\/www.focus.cat\/es\/llega-la-tercera-edicion-de-cap-butaca-buida\/#primaryimage"},"thumbnailUrl":"https:\/\/www.focus.cat\/wp-content\/uploads\/2026\/03\/HORITZONTAL-WEB-FOCUS-3.png","articleSection":["Noticias"],"inLanguage":"ca"},{"@type":"WebPage","@id":"https:\/\/www.focus.cat\/es\/llega-la-tercera-edicion-de-cap-butaca-buida\/","url":"https:\/\/www.focus.cat\/es\/llega-la-tercera-edicion-de-cap-butaca-buida\/","name":"LLEGA LA TERCERA EDICI\u00d3N DE CAP BUTACA BUIDA - Focus","isPartOf":{"@id":"https:\/\/www.focus.cat\/#website"},"primaryImageOfPage":{"@id":"https:\/\/www.focus.cat\/es\/llega-la-tercera-edicion-de-cap-butaca-buida\/#primaryimage"},"image":{"@id":"https:\/\/www.focus.cat\/es\/llega-la-tercera-edicion-de-cap-butaca-buida\/#primaryimage"},"thumbnailUrl":"https:\/\/www.focus.cat\/wp-content\/uploads\/2026\/03\/HORITZONTAL-WEB-FOCUS-3.png","datePublished":"2026-03-18T15:49:39+00:00","inLanguage":"ca","potentialAction":[{"@type":"ReadAction","target":["https:\/\/www.focus.cat\/es\/llega-la-tercera-edicion-de-cap-butaca-buida\/"]}]},{"@type":"ImageObject","inLanguage":"ca","@id":"https:\/\/www.focus.cat\/es\/llega-la-tercera-edicion-de-cap-butaca-buida\/#primaryimage","url":"https:\/\/www.focus.cat\/wp-content\/uploads\/2026\/03\/HORITZONTAL-WEB-FOCUS-3.png","contentUrl":"https:\/\/www.focus.cat\/wp-content\/uploads\/2026\/03\/HORITZONTAL-WEB-FOCUS-3.png","width":1600,"height":900},{"@type":"WebSite","@id":"https:\/\/www.focus.cat\/#website","url":"https:\/\/www.focus.cat\/","name":"Focus","description":"","publisher":{"@id":"https:\/\/www.focus.cat\/#organization"},"potentialAction":[{"@type":"SearchAction","target":{"@type":"EntryPoint","urlTemplate":"https:\/\/www.focus.cat\/?s={search_term_string}"},"query-input":{"@type":"PropertyValueSpecification","valueRequired":true,"valueName":"search_term_string"}}],"inLanguage":"ca"},{"@type":"Organization","@id":"https:\/\/www.focus.cat\/#organization","name":"Focus","url":"https:\/\/www.focus.cat\/","logo":{"@type":"ImageObject","inLanguage":"ca","@id":"https:\/\/www.focus.cat\/#\/schema\/logo\/image\/","url":"https:\/\/www.focus.cat\/wp-content\/uploads\/2022\/01\/logo-focus-any-35.svg","contentUrl":"https:\/\/www.focus.cat\/wp-content\/uploads\/2022\/01\/logo-focus-any-35.svg","width":1,"height":1,"caption":"Focus"},"image":{"@id":"https:\/\/www.focus.cat\/#\/schema\/logo\/image\/"}},{"@type":"Person","@id":"https:\/\/www.focus.cat\/#\/schema\/person\/7737ab3698e7e9fca218d954ca8cb594","name":"Ariadna Salt\u00f3 Mestre","image":{"@type":"ImageObject","inLanguage":"ca","@id":"https:\/\/secure.gravatar.com\/avatar\/8afaaec7ec449dd5ea0afea1c7be560946d894693567ef25f2212a5648d545f4?s=96&d=mm&r=g","url":"https:\/\/secure.gravatar.com\/avatar\/8afaaec7ec449dd5ea0afea1c7be560946d894693567ef25f2212a5648d545f4?s=96&d=mm&r=g","contentUrl":"https:\/\/secure.gravatar.com\/avatar\/8afaaec7ec449dd5ea0afea1c7be560946d894693567ef25f2212a5648d545f4?s=96&d=mm&r=g","caption":"Ariadna Salt\u00f3 Mestre"},"url":"https:\/\/www.focus.cat\/author\/ariadna-salto-mestre\/"}]}},"_links":{"self":[{"href":"https:\/\/www.focus.cat\/wp-json\/wp\/v2\/posts\/26829","targetHints":{"allow":["GET"]}}],"collection":[{"href":"https:\/\/www.focus.cat\/wp-json\/wp\/v2\/posts"}],"about":[{"href":"https:\/\/www.focus.cat\/wp-json\/wp\/v2\/types\/post"}],"author":[{"embeddable":true,"href":"https:\/\/www.focus.cat\/wp-json\/wp\/v2\/users\/19"}],"replies":[{"embeddable":true,"href":"https:\/\/www.focus.cat\/wp-json\/wp\/v2\/comments?post=26829"}],"version-history":[{"count":0,"href":"https:\/\/www.focus.cat\/wp-json\/wp\/v2\/posts\/26829\/revisions"}],"wp:featuredmedia":[{"embeddable":true,"href":"https:\/\/www.focus.cat\/wp-json\/wp\/v2\/media\/26824"}],"wp:attachment":[{"href":"https:\/\/www.focus.cat\/wp-json\/wp\/v2\/media?parent=26829"}],"wp:term":[{"taxonomy":"category","embeddable":true,"href":"https:\/\/www.focus.cat\/wp-json\/wp\/v2\/categories?post=26829"}],"curies":[{"name":"wp","href":"https:\/\/api.w.org\/{rel}","templated":true}]}}