{"id":26853,"date":"2026-03-18T16:39:50","date_gmt":"2026-03-18T16:39:50","guid":{"rendered":"https:\/\/www.focus.cat\/?p=26853"},"modified":"2026-03-18T16:39:50","modified_gmt":"2026-03-18T16:39:50","slug":"passeig-de-gracia-la-novela-ganadora-del-premio-santa-eulalia-ya-es-un-exito-de-ventas","status":"publish","type":"post","link":"https:\/\/www.focus.cat\/es\/passeig-de-gracia-la-novela-ganadora-del-premio-santa-eulalia-ya-es-un-exito-de-ventas\/","title":{"rendered":"PASSEIG DE GR\u00c0CIA, LA NOVELA GANADORA DEL PREMIO SANTA EUL\u00c0LIA YA ES UN \u00c9XITO DE VENTAS"},"content":{"rendered":"<p><a href=\"https:\/\/comanegra.com\/ca\/barcelona\/890-passeig-de-gracia-roger-bastida-premi-santa-eulalia-2026.html?srsltid=AfmBOoo-8goZYnRXeY_GDLpf37FHpB9Bvzw0_0zajwxt0gs9KHj-AW-k\"><em><strong>Passeig de Gr\u00e0cia<\/strong><\/em><\/a>, la novela ganadora de la cuarta edici\u00f3n del <strong>Premi Santa Eul\u00e0lia de Novel\u00b7la de Barcelona<\/strong>, convocado por <strong>Comanegra y \u00c0fora Focus Edicions<\/strong>, escrita por <strong>Roger Bastida<\/strong> y presentada el pasado 3 de marzo en la librer\u00eda Ona de Barcelona, es ya un gran \u00e9xito de ventas.<\/p>\n<p>Durante la primera semana, <em>Passeig de Gr\u00e0cia<\/em> debut\u00f3 alcanzando la tercera posici\u00f3n entre los libros de ficci\u00f3n en catal\u00e1n en la lista oficial de m\u00e1s vendidos publicada por el Gremi de Llibreters, y desde entonces no se ha movido del top 5 de esta clasificaci\u00f3n.<\/p>\n<p>Un gran \u00e9xito que lo consolida como una de las opciones destacadas de cara a la pr\u00f3xima edici\u00f3n de la <strong>Diada de Sant Jordi<\/strong>.<\/p>\n<p><em>Passeig de Gr\u00e0cia<\/em> es una novela que narra los destinos de tres linajes catalanes \u2014nobles, burgueses y obreros\u2014 que se entrelazan en un excepcional retablo hist\u00f3rico marcado por el poder, el lujo y la discordia.<\/p>\n<p><img decoding=\"async\" class=\"wp-image-26716 aligncenter\" src=\"https:\/\/www.focus.cat\/wp-content\/uploads\/2026\/03\/QUADRAT-WEB-FOCUS-3.png\" alt=\"\" width=\"472\" height=\"472\" srcset=\"https:\/\/www.focus.cat\/wp-content\/uploads\/2026\/03\/QUADRAT-WEB-FOCUS-3.png 1080w, https:\/\/www.focus.cat\/wp-content\/uploads\/2026\/03\/QUADRAT-WEB-FOCUS-3-300x300.png 300w, https:\/\/www.focus.cat\/wp-content\/uploads\/2026\/03\/QUADRAT-WEB-FOCUS-3-150x150.png 150w, https:\/\/www.focus.cat\/wp-content\/uploads\/2026\/03\/QUADRAT-WEB-FOCUS-3-800x800.png 800w, https:\/\/www.focus.cat\/wp-content\/uploads\/2026\/03\/QUADRAT-WEB-FOCUS-3-125x125.png 125w\" sizes=\"(max-width: 472px) 100vw, 472px\" \/><\/p>\n","protected":false},"excerpt":{"rendered":"<p>Passeig de Gr\u00e0cia, la novela ganadora de la cuarta edici\u00f3n del Premi Santa Eul\u00e0lia de Novel\u00b7la de Barcelona, convocado por Comanegra y \u00c0fora Focus Edicions, escrita por Roger Bastida y presentada el pasado 3 de marzo en la librer\u00eda Ona de Barcelona, es ya un gran \u00e9xito de ventas. Durante la primera semana, Passeig de<a class=\"excerpt-read-more\" href=\"https:\/\/www.focus.cat\/es\/passeig-de-gracia-la-novela-ganadora-del-premio-santa-eulalia-ya-es-un-exito-de-ventas\/\" title=\"LlegeixPASSEIG DE GR\u00c0CIA, LA NOVELA GANADORA DEL PREMIO SANTA EUL\u00c0LIA YA ES UN \u00c9XITO DE VENTAS\"> &#8230; Llegeix m\u00e9s<\/a><\/p>\n","protected":false},"author":19,"featured_media":26716,"comment_status":"closed","ping_status":"closed","sticky":false,"template":"","format":"standard","meta":{"_acf_changed":false,"inline_featured_image":false,"footnotes":""},"categories":[4,30,51],"class_list":["post-26853","post","type-post","status-publish","format-standard","has-post-thumbnail","hentry","category-noticias","category-ediciones","category-afora-ediciones"],"acf":[],"yoast_head":"<!-- This site is optimized with the Yoast SEO plugin v27.5 - https:\/\/yoast.com\/product\/yoast-seo-wordpress\/ -->\n<title>PASSEIG DE GR\u00c0CIA, LA NOVELA GANADORA DEL PREMIO SANTA EUL\u00c0LIA YA ES UN \u00c9XITO DE VENTAS - Focus<\/title>\n<meta name=\"robots\" content=\"index, follow, max-snippet:-1, max-image-preview:large, max-video-preview:-1\" \/>\n<link rel=\"canonical\" href=\"https:\/\/www.focus.cat\/passeig-de-gracia-la-novela-ganadora-del-premio-santa-eulalia-ya-es-un-exito-de-ventas\/\" \/>\n<meta property=\"og:locale\" content=\"ca_ES\" \/>\n<meta property=\"og:type\" content=\"article\" \/>\n<meta property=\"og:title\" content=\"PASSEIG DE GR\u00c0CIA, LA NOVELA GANADORA DEL PREMIO SANTA EUL\u00c0LIA YA ES UN \u00c9XITO DE VENTAS - Focus\" \/>\n<meta property=\"og:description\" content=\"Passeig de Gr\u00e0cia, la novela ganadora de la cuarta edici\u00f3n del Premi Santa Eul\u00e0lia de Novel\u00b7la de Barcelona, convocado por Comanegra y \u00c0fora Focus Edicions, escrita por Roger Bastida y presentada el pasado 3 de marzo en la librer\u00eda Ona de Barcelona, es ya un gran \u00e9xito de ventas. Durante la primera semana, Passeig de ... Llegeix m\u00e9s\" \/>\n<meta property=\"og:url\" content=\"https:\/\/www.focus.cat\/es\/passeig-de-gracia-la-novela-ganadora-del-premio-santa-eulalia-ya-es-un-exito-de-ventas\/\" \/>\n<meta property=\"og:site_name\" content=\"Focus\" \/>\n<meta property=\"article:published_time\" content=\"2026-03-18T16:39:50+00:00\" \/>\n<meta property=\"og:image\" content=\"https:\/\/www.focus.cat\/wp-content\/uploads\/2026\/03\/QUADRAT-WEB-FOCUS-3.png\" \/>\n\t<meta property=\"og:image:width\" content=\"1080\" \/>\n\t<meta property=\"og:image:height\" content=\"1080\" \/>\n\t<meta property=\"og:image:type\" content=\"image\/png\" \/>\n<meta name=\"author\" content=\"Ariadna Salt\u00f3 Mestre\" \/>\n<meta name=\"twitter:card\" content=\"summary_large_image\" \/>\n<script type=\"application\/ld+json\" class=\"yoast-schema-graph\">{\"@context\":\"https:\\\/\\\/schema.org\",\"@graph\":[{\"@type\":\"Article\",\"@id\":\"https:\\\/\\\/www.focus.cat\\\/es\\\/passeig-de-gracia-la-novela-ganadora-del-premio-santa-eulalia-ya-es-un-exito-de-ventas\\\/#article\",\"isPartOf\":{\"@id\":\"https:\\\/\\\/www.focus.cat\\\/es\\\/passeig-de-gracia-la-novela-ganadora-del-premio-santa-eulalia-ya-es-un-exito-de-ventas\\\/\"},\"author\":{\"name\":\"Ariadna Salt\u00f3 Mestre\",\"@id\":\"https:\\\/\\\/www.focus.cat\\\/#\\\/schema\\\/person\\\/7737ab3698e7e9fca218d954ca8cb594\"},\"headline\":\"PASSEIG DE GR\u00c0CIA, LA NOVELA GANADORA DEL PREMIO SANTA EUL\u00c0LIA YA ES UN \u00c9XITO DE VENTAS\",\"datePublished\":\"2026-03-18T16:39:50+00:00\",\"mainEntityOfPage\":{\"@id\":\"https:\\\/\\\/www.focus.cat\\\/es\\\/passeig-de-gracia-la-novela-ganadora-del-premio-santa-eulalia-ya-es-un-exito-de-ventas\\\/\"},\"wordCount\":184,\"publisher\":{\"@id\":\"https:\\\/\\\/www.focus.cat\\\/#organization\"},\"image\":{\"@id\":\"https:\\\/\\\/www.focus.cat\\\/es\\\/passeig-de-gracia-la-novela-ganadora-del-premio-santa-eulalia-ya-es-un-exito-de-ventas\\\/#primaryimage\"},\"thumbnailUrl\":\"https:\\\/\\\/www.focus.cat\\\/wp-content\\\/uploads\\\/2026\\\/03\\\/QUADRAT-WEB-FOCUS-3.png\",\"articleSection\":[\"Noticias\",\"Ediciones\",\"\u00c1fora Ediciones\"],\"inLanguage\":\"ca\"},{\"@type\":\"WebPage\",\"@id\":\"https:\\\/\\\/www.focus.cat\\\/es\\\/passeig-de-gracia-la-novela-ganadora-del-premio-santa-eulalia-ya-es-un-exito-de-ventas\\\/\",\"url\":\"https:\\\/\\\/www.focus.cat\\\/es\\\/passeig-de-gracia-la-novela-ganadora-del-premio-santa-eulalia-ya-es-un-exito-de-ventas\\\/\",\"name\":\"PASSEIG DE GR\u00c0CIA, LA NOVELA GANADORA DEL PREMIO SANTA EUL\u00c0LIA YA ES UN \u00c9XITO DE VENTAS - Focus\",\"isPartOf\":{\"@id\":\"https:\\\/\\\/www.focus.cat\\\/#website\"},\"primaryImageOfPage\":{\"@id\":\"https:\\\/\\\/www.focus.cat\\\/es\\\/passeig-de-gracia-la-novela-ganadora-del-premio-santa-eulalia-ya-es-un-exito-de-ventas\\\/#primaryimage\"},\"image\":{\"@id\":\"https:\\\/\\\/www.focus.cat\\\/es\\\/passeig-de-gracia-la-novela-ganadora-del-premio-santa-eulalia-ya-es-un-exito-de-ventas\\\/#primaryimage\"},\"thumbnailUrl\":\"https:\\\/\\\/www.focus.cat\\\/wp-content\\\/uploads\\\/2026\\\/03\\\/QUADRAT-WEB-FOCUS-3.png\",\"datePublished\":\"2026-03-18T16:39:50+00:00\",\"inLanguage\":\"ca\",\"potentialAction\":[{\"@type\":\"ReadAction\",\"target\":[\"https:\\\/\\\/www.focus.cat\\\/es\\\/passeig-de-gracia-la-novela-ganadora-del-premio-santa-eulalia-ya-es-un-exito-de-ventas\\\/\"]}]},{\"@type\":\"ImageObject\",\"inLanguage\":\"ca\",\"@id\":\"https:\\\/\\\/www.focus.cat\\\/es\\\/passeig-de-gracia-la-novela-ganadora-del-premio-santa-eulalia-ya-es-un-exito-de-ventas\\\/#primaryimage\",\"url\":\"https:\\\/\\\/www.focus.cat\\\/wp-content\\\/uploads\\\/2026\\\/03\\\/QUADRAT-WEB-FOCUS-3.png\",\"contentUrl\":\"https:\\\/\\\/www.focus.cat\\\/wp-content\\\/uploads\\\/2026\\\/03\\\/QUADRAT-WEB-FOCUS-3.png\",\"width\":1080,\"height\":1080},{\"@type\":\"WebSite\",\"@id\":\"https:\\\/\\\/www.focus.cat\\\/#website\",\"url\":\"https:\\\/\\\/www.focus.cat\\\/\",\"name\":\"Focus\",\"description\":\"\",\"publisher\":{\"@id\":\"https:\\\/\\\/www.focus.cat\\\/#organization\"},\"potentialAction\":[{\"@type\":\"SearchAction\",\"target\":{\"@type\":\"EntryPoint\",\"urlTemplate\":\"https:\\\/\\\/www.focus.cat\\\/?s={search_term_string}\"},\"query-input\":{\"@type\":\"PropertyValueSpecification\",\"valueRequired\":true,\"valueName\":\"search_term_string\"}}],\"inLanguage\":\"ca\"},{\"@type\":\"Organization\",\"@id\":\"https:\\\/\\\/www.focus.cat\\\/#organization\",\"name\":\"Focus\",\"url\":\"https:\\\/\\\/www.focus.cat\\\/\",\"logo\":{\"@type\":\"ImageObject\",\"inLanguage\":\"ca\",\"@id\":\"https:\\\/\\\/www.focus.cat\\\/#\\\/schema\\\/logo\\\/image\\\/\",\"url\":\"https:\\\/\\\/www.focus.cat\\\/wp-content\\\/uploads\\\/2022\\\/01\\\/logo-focus-any-35.svg\",\"contentUrl\":\"https:\\\/\\\/www.focus.cat\\\/wp-content\\\/uploads\\\/2022\\\/01\\\/logo-focus-any-35.svg\",\"width\":1,\"height\":1,\"caption\":\"Focus\"},\"image\":{\"@id\":\"https:\\\/\\\/www.focus.cat\\\/#\\\/schema\\\/logo\\\/image\\\/\"}},{\"@type\":\"Person\",\"@id\":\"https:\\\/\\\/www.focus.cat\\\/#\\\/schema\\\/person\\\/7737ab3698e7e9fca218d954ca8cb594\",\"name\":\"Ariadna Salt\u00f3 Mestre\",\"image\":{\"@type\":\"ImageObject\",\"inLanguage\":\"ca\",\"@id\":\"https:\\\/\\\/secure.gravatar.com\\\/avatar\\\/8afaaec7ec449dd5ea0afea1c7be560946d894693567ef25f2212a5648d545f4?s=96&d=mm&r=g\",\"url\":\"https:\\\/\\\/secure.gravatar.com\\\/avatar\\\/8afaaec7ec449dd5ea0afea1c7be560946d894693567ef25f2212a5648d545f4?s=96&d=mm&r=g\",\"contentUrl\":\"https:\\\/\\\/secure.gravatar.com\\\/avatar\\\/8afaaec7ec449dd5ea0afea1c7be560946d894693567ef25f2212a5648d545f4?s=96&d=mm&r=g\",\"caption\":\"Ariadna Salt\u00f3 Mestre\"},\"url\":\"https:\\\/\\\/www.focus.cat\\\/author\\\/ariadna-salto-mestre\\\/\"}]}<\/script>\n<!-- \/ Yoast SEO plugin. -->","yoast_head_json":{"title":"PASSEIG DE GR\u00c0CIA, LA NOVELA GANADORA DEL PREMIO SANTA EUL\u00c0LIA YA ES UN \u00c9XITO DE VENTAS - Focus","robots":{"index":"index","follow":"follow","max-snippet":"max-snippet:-1","max-image-preview":"max-image-preview:large","max-video-preview":"max-video-preview:-1"},"canonical":"https:\/\/www.focus.cat\/passeig-de-gracia-la-novela-ganadora-del-premio-santa-eulalia-ya-es-un-exito-de-ventas\/","og_locale":"ca_ES","og_type":"article","og_title":"PASSEIG DE GR\u00c0CIA, LA NOVELA GANADORA DEL PREMIO SANTA EUL\u00c0LIA YA ES UN \u00c9XITO DE VENTAS - Focus","og_description":"Passeig de Gr\u00e0cia, la novela ganadora de la cuarta edici\u00f3n del Premi Santa Eul\u00e0lia de Novel\u00b7la de Barcelona, convocado por Comanegra y \u00c0fora Focus Edicions, escrita por Roger Bastida y presentada el pasado 3 de marzo en la librer\u00eda Ona de Barcelona, es ya un gran \u00e9xito de ventas. Durante la primera semana, Passeig de ... Llegeix m\u00e9s","og_url":"https:\/\/www.focus.cat\/es\/passeig-de-gracia-la-novela-ganadora-del-premio-santa-eulalia-ya-es-un-exito-de-ventas\/","og_site_name":"Focus","article_published_time":"2026-03-18T16:39:50+00:00","og_image":[{"width":1080,"height":1080,"url":"https:\/\/www.focus.cat\/wp-content\/uploads\/2026\/03\/QUADRAT-WEB-FOCUS-3.png","type":"image\/png"}],"author":"Ariadna Salt\u00f3 Mestre","twitter_card":"summary_large_image","schema":{"@context":"https:\/\/schema.org","@graph":[{"@type":"Article","@id":"https:\/\/www.focus.cat\/es\/passeig-de-gracia-la-novela-ganadora-del-premio-santa-eulalia-ya-es-un-exito-de-ventas\/#article","isPartOf":{"@id":"https:\/\/www.focus.cat\/es\/passeig-de-gracia-la-novela-ganadora-del-premio-santa-eulalia-ya-es-un-exito-de-ventas\/"},"author":{"name":"Ariadna Salt\u00f3 Mestre","@id":"https:\/\/www.focus.cat\/#\/schema\/person\/7737ab3698e7e9fca218d954ca8cb594"},"headline":"PASSEIG DE GR\u00c0CIA, LA NOVELA GANADORA DEL PREMIO SANTA EUL\u00c0LIA YA ES UN \u00c9XITO DE VENTAS","datePublished":"2026-03-18T16:39:50+00:00","mainEntityOfPage":{"@id":"https:\/\/www.focus.cat\/es\/passeig-de-gracia-la-novela-ganadora-del-premio-santa-eulalia-ya-es-un-exito-de-ventas\/"},"wordCount":184,"publisher":{"@id":"https:\/\/www.focus.cat\/#organization"},"image":{"@id":"https:\/\/www.focus.cat\/es\/passeig-de-gracia-la-novela-ganadora-del-premio-santa-eulalia-ya-es-un-exito-de-ventas\/#primaryimage"},"thumbnailUrl":"https:\/\/www.focus.cat\/wp-content\/uploads\/2026\/03\/QUADRAT-WEB-FOCUS-3.png","articleSection":["Noticias","Ediciones","\u00c1fora Ediciones"],"inLanguage":"ca"},{"@type":"WebPage","@id":"https:\/\/www.focus.cat\/es\/passeig-de-gracia-la-novela-ganadora-del-premio-santa-eulalia-ya-es-un-exito-de-ventas\/","url":"https:\/\/www.focus.cat\/es\/passeig-de-gracia-la-novela-ganadora-del-premio-santa-eulalia-ya-es-un-exito-de-ventas\/","name":"PASSEIG DE GR\u00c0CIA, LA NOVELA GANADORA DEL PREMIO SANTA EUL\u00c0LIA YA ES UN \u00c9XITO DE VENTAS - Focus","isPartOf":{"@id":"https:\/\/www.focus.cat\/#website"},"primaryImageOfPage":{"@id":"https:\/\/www.focus.cat\/es\/passeig-de-gracia-la-novela-ganadora-del-premio-santa-eulalia-ya-es-un-exito-de-ventas\/#primaryimage"},"image":{"@id":"https:\/\/www.focus.cat\/es\/passeig-de-gracia-la-novela-ganadora-del-premio-santa-eulalia-ya-es-un-exito-de-ventas\/#primaryimage"},"thumbnailUrl":"https:\/\/www.focus.cat\/wp-content\/uploads\/2026\/03\/QUADRAT-WEB-FOCUS-3.png","datePublished":"2026-03-18T16:39:50+00:00","inLanguage":"ca","potentialAction":[{"@type":"ReadAction","target":["https:\/\/www.focus.cat\/es\/passeig-de-gracia-la-novela-ganadora-del-premio-santa-eulalia-ya-es-un-exito-de-ventas\/"]}]},{"@type":"ImageObject","inLanguage":"ca","@id":"https:\/\/www.focus.cat\/es\/passeig-de-gracia-la-novela-ganadora-del-premio-santa-eulalia-ya-es-un-exito-de-ventas\/#primaryimage","url":"https:\/\/www.focus.cat\/wp-content\/uploads\/2026\/03\/QUADRAT-WEB-FOCUS-3.png","contentUrl":"https:\/\/www.focus.cat\/wp-content\/uploads\/2026\/03\/QUADRAT-WEB-FOCUS-3.png","width":1080,"height":1080},{"@type":"WebSite","@id":"https:\/\/www.focus.cat\/#website","url":"https:\/\/www.focus.cat\/","name":"Focus","description":"","publisher":{"@id":"https:\/\/www.focus.cat\/#organization"},"potentialAction":[{"@type":"SearchAction","target":{"@type":"EntryPoint","urlTemplate":"https:\/\/www.focus.cat\/?s={search_term_string}"},"query-input":{"@type":"PropertyValueSpecification","valueRequired":true,"valueName":"search_term_string"}}],"inLanguage":"ca"},{"@type":"Organization","@id":"https:\/\/www.focus.cat\/#organization","name":"Focus","url":"https:\/\/www.focus.cat\/","logo":{"@type":"ImageObject","inLanguage":"ca","@id":"https:\/\/www.focus.cat\/#\/schema\/logo\/image\/","url":"https:\/\/www.focus.cat\/wp-content\/uploads\/2022\/01\/logo-focus-any-35.svg","contentUrl":"https:\/\/www.focus.cat\/wp-content\/uploads\/2022\/01\/logo-focus-any-35.svg","width":1,"height":1,"caption":"Focus"},"image":{"@id":"https:\/\/www.focus.cat\/#\/schema\/logo\/image\/"}},{"@type":"Person","@id":"https:\/\/www.focus.cat\/#\/schema\/person\/7737ab3698e7e9fca218d954ca8cb594","name":"Ariadna Salt\u00f3 Mestre","image":{"@type":"ImageObject","inLanguage":"ca","@id":"https:\/\/secure.gravatar.com\/avatar\/8afaaec7ec449dd5ea0afea1c7be560946d894693567ef25f2212a5648d545f4?s=96&d=mm&r=g","url":"https:\/\/secure.gravatar.com\/avatar\/8afaaec7ec449dd5ea0afea1c7be560946d894693567ef25f2212a5648d545f4?s=96&d=mm&r=g","contentUrl":"https:\/\/secure.gravatar.com\/avatar\/8afaaec7ec449dd5ea0afea1c7be560946d894693567ef25f2212a5648d545f4?s=96&d=mm&r=g","caption":"Ariadna Salt\u00f3 Mestre"},"url":"https:\/\/www.focus.cat\/author\/ariadna-salto-mestre\/"}]}},"_links":{"self":[{"href":"https:\/\/www.focus.cat\/wp-json\/wp\/v2\/posts\/26853","targetHints":{"allow":["GET"]}}],"collection":[{"href":"https:\/\/www.focus.cat\/wp-json\/wp\/v2\/posts"}],"about":[{"href":"https:\/\/www.focus.cat\/wp-json\/wp\/v2\/types\/post"}],"author":[{"embeddable":true,"href":"https:\/\/www.focus.cat\/wp-json\/wp\/v2\/users\/19"}],"replies":[{"embeddable":true,"href":"https:\/\/www.focus.cat\/wp-json\/wp\/v2\/comments?post=26853"}],"version-history":[{"count":0,"href":"https:\/\/www.focus.cat\/wp-json\/wp\/v2\/posts\/26853\/revisions"}],"wp:featuredmedia":[{"embeddable":true,"href":"https:\/\/www.focus.cat\/wp-json\/wp\/v2\/media\/26716"}],"wp:attachment":[{"href":"https:\/\/www.focus.cat\/wp-json\/wp\/v2\/media?parent=26853"}],"wp:term":[{"taxonomy":"category","embeddable":true,"href":"https:\/\/www.focus.cat\/wp-json\/wp\/v2\/categories?post=26853"}],"curies":[{"name":"wp","href":"https:\/\/api.w.org\/{rel}","templated":true}]}}