{"id":9533,"date":"2022-07-07T10:43:04","date_gmt":"2022-07-07T10:43:04","guid":{"rendered":"https:\/\/www.focus.cat\/?p=9533"},"modified":"2022-07-07T10:43:04","modified_gmt":"2022-07-07T10:43:04","slug":"confesiones-de-un-artista","status":"publish","type":"post","link":"https:\/\/www.focus.cat\/es\/confesiones-de-un-artista\/","title":{"rendered":"Confesiones de un artista"},"content":{"rendered":"<p>En el Teatre Romea de Barcelona se presenta Confessions de un artista. El evento contar\u00e1 con la presencia de Andreu Rif\u00e9 -artista m\u00fasico y esc\u00e9nico- y Miquel Jord\u00e0 -m\u00fasico-.<\/p>\n<p>\u00ab\u00bfQu\u00e9 hay realmente de m\u00ed en cada obra que hago? \u00bfEn cada canci\u00f3n? \u00bfQu\u00e9 hay de los dem\u00e1s? Mi obra est\u00e1 llena de copias, de imitaciones, de manosear material de los dem\u00e1s y hac\u00e9rmelo m\u00edo.<\/p>\n<p>En el Teatre Romea, compartiremos por primera vez algunos secretos y \u00abdelitos\u00bb creativos que he cometido a lo largo de mi obra musical y teatral, aquellos que no queda bien decir en un programa de radio o televisi\u00f3n por miedo a ser tachado de mal artista, de poco original y aut\u00e9ntico. \u00bfD\u00f3nde comienza la copia y termina la inspiraci\u00f3n? Yo no lo s\u00e9; la audiencia ver\u00e1.\u00bb (Andreu Rif\u00e9)<\/p>\n","protected":false},"excerpt":{"rendered":"<p>En el Teatre Romea de Barcelona se presenta Confessions de un artista. El evento contar\u00e1 con la presencia de Andreu Rif\u00e9 -artista m\u00fasico y esc\u00e9nico- y Miquel Jord\u00e0 -m\u00fasico-. \u00ab\u00bfQu\u00e9 hay realmente de m\u00ed en cada obra que hago? \u00bfEn cada canci\u00f3n? \u00bfQu\u00e9 hay de los dem\u00e1s? Mi obra est\u00e1 llena de copias, de imitaciones,<a class=\"excerpt-read-more\" href=\"https:\/\/www.focus.cat\/es\/confesiones-de-un-artista\/\" title=\"LlegeixConfesiones de un artista\"> &#8230; Llegeix m\u00e9s<\/a><\/p>\n","protected":false},"author":16,"featured_media":10799,"comment_status":"closed","ping_status":"closed","sticky":false,"template":"","format":"standard","meta":{"_acf_changed":false,"inline_featured_image":false,"footnotes":""},"categories":[40],"class_list":["post-9533","post","type-post","status-publish","format-standard","has-post-thumbnail","hentry","category-fundacion-romea"],"acf":[],"yoast_head":"<!-- This site is optimized with the Yoast SEO plugin v27.5 - https:\/\/yoast.com\/product\/yoast-seo-wordpress\/ -->\n<title>Confesiones de un artista - Focus<\/title>\n<meta name=\"robots\" content=\"index, follow, max-snippet:-1, max-image-preview:large, max-video-preview:-1\" \/>\n<link rel=\"canonical\" href=\"https:\/\/www.focus.cat\/confesiones-de-un-artista\/\" \/>\n<meta property=\"og:locale\" content=\"ca_ES\" \/>\n<meta property=\"og:type\" content=\"article\" \/>\n<meta property=\"og:title\" content=\"Confesiones de un artista - Focus\" \/>\n<meta property=\"og:description\" content=\"En el Teatre Romea de Barcelona se presenta Confessions de un artista. El evento contar\u00e1 con la presencia de Andreu Rif\u00e9 -artista m\u00fasico y esc\u00e9nico- y Miquel Jord\u00e0 -m\u00fasico-. \u00ab\u00bfQu\u00e9 hay realmente de m\u00ed en cada obra que hago? \u00bfEn cada canci\u00f3n? \u00bfQu\u00e9 hay de los dem\u00e1s? Mi obra est\u00e1 llena de copias, de imitaciones, ... Llegeix m\u00e9s\" \/>\n<meta property=\"og:url\" content=\"https:\/\/www.focus.cat\/es\/confesiones-de-un-artista\/\" \/>\n<meta property=\"og:site_name\" content=\"Focus\" \/>\n<meta property=\"article:published_time\" content=\"2022-07-07T10:43:04+00:00\" \/>\n<meta property=\"og:image\" content=\"https:\/\/www.focus.cat\/wp-content\/uploads\/2022\/07\/308b1d7d-951a-2a84-ebbc-5ff938a443c4.jpg\" \/>\n\t<meta property=\"og:image:width\" content=\"640\" \/>\n\t<meta property=\"og:image:height\" content=\"360\" \/>\n\t<meta property=\"og:image:type\" content=\"image\/jpeg\" \/>\n<meta name=\"author\" content=\"Brenda Becker\" \/>\n<meta name=\"twitter:card\" content=\"summary_large_image\" \/>\n<script type=\"application\/ld+json\" class=\"yoast-schema-graph\">{\"@context\":\"https:\\\/\\\/schema.org\",\"@graph\":[{\"@type\":\"Article\",\"@id\":\"https:\\\/\\\/www.focus.cat\\\/es\\\/confesiones-de-un-artista\\\/#article\",\"isPartOf\":{\"@id\":\"https:\\\/\\\/www.focus.cat\\\/es\\\/confesiones-de-un-artista\\\/\"},\"author\":{\"name\":\"Brenda Becker\",\"@id\":\"https:\\\/\\\/www.focus.cat\\\/#\\\/schema\\\/person\\\/45cbcf79c7b3047ca01818c50e607a32\"},\"headline\":\"Confesiones de un artista\",\"datePublished\":\"2022-07-07T10:43:04+00:00\",\"mainEntityOfPage\":{\"@id\":\"https:\\\/\\\/www.focus.cat\\\/es\\\/confesiones-de-un-artista\\\/\"},\"wordCount\":148,\"publisher\":{\"@id\":\"https:\\\/\\\/www.focus.cat\\\/#organization\"},\"image\":{\"@id\":\"https:\\\/\\\/www.focus.cat\\\/es\\\/confesiones-de-un-artista\\\/#primaryimage\"},\"thumbnailUrl\":\"https:\\\/\\\/www.focus.cat\\\/wp-content\\\/uploads\\\/2022\\\/07\\\/308b1d7d-951a-2a84-ebbc-5ff938a443c4.jpg\",\"articleSection\":[\"Fundaci\u00f3n Romea\"],\"inLanguage\":\"ca\"},{\"@type\":\"WebPage\",\"@id\":\"https:\\\/\\\/www.focus.cat\\\/es\\\/confesiones-de-un-artista\\\/\",\"url\":\"https:\\\/\\\/www.focus.cat\\\/es\\\/confesiones-de-un-artista\\\/\",\"name\":\"Confesiones de un artista - Focus\",\"isPartOf\":{\"@id\":\"https:\\\/\\\/www.focus.cat\\\/#website\"},\"primaryImageOfPage\":{\"@id\":\"https:\\\/\\\/www.focus.cat\\\/es\\\/confesiones-de-un-artista\\\/#primaryimage\"},\"image\":{\"@id\":\"https:\\\/\\\/www.focus.cat\\\/es\\\/confesiones-de-un-artista\\\/#primaryimage\"},\"thumbnailUrl\":\"https:\\\/\\\/www.focus.cat\\\/wp-content\\\/uploads\\\/2022\\\/07\\\/308b1d7d-951a-2a84-ebbc-5ff938a443c4.jpg\",\"datePublished\":\"2022-07-07T10:43:04+00:00\",\"inLanguage\":\"ca\",\"potentialAction\":[{\"@type\":\"ReadAction\",\"target\":[\"https:\\\/\\\/www.focus.cat\\\/es\\\/confesiones-de-un-artista\\\/\"]}]},{\"@type\":\"ImageObject\",\"inLanguage\":\"ca\",\"@id\":\"https:\\\/\\\/www.focus.cat\\\/es\\\/confesiones-de-un-artista\\\/#primaryimage\",\"url\":\"https:\\\/\\\/www.focus.cat\\\/wp-content\\\/uploads\\\/2022\\\/07\\\/308b1d7d-951a-2a84-ebbc-5ff938a443c4.jpg\",\"contentUrl\":\"https:\\\/\\\/www.focus.cat\\\/wp-content\\\/uploads\\\/2022\\\/07\\\/308b1d7d-951a-2a84-ebbc-5ff938a443c4.jpg\",\"width\":640,\"height\":360},{\"@type\":\"WebSite\",\"@id\":\"https:\\\/\\\/www.focus.cat\\\/#website\",\"url\":\"https:\\\/\\\/www.focus.cat\\\/\",\"name\":\"Focus\",\"description\":\"\",\"publisher\":{\"@id\":\"https:\\\/\\\/www.focus.cat\\\/#organization\"},\"potentialAction\":[{\"@type\":\"SearchAction\",\"target\":{\"@type\":\"EntryPoint\",\"urlTemplate\":\"https:\\\/\\\/www.focus.cat\\\/?s={search_term_string}\"},\"query-input\":{\"@type\":\"PropertyValueSpecification\",\"valueRequired\":true,\"valueName\":\"search_term_string\"}}],\"inLanguage\":\"ca\"},{\"@type\":\"Organization\",\"@id\":\"https:\\\/\\\/www.focus.cat\\\/#organization\",\"name\":\"Focus\",\"url\":\"https:\\\/\\\/www.focus.cat\\\/\",\"logo\":{\"@type\":\"ImageObject\",\"inLanguage\":\"ca\",\"@id\":\"https:\\\/\\\/www.focus.cat\\\/#\\\/schema\\\/logo\\\/image\\\/\",\"url\":\"https:\\\/\\\/www.focus.cat\\\/wp-content\\\/uploads\\\/2022\\\/01\\\/logo-focus-any-35.svg\",\"contentUrl\":\"https:\\\/\\\/www.focus.cat\\\/wp-content\\\/uploads\\\/2022\\\/01\\\/logo-focus-any-35.svg\",\"width\":1,\"height\":1,\"caption\":\"Focus\"},\"image\":{\"@id\":\"https:\\\/\\\/www.focus.cat\\\/#\\\/schema\\\/logo\\\/image\\\/\"}},{\"@type\":\"Person\",\"@id\":\"https:\\\/\\\/www.focus.cat\\\/#\\\/schema\\\/person\\\/45cbcf79c7b3047ca01818c50e607a32\",\"name\":\"Brenda Becker\",\"image\":{\"@type\":\"ImageObject\",\"inLanguage\":\"ca\",\"@id\":\"https:\\\/\\\/secure.gravatar.com\\\/avatar\\\/bf45b1ffca36f0e2b6cbeb689cead579b5275b1489889a25ac0e66115dfb28c7?s=96&d=mm&r=g\",\"url\":\"https:\\\/\\\/secure.gravatar.com\\\/avatar\\\/bf45b1ffca36f0e2b6cbeb689cead579b5275b1489889a25ac0e66115dfb28c7?s=96&d=mm&r=g\",\"contentUrl\":\"https:\\\/\\\/secure.gravatar.com\\\/avatar\\\/bf45b1ffca36f0e2b6cbeb689cead579b5275b1489889a25ac0e66115dfb28c7?s=96&d=mm&r=g\",\"caption\":\"Brenda Becker\"},\"url\":\"https:\\\/\\\/www.focus.cat\\\/author\\\/brenda-becker\\\/\"}]}<\/script>\n<!-- \/ Yoast SEO plugin. -->","yoast_head_json":{"title":"Confesiones de un artista - Focus","robots":{"index":"index","follow":"follow","max-snippet":"max-snippet:-1","max-image-preview":"max-image-preview:large","max-video-preview":"max-video-preview:-1"},"canonical":"https:\/\/www.focus.cat\/confesiones-de-un-artista\/","og_locale":"ca_ES","og_type":"article","og_title":"Confesiones de un artista - Focus","og_description":"En el Teatre Romea de Barcelona se presenta Confessions de un artista. El evento contar\u00e1 con la presencia de Andreu Rif\u00e9 -artista m\u00fasico y esc\u00e9nico- y Miquel Jord\u00e0 -m\u00fasico-. \u00ab\u00bfQu\u00e9 hay realmente de m\u00ed en cada obra que hago? \u00bfEn cada canci\u00f3n? \u00bfQu\u00e9 hay de los dem\u00e1s? Mi obra est\u00e1 llena de copias, de imitaciones, ... Llegeix m\u00e9s","og_url":"https:\/\/www.focus.cat\/es\/confesiones-de-un-artista\/","og_site_name":"Focus","article_published_time":"2022-07-07T10:43:04+00:00","og_image":[{"width":640,"height":360,"url":"https:\/\/www.focus.cat\/wp-content\/uploads\/2022\/07\/308b1d7d-951a-2a84-ebbc-5ff938a443c4.jpg","type":"image\/jpeg"}],"author":"Brenda Becker","twitter_card":"summary_large_image","schema":{"@context":"https:\/\/schema.org","@graph":[{"@type":"Article","@id":"https:\/\/www.focus.cat\/es\/confesiones-de-un-artista\/#article","isPartOf":{"@id":"https:\/\/www.focus.cat\/es\/confesiones-de-un-artista\/"},"author":{"name":"Brenda Becker","@id":"https:\/\/www.focus.cat\/#\/schema\/person\/45cbcf79c7b3047ca01818c50e607a32"},"headline":"Confesiones de un artista","datePublished":"2022-07-07T10:43:04+00:00","mainEntityOfPage":{"@id":"https:\/\/www.focus.cat\/es\/confesiones-de-un-artista\/"},"wordCount":148,"publisher":{"@id":"https:\/\/www.focus.cat\/#organization"},"image":{"@id":"https:\/\/www.focus.cat\/es\/confesiones-de-un-artista\/#primaryimage"},"thumbnailUrl":"https:\/\/www.focus.cat\/wp-content\/uploads\/2022\/07\/308b1d7d-951a-2a84-ebbc-5ff938a443c4.jpg","articleSection":["Fundaci\u00f3n Romea"],"inLanguage":"ca"},{"@type":"WebPage","@id":"https:\/\/www.focus.cat\/es\/confesiones-de-un-artista\/","url":"https:\/\/www.focus.cat\/es\/confesiones-de-un-artista\/","name":"Confesiones de un artista - Focus","isPartOf":{"@id":"https:\/\/www.focus.cat\/#website"},"primaryImageOfPage":{"@id":"https:\/\/www.focus.cat\/es\/confesiones-de-un-artista\/#primaryimage"},"image":{"@id":"https:\/\/www.focus.cat\/es\/confesiones-de-un-artista\/#primaryimage"},"thumbnailUrl":"https:\/\/www.focus.cat\/wp-content\/uploads\/2022\/07\/308b1d7d-951a-2a84-ebbc-5ff938a443c4.jpg","datePublished":"2022-07-07T10:43:04+00:00","inLanguage":"ca","potentialAction":[{"@type":"ReadAction","target":["https:\/\/www.focus.cat\/es\/confesiones-de-un-artista\/"]}]},{"@type":"ImageObject","inLanguage":"ca","@id":"https:\/\/www.focus.cat\/es\/confesiones-de-un-artista\/#primaryimage","url":"https:\/\/www.focus.cat\/wp-content\/uploads\/2022\/07\/308b1d7d-951a-2a84-ebbc-5ff938a443c4.jpg","contentUrl":"https:\/\/www.focus.cat\/wp-content\/uploads\/2022\/07\/308b1d7d-951a-2a84-ebbc-5ff938a443c4.jpg","width":640,"height":360},{"@type":"WebSite","@id":"https:\/\/www.focus.cat\/#website","url":"https:\/\/www.focus.cat\/","name":"Focus","description":"","publisher":{"@id":"https:\/\/www.focus.cat\/#organization"},"potentialAction":[{"@type":"SearchAction","target":{"@type":"EntryPoint","urlTemplate":"https:\/\/www.focus.cat\/?s={search_term_string}"},"query-input":{"@type":"PropertyValueSpecification","valueRequired":true,"valueName":"search_term_string"}}],"inLanguage":"ca"},{"@type":"Organization","@id":"https:\/\/www.focus.cat\/#organization","name":"Focus","url":"https:\/\/www.focus.cat\/","logo":{"@type":"ImageObject","inLanguage":"ca","@id":"https:\/\/www.focus.cat\/#\/schema\/logo\/image\/","url":"https:\/\/www.focus.cat\/wp-content\/uploads\/2022\/01\/logo-focus-any-35.svg","contentUrl":"https:\/\/www.focus.cat\/wp-content\/uploads\/2022\/01\/logo-focus-any-35.svg","width":1,"height":1,"caption":"Focus"},"image":{"@id":"https:\/\/www.focus.cat\/#\/schema\/logo\/image\/"}},{"@type":"Person","@id":"https:\/\/www.focus.cat\/#\/schema\/person\/45cbcf79c7b3047ca01818c50e607a32","name":"Brenda Becker","image":{"@type":"ImageObject","inLanguage":"ca","@id":"https:\/\/secure.gravatar.com\/avatar\/bf45b1ffca36f0e2b6cbeb689cead579b5275b1489889a25ac0e66115dfb28c7?s=96&d=mm&r=g","url":"https:\/\/secure.gravatar.com\/avatar\/bf45b1ffca36f0e2b6cbeb689cead579b5275b1489889a25ac0e66115dfb28c7?s=96&d=mm&r=g","contentUrl":"https:\/\/secure.gravatar.com\/avatar\/bf45b1ffca36f0e2b6cbeb689cead579b5275b1489889a25ac0e66115dfb28c7?s=96&d=mm&r=g","caption":"Brenda Becker"},"url":"https:\/\/www.focus.cat\/author\/brenda-becker\/"}]}},"_links":{"self":[{"href":"https:\/\/www.focus.cat\/wp-json\/wp\/v2\/posts\/9533","targetHints":{"allow":["GET"]}}],"collection":[{"href":"https:\/\/www.focus.cat\/wp-json\/wp\/v2\/posts"}],"about":[{"href":"https:\/\/www.focus.cat\/wp-json\/wp\/v2\/types\/post"}],"author":[{"embeddable":true,"href":"https:\/\/www.focus.cat\/wp-json\/wp\/v2\/users\/16"}],"replies":[{"embeddable":true,"href":"https:\/\/www.focus.cat\/wp-json\/wp\/v2\/comments?post=9533"}],"version-history":[{"count":0,"href":"https:\/\/www.focus.cat\/wp-json\/wp\/v2\/posts\/9533\/revisions"}],"wp:featuredmedia":[{"embeddable":true,"href":"https:\/\/www.focus.cat\/wp-json\/wp\/v2\/media\/10799"}],"wp:attachment":[{"href":"https:\/\/www.focus.cat\/wp-json\/wp\/v2\/media?parent=9533"}],"wp:term":[{"taxonomy":"category","embeddable":true,"href":"https:\/\/www.focus.cat\/wp-json\/wp\/v2\/categories?post=9533"}],"curies":[{"name":"wp","href":"https:\/\/api.w.org\/{rel}","templated":true}]}}