{"id":9917,"date":"2022-07-28T14:13:28","date_gmt":"2022-07-28T14:13:28","guid":{"rendered":"https:\/\/www.focus.cat\/?p=9917"},"modified":"2022-07-28T14:13:28","modified_gmt":"2022-07-28T14:13:28","slug":"la-division-de-servicios-tecnicos-estrena-nueva-sede-de-mas-de-5-000m2","status":"publish","type":"post","link":"https:\/\/www.focus.cat\/es\/la-division-de-servicios-tecnicos-estrena-nueva-sede-de-mas-de-5-000m2\/","title":{"rendered":"La divisi\u00f3n de Servicios T\u00e9cnicos estrena nueva sede de m\u00e1s de 5.000m2"},"content":{"rendered":"<p>El pasado mes de junio inauguramos la nueva sede de Serveis T\u00e8cnics, una nave situada en el barrio de la Verneda de Barcelona.<br \/>\nUn espacio de 5000m2 que alberga las oficinas de toda la divisi\u00f3n y que abarca las secciones de iluminaci\u00f3n, sonido y escenarios, as\u00ed como toda secci\u00f3n log\u00edstica teatral de escenograf\u00edas, vestuario y atrezzo.<\/p>\n<p><img decoding=\"async\" class=\"alignnone size-large wp-image-9915\" src=\"https:\/\/www.focus.cat\/wp-content\/uploads\/2022\/07\/8ee38d79-49d3-d036-2896-40ab214f53a4-1124x705.jpg\" alt=\"\" width=\"1024\" height=\"642\" srcset=\"https:\/\/www.focus.cat\/wp-content\/uploads\/2022\/07\/8ee38d79-49d3-d036-2896-40ab214f53a4-1124x705.jpg 1124w, https:\/\/www.focus.cat\/wp-content\/uploads\/2022\/07\/8ee38d79-49d3-d036-2896-40ab214f53a4-300x188.jpg 300w, https:\/\/www.focus.cat\/wp-content\/uploads\/2022\/07\/8ee38d79-49d3-d036-2896-40ab214f53a4-150x94.jpg 150w, https:\/\/www.focus.cat\/wp-content\/uploads\/2022\/07\/8ee38d79-49d3-d036-2896-40ab214f53a4-800x502.jpg 800w, https:\/\/www.focus.cat\/wp-content\/uploads\/2022\/07\/8ee38d79-49d3-d036-2896-40ab214f53a4-1536x964.jpg 1536w, https:\/\/www.focus.cat\/wp-content\/uploads\/2022\/07\/8ee38d79-49d3-d036-2896-40ab214f53a4-2048x1285.jpg 2048w, https:\/\/www.focus.cat\/wp-content\/uploads\/2022\/07\/8ee38d79-49d3-d036-2896-40ab214f53a4-1500x941.jpg 1500w\" sizes=\"(max-width: 1024px) 100vw, 1024px\" \/><\/p>\n","protected":false},"excerpt":{"rendered":"<p>El pasado mes de junio inauguramos la nueva sede de Serveis T\u00e8cnics, una nave situada en el barrio de la Verneda de Barcelona. Un espacio de 5000m2 que alberga las oficinas de toda la divisi\u00f3n y que abarca las secciones de iluminaci\u00f3n, sonido y escenarios, as\u00ed como toda secci\u00f3n log\u00edstica teatral de escenograf\u00edas, vestuario y<a class=\"excerpt-read-more\" href=\"https:\/\/www.focus.cat\/es\/la-division-de-servicios-tecnicos-estrena-nueva-sede-de-mas-de-5-000m2\/\" title=\"LlegeixLa divisi\u00f3n de Servicios T\u00e9cnicos estrena nueva sede de m\u00e1s de 5.000m2\"> &#8230; Llegeix m\u00e9s<\/a><\/p>\n","protected":false},"author":16,"featured_media":9915,"comment_status":"closed","ping_status":"closed","sticky":false,"template":"","format":"standard","meta":{"_acf_changed":false,"inline_featured_image":false,"footnotes":""},"categories":[4],"class_list":["post-9917","post","type-post","status-publish","format-standard","has-post-thumbnail","hentry","category-noticias"],"acf":[],"yoast_head":"<!-- This site is optimized with the Yoast SEO plugin v27.5 - https:\/\/yoast.com\/product\/yoast-seo-wordpress\/ -->\n<title>La divisi\u00f3n de Servicios T\u00e9cnicos estrena nueva sede de m\u00e1s de 5.000m2 - Focus<\/title>\n<meta name=\"robots\" content=\"index, follow, max-snippet:-1, max-image-preview:large, max-video-preview:-1\" \/>\n<link rel=\"canonical\" href=\"https:\/\/www.focus.cat\/la-division-de-servicios-tecnicos-estrena-nueva-sede-de-mas-de-5-000m2\/\" \/>\n<meta property=\"og:locale\" content=\"ca_ES\" \/>\n<meta property=\"og:type\" content=\"article\" \/>\n<meta property=\"og:title\" content=\"La divisi\u00f3n de Servicios T\u00e9cnicos estrena nueva sede de m\u00e1s de 5.000m2 - Focus\" \/>\n<meta property=\"og:description\" content=\"El pasado mes de junio inauguramos la nueva sede de Serveis T\u00e8cnics, una nave situada en el barrio de la Verneda de Barcelona. Un espacio de 5000m2 que alberga las oficinas de toda la divisi\u00f3n y que abarca las secciones de iluminaci\u00f3n, sonido y escenarios, as\u00ed como toda secci\u00f3n log\u00edstica teatral de escenograf\u00edas, vestuario y ... Llegeix m\u00e9s\" \/>\n<meta property=\"og:url\" content=\"https:\/\/www.focus.cat\/es\/la-division-de-servicios-tecnicos-estrena-nueva-sede-de-mas-de-5-000m2\/\" \/>\n<meta property=\"og:site_name\" content=\"Focus\" \/>\n<meta property=\"article:published_time\" content=\"2022-07-28T14:13:28+00:00\" \/>\n<meta property=\"og:image\" content=\"https:\/\/www.focus.cat\/wp-content\/uploads\/2022\/07\/8ee38d79-49d3-d036-2896-40ab214f53a4-scaled.jpg\" \/>\n\t<meta property=\"og:image:width\" content=\"2560\" \/>\n\t<meta property=\"og:image:height\" content=\"1607\" \/>\n\t<meta property=\"og:image:type\" content=\"image\/jpeg\" \/>\n<meta name=\"author\" content=\"Brenda Becker\" \/>\n<meta name=\"twitter:card\" content=\"summary_large_image\" \/>\n<script type=\"application\/ld+json\" class=\"yoast-schema-graph\">{\"@context\":\"https:\\\/\\\/schema.org\",\"@graph\":[{\"@type\":\"Article\",\"@id\":\"https:\\\/\\\/www.focus.cat\\\/es\\\/la-division-de-servicios-tecnicos-estrena-nueva-sede-de-mas-de-5-000m2\\\/#article\",\"isPartOf\":{\"@id\":\"https:\\\/\\\/www.focus.cat\\\/es\\\/la-division-de-servicios-tecnicos-estrena-nueva-sede-de-mas-de-5-000m2\\\/\"},\"author\":{\"name\":\"Brenda Becker\",\"@id\":\"https:\\\/\\\/www.focus.cat\\\/#\\\/schema\\\/person\\\/45cbcf79c7b3047ca01818c50e607a32\"},\"headline\":\"La divisi\u00f3n de Servicios T\u00e9cnicos estrena nueva sede de m\u00e1s de 5.000m2\",\"datePublished\":\"2022-07-28T14:13:28+00:00\",\"mainEntityOfPage\":{\"@id\":\"https:\\\/\\\/www.focus.cat\\\/es\\\/la-division-de-servicios-tecnicos-estrena-nueva-sede-de-mas-de-5-000m2\\\/\"},\"wordCount\":77,\"publisher\":{\"@id\":\"https:\\\/\\\/www.focus.cat\\\/#organization\"},\"image\":{\"@id\":\"https:\\\/\\\/www.focus.cat\\\/es\\\/la-division-de-servicios-tecnicos-estrena-nueva-sede-de-mas-de-5-000m2\\\/#primaryimage\"},\"thumbnailUrl\":\"https:\\\/\\\/www.focus.cat\\\/wp-content\\\/uploads\\\/2022\\\/07\\\/8ee38d79-49d3-d036-2896-40ab214f53a4-scaled.jpg\",\"articleSection\":[\"Noticias\"],\"inLanguage\":\"ca\"},{\"@type\":\"WebPage\",\"@id\":\"https:\\\/\\\/www.focus.cat\\\/es\\\/la-division-de-servicios-tecnicos-estrena-nueva-sede-de-mas-de-5-000m2\\\/\",\"url\":\"https:\\\/\\\/www.focus.cat\\\/es\\\/la-division-de-servicios-tecnicos-estrena-nueva-sede-de-mas-de-5-000m2\\\/\",\"name\":\"La divisi\u00f3n de Servicios T\u00e9cnicos estrena nueva sede de m\u00e1s de 5.000m2 - Focus\",\"isPartOf\":{\"@id\":\"https:\\\/\\\/www.focus.cat\\\/#website\"},\"primaryImageOfPage\":{\"@id\":\"https:\\\/\\\/www.focus.cat\\\/es\\\/la-division-de-servicios-tecnicos-estrena-nueva-sede-de-mas-de-5-000m2\\\/#primaryimage\"},\"image\":{\"@id\":\"https:\\\/\\\/www.focus.cat\\\/es\\\/la-division-de-servicios-tecnicos-estrena-nueva-sede-de-mas-de-5-000m2\\\/#primaryimage\"},\"thumbnailUrl\":\"https:\\\/\\\/www.focus.cat\\\/wp-content\\\/uploads\\\/2022\\\/07\\\/8ee38d79-49d3-d036-2896-40ab214f53a4-scaled.jpg\",\"datePublished\":\"2022-07-28T14:13:28+00:00\",\"inLanguage\":\"ca\",\"potentialAction\":[{\"@type\":\"ReadAction\",\"target\":[\"https:\\\/\\\/www.focus.cat\\\/es\\\/la-division-de-servicios-tecnicos-estrena-nueva-sede-de-mas-de-5-000m2\\\/\"]}]},{\"@type\":\"ImageObject\",\"inLanguage\":\"ca\",\"@id\":\"https:\\\/\\\/www.focus.cat\\\/es\\\/la-division-de-servicios-tecnicos-estrena-nueva-sede-de-mas-de-5-000m2\\\/#primaryimage\",\"url\":\"https:\\\/\\\/www.focus.cat\\\/wp-content\\\/uploads\\\/2022\\\/07\\\/8ee38d79-49d3-d036-2896-40ab214f53a4-scaled.jpg\",\"contentUrl\":\"https:\\\/\\\/www.focus.cat\\\/wp-content\\\/uploads\\\/2022\\\/07\\\/8ee38d79-49d3-d036-2896-40ab214f53a4-scaled.jpg\",\"width\":2560,\"height\":1607},{\"@type\":\"WebSite\",\"@id\":\"https:\\\/\\\/www.focus.cat\\\/#website\",\"url\":\"https:\\\/\\\/www.focus.cat\\\/\",\"name\":\"Focus\",\"description\":\"\",\"publisher\":{\"@id\":\"https:\\\/\\\/www.focus.cat\\\/#organization\"},\"potentialAction\":[{\"@type\":\"SearchAction\",\"target\":{\"@type\":\"EntryPoint\",\"urlTemplate\":\"https:\\\/\\\/www.focus.cat\\\/?s={search_term_string}\"},\"query-input\":{\"@type\":\"PropertyValueSpecification\",\"valueRequired\":true,\"valueName\":\"search_term_string\"}}],\"inLanguage\":\"ca\"},{\"@type\":\"Organization\",\"@id\":\"https:\\\/\\\/www.focus.cat\\\/#organization\",\"name\":\"Focus\",\"url\":\"https:\\\/\\\/www.focus.cat\\\/\",\"logo\":{\"@type\":\"ImageObject\",\"inLanguage\":\"ca\",\"@id\":\"https:\\\/\\\/www.focus.cat\\\/#\\\/schema\\\/logo\\\/image\\\/\",\"url\":\"https:\\\/\\\/www.focus.cat\\\/wp-content\\\/uploads\\\/2022\\\/01\\\/logo-focus-any-35.svg\",\"contentUrl\":\"https:\\\/\\\/www.focus.cat\\\/wp-content\\\/uploads\\\/2022\\\/01\\\/logo-focus-any-35.svg\",\"width\":1,\"height\":1,\"caption\":\"Focus\"},\"image\":{\"@id\":\"https:\\\/\\\/www.focus.cat\\\/#\\\/schema\\\/logo\\\/image\\\/\"}},{\"@type\":\"Person\",\"@id\":\"https:\\\/\\\/www.focus.cat\\\/#\\\/schema\\\/person\\\/45cbcf79c7b3047ca01818c50e607a32\",\"name\":\"Brenda Becker\",\"image\":{\"@type\":\"ImageObject\",\"inLanguage\":\"ca\",\"@id\":\"https:\\\/\\\/secure.gravatar.com\\\/avatar\\\/bf45b1ffca36f0e2b6cbeb689cead579b5275b1489889a25ac0e66115dfb28c7?s=96&d=mm&r=g\",\"url\":\"https:\\\/\\\/secure.gravatar.com\\\/avatar\\\/bf45b1ffca36f0e2b6cbeb689cead579b5275b1489889a25ac0e66115dfb28c7?s=96&d=mm&r=g\",\"contentUrl\":\"https:\\\/\\\/secure.gravatar.com\\\/avatar\\\/bf45b1ffca36f0e2b6cbeb689cead579b5275b1489889a25ac0e66115dfb28c7?s=96&d=mm&r=g\",\"caption\":\"Brenda Becker\"},\"url\":\"https:\\\/\\\/www.focus.cat\\\/author\\\/brenda-becker\\\/\"}]}<\/script>\n<!-- \/ Yoast SEO plugin. -->","yoast_head_json":{"title":"La divisi\u00f3n de Servicios T\u00e9cnicos estrena nueva sede de m\u00e1s de 5.000m2 - Focus","robots":{"index":"index","follow":"follow","max-snippet":"max-snippet:-1","max-image-preview":"max-image-preview:large","max-video-preview":"max-video-preview:-1"},"canonical":"https:\/\/www.focus.cat\/la-division-de-servicios-tecnicos-estrena-nueva-sede-de-mas-de-5-000m2\/","og_locale":"ca_ES","og_type":"article","og_title":"La divisi\u00f3n de Servicios T\u00e9cnicos estrena nueva sede de m\u00e1s de 5.000m2 - Focus","og_description":"El pasado mes de junio inauguramos la nueva sede de Serveis T\u00e8cnics, una nave situada en el barrio de la Verneda de Barcelona. Un espacio de 5000m2 que alberga las oficinas de toda la divisi\u00f3n y que abarca las secciones de iluminaci\u00f3n, sonido y escenarios, as\u00ed como toda secci\u00f3n log\u00edstica teatral de escenograf\u00edas, vestuario y ... Llegeix m\u00e9s","og_url":"https:\/\/www.focus.cat\/es\/la-division-de-servicios-tecnicos-estrena-nueva-sede-de-mas-de-5-000m2\/","og_site_name":"Focus","article_published_time":"2022-07-28T14:13:28+00:00","og_image":[{"width":2560,"height":1607,"url":"https:\/\/www.focus.cat\/wp-content\/uploads\/2022\/07\/8ee38d79-49d3-d036-2896-40ab214f53a4-scaled.jpg","type":"image\/jpeg"}],"author":"Brenda Becker","twitter_card":"summary_large_image","schema":{"@context":"https:\/\/schema.org","@graph":[{"@type":"Article","@id":"https:\/\/www.focus.cat\/es\/la-division-de-servicios-tecnicos-estrena-nueva-sede-de-mas-de-5-000m2\/#article","isPartOf":{"@id":"https:\/\/www.focus.cat\/es\/la-division-de-servicios-tecnicos-estrena-nueva-sede-de-mas-de-5-000m2\/"},"author":{"name":"Brenda Becker","@id":"https:\/\/www.focus.cat\/#\/schema\/person\/45cbcf79c7b3047ca01818c50e607a32"},"headline":"La divisi\u00f3n de Servicios T\u00e9cnicos estrena nueva sede de m\u00e1s de 5.000m2","datePublished":"2022-07-28T14:13:28+00:00","mainEntityOfPage":{"@id":"https:\/\/www.focus.cat\/es\/la-division-de-servicios-tecnicos-estrena-nueva-sede-de-mas-de-5-000m2\/"},"wordCount":77,"publisher":{"@id":"https:\/\/www.focus.cat\/#organization"},"image":{"@id":"https:\/\/www.focus.cat\/es\/la-division-de-servicios-tecnicos-estrena-nueva-sede-de-mas-de-5-000m2\/#primaryimage"},"thumbnailUrl":"https:\/\/www.focus.cat\/wp-content\/uploads\/2022\/07\/8ee38d79-49d3-d036-2896-40ab214f53a4-scaled.jpg","articleSection":["Noticias"],"inLanguage":"ca"},{"@type":"WebPage","@id":"https:\/\/www.focus.cat\/es\/la-division-de-servicios-tecnicos-estrena-nueva-sede-de-mas-de-5-000m2\/","url":"https:\/\/www.focus.cat\/es\/la-division-de-servicios-tecnicos-estrena-nueva-sede-de-mas-de-5-000m2\/","name":"La divisi\u00f3n de Servicios T\u00e9cnicos estrena nueva sede de m\u00e1s de 5.000m2 - Focus","isPartOf":{"@id":"https:\/\/www.focus.cat\/#website"},"primaryImageOfPage":{"@id":"https:\/\/www.focus.cat\/es\/la-division-de-servicios-tecnicos-estrena-nueva-sede-de-mas-de-5-000m2\/#primaryimage"},"image":{"@id":"https:\/\/www.focus.cat\/es\/la-division-de-servicios-tecnicos-estrena-nueva-sede-de-mas-de-5-000m2\/#primaryimage"},"thumbnailUrl":"https:\/\/www.focus.cat\/wp-content\/uploads\/2022\/07\/8ee38d79-49d3-d036-2896-40ab214f53a4-scaled.jpg","datePublished":"2022-07-28T14:13:28+00:00","inLanguage":"ca","potentialAction":[{"@type":"ReadAction","target":["https:\/\/www.focus.cat\/es\/la-division-de-servicios-tecnicos-estrena-nueva-sede-de-mas-de-5-000m2\/"]}]},{"@type":"ImageObject","inLanguage":"ca","@id":"https:\/\/www.focus.cat\/es\/la-division-de-servicios-tecnicos-estrena-nueva-sede-de-mas-de-5-000m2\/#primaryimage","url":"https:\/\/www.focus.cat\/wp-content\/uploads\/2022\/07\/8ee38d79-49d3-d036-2896-40ab214f53a4-scaled.jpg","contentUrl":"https:\/\/www.focus.cat\/wp-content\/uploads\/2022\/07\/8ee38d79-49d3-d036-2896-40ab214f53a4-scaled.jpg","width":2560,"height":1607},{"@type":"WebSite","@id":"https:\/\/www.focus.cat\/#website","url":"https:\/\/www.focus.cat\/","name":"Focus","description":"","publisher":{"@id":"https:\/\/www.focus.cat\/#organization"},"potentialAction":[{"@type":"SearchAction","target":{"@type":"EntryPoint","urlTemplate":"https:\/\/www.focus.cat\/?s={search_term_string}"},"query-input":{"@type":"PropertyValueSpecification","valueRequired":true,"valueName":"search_term_string"}}],"inLanguage":"ca"},{"@type":"Organization","@id":"https:\/\/www.focus.cat\/#organization","name":"Focus","url":"https:\/\/www.focus.cat\/","logo":{"@type":"ImageObject","inLanguage":"ca","@id":"https:\/\/www.focus.cat\/#\/schema\/logo\/image\/","url":"https:\/\/www.focus.cat\/wp-content\/uploads\/2022\/01\/logo-focus-any-35.svg","contentUrl":"https:\/\/www.focus.cat\/wp-content\/uploads\/2022\/01\/logo-focus-any-35.svg","width":1,"height":1,"caption":"Focus"},"image":{"@id":"https:\/\/www.focus.cat\/#\/schema\/logo\/image\/"}},{"@type":"Person","@id":"https:\/\/www.focus.cat\/#\/schema\/person\/45cbcf79c7b3047ca01818c50e607a32","name":"Brenda Becker","image":{"@type":"ImageObject","inLanguage":"ca","@id":"https:\/\/secure.gravatar.com\/avatar\/bf45b1ffca36f0e2b6cbeb689cead579b5275b1489889a25ac0e66115dfb28c7?s=96&d=mm&r=g","url":"https:\/\/secure.gravatar.com\/avatar\/bf45b1ffca36f0e2b6cbeb689cead579b5275b1489889a25ac0e66115dfb28c7?s=96&d=mm&r=g","contentUrl":"https:\/\/secure.gravatar.com\/avatar\/bf45b1ffca36f0e2b6cbeb689cead579b5275b1489889a25ac0e66115dfb28c7?s=96&d=mm&r=g","caption":"Brenda Becker"},"url":"https:\/\/www.focus.cat\/author\/brenda-becker\/"}]}},"_links":{"self":[{"href":"https:\/\/www.focus.cat\/wp-json\/wp\/v2\/posts\/9917","targetHints":{"allow":["GET"]}}],"collection":[{"href":"https:\/\/www.focus.cat\/wp-json\/wp\/v2\/posts"}],"about":[{"href":"https:\/\/www.focus.cat\/wp-json\/wp\/v2\/types\/post"}],"author":[{"embeddable":true,"href":"https:\/\/www.focus.cat\/wp-json\/wp\/v2\/users\/16"}],"replies":[{"embeddable":true,"href":"https:\/\/www.focus.cat\/wp-json\/wp\/v2\/comments?post=9917"}],"version-history":[{"count":0,"href":"https:\/\/www.focus.cat\/wp-json\/wp\/v2\/posts\/9917\/revisions"}],"wp:featuredmedia":[{"embeddable":true,"href":"https:\/\/www.focus.cat\/wp-json\/wp\/v2\/media\/9915"}],"wp:attachment":[{"href":"https:\/\/www.focus.cat\/wp-json\/wp\/v2\/media?parent=9917"}],"wp:term":[{"taxonomy":"category","embeddable":true,"href":"https:\/\/www.focus.cat\/wp-json\/wp\/v2\/categories?post=9917"}],"curies":[{"name":"wp","href":"https:\/\/api.w.org\/{rel}","templated":true}]}}